{"id":16424,"date":"2019-11-01T14:54:56","date_gmt":"2019-11-01T13:54:56","guid":{"rendered":"http:\/\/www.ades-grenoble.org\/wordpress\/?p=16424"},"modified":"2019-11-01T15:18:17","modified_gmt":"2019-11-01T14:18:17","slug":"politique-politicienne-175","status":"publish","type":"post","link":"https:\/\/www.ades-grenoble.org\/wordpress\/2019\/11\/01\/politique-politicienne-175\/","title":{"rendered":"Politique politicienne"},"content":{"rendered":"\n<div class=\"wp-block-image\"><figure class=\"alignleft\"><img loading=\"lazy\" decoding=\"async\" width=\"200\" height=\"234\" src=\"http:\/\/www.ades-grenoble.org\/wordpress\/wp-content\/uploads\/2015\/01\/fou1.png\" alt=\"\" class=\"wp-image-9634\" srcset=\"https:\/\/www.ades-grenoble.org\/wordpress\/wp-content\/uploads\/2015\/01\/fou1.png 200w, https:\/\/www.ades-grenoble.org\/wordpress\/wp-content\/uploads\/2015\/01\/fou1-128x150.png 128w\" sizes=\"auto, (max-width: 200px) 100vw, 200px\" \/><\/figure><\/div>\n\n\n\n<p>L\u2019ancien maire corrompu qui\nveut revenir aux affaires n\u2019est pas content, car il croyait qu\u2019il allait\npouvoir surfer sur le fait qu\u2019il n\u2019y avait pas d\u2019avenir pour les ex-b\u00e2timents\nuniversitaires \u00e0 la Bastille (Institut Dolomieu et Institut de G\u00e9ographie\nAlpine) et qu\u2019il fallait les d\u00e9truire et cr\u00e9er un beau parc \u00e9cologique \u00e0 la\nsauce Carignon. Il oubliait qu\u2019ils appartiennent \u00e0 des priv\u00e9s et que notre\nConstitution d\u00e9fend la propri\u00e9t\u00e9 priv\u00e9e. Mais les contraintes de la loi ne lui\nfont pas peur\u2026 Pas de chance l\u2019Institut Dolomieu va \u00eatre totalement r\u00e9nov\u00e9 et\ntransform\u00e9 en r\u00e9sidence h\u00f4teli\u00e8re\u2026 Sa proposition \u00ab&nbsp;bidon&nbsp;\u00bb est\ntomb\u00e9e \u00e0 l\u2019eau. Il peut se consoler, l\u2019extr\u00eame droite lui propose un \u00e9ventuel\naccord au deuxi\u00e8me tour des municipales \u00e0 Grenoble, comme quoi, qui se\nressemble, s\u2019assemble&nbsp;!<\/p>\n\n\n<hr>\n\n\n<p>La liste \u00ab\u00a0gauche-droite\u00a0\u00bb pilot\u00e9e par O. Noblecourt se lance dans des propositions hasardeuses pour la tarification de certains services publics\u00a0comme le gaz et l\u2019\u00e9lectricit\u00e9 en essayant de calquer ce qui se fait sur l\u2019eau\u2026 Elle propose \u00ab\u00a0<em>un panier de services publics \u00e0 bas co\u00fbts\u2026 d\u00e8s que la note d\u00e9passerait les 3% des revenus pour une famille dans la pr\u00e9carit\u00e9, la collectivit\u00e9 pourrait prendre en charge le d\u00e9passement. Ce panier serait une mesure innovante pour lutter contre les in\u00e9galit\u00e9s sociales\u00a0\u00bb. <\/em>Mais c\u2019est interdit !!! La loi l\u2019autorise pour l\u2019eau, pour les transports en commun mais pas pour le gaz, l\u2019\u00e9lectricit\u00e9 et le chauffage urbain. Il n\u2019y a pas de tarification sociale pour l\u2019\u00e9nergie, il y a le ch\u00e8que \u00e9nergie (voir <a href=\"https:\/\/chequeenergie.gouv.fr\/\" target=\"_blank\" rel=\"noreferrer noopener\" aria-label=\"ici\ufffc (s\u2019ouvre dans un nouvel onglet)\">ici<\/a>) mais qui ne d\u00e9pend pas de la collectivit\u00e9. Voil\u00e0 encore des vendeurs d\u2019illusions\u2026 M\u00e9fiance.<\/p>\n","protected":false},"excerpt":{"rendered":"<p>L\u2019ancien maire corrompu qui veut revenir aux affaires n\u2019est pas content, car il croyait qu\u2019il allait pouvoir surfer sur le fait qu\u2019il n\u2019y avait pas d\u2019avenir pour les ex-b\u00e2timents universitaires \u00e0 la Bastille (Institut Dolomieu et Institut de G\u00e9ographie Alpine) et qu\u2019il fallait les d\u00e9truire et cr\u00e9er un beau parc \u00e9cologique \u00e0 la sauce Carignon. [&hellip;]<\/p>\n","protected":false},"author":1,"featured_media":0,"comment_status":"closed","ping_status":"open","sticky":false,"template":"","format":"standard","meta":{"twitterCardType":"","cardImageID":0,"cardImage":"","cardTitle":"","cardDesc":"","cardImageAlt":"","cardPlayer":"","cardPlayerWidth":0,"cardPlayerHeight":0,"cardPlayerStream":"","cardPlayerCodec":"","footnotes":""},"categories":[62,11],"tags":[327,54],"class_list":["post-16424","post","type-post","status-publish","format-standard","hentry","category-le-rouge-le-vert-hebdo","category-politique-locale","tag-municipales-2020","tag-politique-droite-gauche"],"_links":{"self":[{"href":"https:\/\/www.ades-grenoble.org\/wordpress\/wp-json\/wp\/v2\/posts\/16424","targetHints":{"allow":["GET"]}}],"collection":[{"href":"https:\/\/www.ades-grenoble.org\/wordpress\/wp-json\/wp\/v2\/posts"}],"about":[{"href":"https:\/\/www.ades-grenoble.org\/wordpress\/wp-json\/wp\/v2\/types\/post"}],"author":[{"embeddable":true,"href":"https:\/\/www.ades-grenoble.org\/wordpress\/wp-json\/wp\/v2\/users\/1"}],"replies":[{"embeddable":true,"href":"https:\/\/www.ades-grenoble.org\/wordpress\/wp-json\/wp\/v2\/comments?post=16424"}],"version-history":[{"count":1,"href":"https:\/\/www.ades-grenoble.org\/wordpress\/wp-json\/wp\/v2\/posts\/16424\/revisions"}],"predecessor-version":[{"id":16425,"href":"https:\/\/www.ades-grenoble.org\/wordpress\/wp-json\/wp\/v2\/posts\/16424\/revisions\/16425"}],"wp:attachment":[{"href":"https:\/\/www.ades-grenoble.org\/wordpress\/wp-json\/wp\/v2\/media?parent=16424"}],"wp:term":[{"taxonomy":"category","embeddable":true,"href":"https:\/\/www.ades-grenoble.org\/wordpress\/wp-json\/wp\/v2\/categories?post=16424"},{"taxonomy":"post_tag","embeddable":true,"href":"https:\/\/www.ades-grenoble.org\/wordpress\/wp-json\/wp\/v2\/tags?post=16424"}],"curies":[{"name":"wp","href":"https:\/\/api.w.org\/{rel}","templated":true}]}}