{"id":16435,"date":"2019-11-01T15:13:39","date_gmt":"2019-11-01T14:13:39","guid":{"rendered":"http:\/\/www.ades-grenoble.org\/wordpress\/?p=16435"},"modified":"2019-11-01T15:25:58","modified_gmt":"2019-11-01T14:25:58","slug":"grenoble-en-commun-le-rassemblement-setoffe-pour-les-elections-municipales","status":"publish","type":"post","link":"https:\/\/www.ades-grenoble.org\/wordpress\/2019\/11\/01\/grenoble-en-commun-le-rassemblement-setoffe-pour-les-elections-municipales\/","title":{"rendered":"Grenoble en Commun, le rassemblement s\u2019\u00e9toffe pour les \u00e9lections municipales"},"content":{"rendered":"\n<div class=\"wp-block-image\"><figure class=\"alignleft\"><img loading=\"lazy\" decoding=\"async\" width=\"400\" height=\"241\" src=\"http:\/\/www.ades-grenoble.org\/wordpress\/wp-content\/uploads\/2019\/10\/grenoble-en-commun.jpg\" alt=\"\" class=\"wp-image-16307\" srcset=\"https:\/\/www.ades-grenoble.org\/wordpress\/wp-content\/uploads\/2019\/10\/grenoble-en-commun.jpg 400w, https:\/\/www.ades-grenoble.org\/wordpress\/wp-content\/uploads\/2019\/10\/grenoble-en-commun-150x90.jpg 150w, https:\/\/www.ades-grenoble.org\/wordpress\/wp-content\/uploads\/2019\/10\/grenoble-en-commun-300x181.jpg 300w\" sizes=\"auto, (max-width: 400px) 100vw, 400px\" \/><\/figure><\/div>\n\n\n\n<p>Suite \u00e0 l\u2019appel citoyen pour construire ensemble l\u2019avenir de\nGrenoble et de la m\u00e9tropole, les soutiens se multiplient pour proposer une\nliste de vaste rassemblement citoyen, de gauche, \u00e9cologiste et humaniste avec\nEric Piolle comme animateur de ce nouveau collectif. Il y a d\u00e9j\u00e0 plus de 400\ncitoyens qui ont d\u00e9clar\u00e9 publiquement leur soutien et en ce qui concerne les\norganisations politiques de plus en plus soutiens se d\u00e9clarent, le dernier en\ndate est celui de la France Insoumise qui s\u2019engage exclusivement dans cette\nnouvelle aventure, puisqu\u2019aucune autre liste ne pourra se r\u00e9clamer de son\nsoutien. On retrouve les soutiens de l\u2019ADES, du R\u00e9seau citoyen, d\u2019EELV,\nd\u2019Ensemble Grenoble M\u00e9tropole, Nouvelle Donne, G\u00e9n\u00e9ration Ecologie et d\u2019autres\norganisations vont d\u00e9cider dans les semaines qui viennent de participer \u00e0 la\nconstruction d\u2019un nouveau projet pour Grenoble et l\u2019agglom\u00e9ration.<\/p>\n\n\n<p><!--more--><\/p>\n\n\n<p>L\u2019\u00e9laboration du projet se d\u00e9roule de deux mani\u00e8res&nbsp;: collecte\ndes propositions en ligne (<em>la Fabrique en ligne<\/em>) et des propositions\nlors de r\u00e9unions publiques (<em>la Fabrique en ville<\/em>).<\/p>\n\n\n\n<p>Pour suivre la campagne de Grenoble en Commun, apporter ses propositions et son soutien voir <a href=\"https:\/\/www.grenobleencommun.fr\/\" target=\"_blank\" rel=\"noreferrer noopener\" aria-label=\"ici (s\u2019ouvre dans un nouvel onglet)\">ici<\/a>.<\/p>\n","protected":false},"excerpt":{"rendered":"<p>Suite \u00e0 l\u2019appel citoyen pour construire ensemble l\u2019avenir de Grenoble et de la m\u00e9tropole, les soutiens se multiplient pour proposer une liste de vaste rassemblement citoyen, de gauche, \u00e9cologiste et humaniste avec Eric Piolle comme animateur de ce nouveau collectif. Il y a d\u00e9j\u00e0 plus de 400 citoyens qui ont d\u00e9clar\u00e9 publiquement leur soutien et [&hellip;]<\/p>\n","protected":false},"author":1,"featured_media":0,"comment_status":"closed","ping_status":"open","sticky":false,"template":"","format":"standard","meta":{"twitterCardType":"","cardImageID":0,"cardImage":"","cardTitle":"","cardDesc":"","cardImageAlt":"","cardPlayer":"","cardPlayerWidth":0,"cardPlayerHeight":0,"cardPlayerStream":"","cardPlayerCodec":"","footnotes":""},"categories":[62,11],"tags":[333,327],"class_list":["post-16435","post","type-post","status-publish","format-standard","hentry","category-le-rouge-le-vert-hebdo","category-politique-locale","tag-grenoble-en-commun","tag-municipales-2020"],"_links":{"self":[{"href":"https:\/\/www.ades-grenoble.org\/wordpress\/wp-json\/wp\/v2\/posts\/16435","targetHints":{"allow":["GET"]}}],"collection":[{"href":"https:\/\/www.ades-grenoble.org\/wordpress\/wp-json\/wp\/v2\/posts"}],"about":[{"href":"https:\/\/www.ades-grenoble.org\/wordpress\/wp-json\/wp\/v2\/types\/post"}],"author":[{"embeddable":true,"href":"https:\/\/www.ades-grenoble.org\/wordpress\/wp-json\/wp\/v2\/users\/1"}],"replies":[{"embeddable":true,"href":"https:\/\/www.ades-grenoble.org\/wordpress\/wp-json\/wp\/v2\/comments?post=16435"}],"version-history":[{"count":1,"href":"https:\/\/www.ades-grenoble.org\/wordpress\/wp-json\/wp\/v2\/posts\/16435\/revisions"}],"predecessor-version":[{"id":16436,"href":"https:\/\/www.ades-grenoble.org\/wordpress\/wp-json\/wp\/v2\/posts\/16435\/revisions\/16436"}],"wp:attachment":[{"href":"https:\/\/www.ades-grenoble.org\/wordpress\/wp-json\/wp\/v2\/media?parent=16435"}],"wp:term":[{"taxonomy":"category","embeddable":true,"href":"https:\/\/www.ades-grenoble.org\/wordpress\/wp-json\/wp\/v2\/categories?post=16435"},{"taxonomy":"post_tag","embeddable":true,"href":"https:\/\/www.ades-grenoble.org\/wordpress\/wp-json\/wp\/v2\/tags?post=16435"}],"curies":[{"name":"wp","href":"https:\/\/api.w.org\/{rel}","templated":true}]}}