{"id":16437,"date":"2019-11-01T15:17:14","date_gmt":"2019-11-01T14:17:14","guid":{"rendered":"http:\/\/www.ades-grenoble.org\/wordpress\/?p=16437"},"modified":"2019-11-01T15:26:02","modified_gmt":"2019-11-01T14:26:02","slug":"agenda-138","status":"publish","type":"post","link":"https:\/\/www.ades-grenoble.org\/wordpress\/2019\/11\/01\/agenda-138\/","title":{"rendered":"Agenda"},"content":{"rendered":"\n<div class=\"wp-block-image\"><figure class=\"alignleft\"><img loading=\"lazy\" decoding=\"async\" width=\"450\" height=\"122\" src=\"http:\/\/www.ades-grenoble.org\/wordpress\/wp-content\/uploads\/2018\/11\/PlanEnergieClimat.jpg\" alt=\"\" class=\"wp-image-15026\" srcset=\"https:\/\/www.ades-grenoble.org\/wordpress\/wp-content\/uploads\/2018\/11\/PlanEnergieClimat.jpg 450w, https:\/\/www.ades-grenoble.org\/wordpress\/wp-content\/uploads\/2018\/11\/PlanEnergieClimat-150x41.jpg 150w, https:\/\/www.ades-grenoble.org\/wordpress\/wp-content\/uploads\/2018\/11\/PlanEnergieClimat-300x81.jpg 300w\" sizes=\"auto, (max-width: 450px) 100vw, 450px\" \/><\/figure><\/div>\n\n\n\n<p><strong>Jusqu\u2019au 2 d\u00e9cembre<\/strong> l\u2019avis du public sur le <strong>Plan climat air \u00e9nergie de la m\u00e9tropole <\/strong>est sollicit\u00e9e <a rel=\"noreferrer noopener\" aria-label=\"ici (s\u2019ouvre dans un nouvel onglet)\" href=\"http:\/\/ https:\/\/participation.lametro.fr\/consultation\/participation-du-public-sur-le-projet-de-plan-climat-air-energie-metropolitain\/presentation\/presentation-et-dossier-soumis-a-la-participation-du-public\" target=\"_blank\">ici<\/a>.<\/p>\n\n\n<hr>\n\n\n<p><strong>Lundi 4 novembre \u00e0 12 h, place Felix Poulat \u00e0 Grenoble<\/strong>, rassemblement de soutien \u00e0 deux militants d\u2019Alternatiba qui ont refus\u00e9 le pr\u00e9l\u00e8vement d\u2019ADN lors d\u2019une garde \u00e0 vue suite \u00e0 l\u2019action de d\u00e9crochage du portait d\u2019E. Macron dans la mairie de Poisat. Ces deux militants passent en proc\u00e8s, ce jour, au tribunal de grande instance de Grenoble. Voir <a href=\"https:\/\/www.facebook.com\/events\/988796844799110\/\" target=\"_blank\" rel=\"noreferrer noopener\" aria-label=\"ici (s\u2019ouvre dans un nouvel onglet)\">ici<\/a>.<\/p>\n\n\n<hr>\n\n\n<p><strong>Lundi 4 novembre \u00e0 15 h, Conseil municipal de Grenoble<\/strong>. Suite \u00e0 l\u2019incendie de la salle du Conseil municipal, ce dernier se tiendra au si\u00e8ge de la M\u00e9tropole rue Malakoff. 79 d\u00e9lib\u00e9rations dont le rapport d\u2019orientation budg\u00e9taire en pr\u00e9lude au vote du budget 2020 en d\u00e9cembre <\/p>\n","protected":false},"excerpt":{"rendered":"<p>Jusqu\u2019au 2 d\u00e9cembre l\u2019avis du public sur le Plan climat air \u00e9nergie de la m\u00e9tropole est sollicit\u00e9e ici. Lundi 4 novembre \u00e0 12 h, place Felix Poulat \u00e0 Grenoble, rassemblement de soutien \u00e0 deux militants d\u2019Alternatiba qui ont refus\u00e9 le pr\u00e9l\u00e8vement d\u2019ADN lors d\u2019une garde \u00e0 vue suite \u00e0 l\u2019action de d\u00e9crochage du portait d\u2019E. [&hellip;]<\/p>\n","protected":false},"author":1,"featured_media":0,"comment_status":"closed","ping_status":"open","sticky":false,"template":"","format":"standard","meta":{"twitterCardType":"","cardImageID":0,"cardImage":"","cardTitle":"","cardDesc":"","cardImageAlt":"","cardPlayer":"","cardPlayerWidth":0,"cardPlayerHeight":0,"cardPlayerStream":"","cardPlayerCodec":"","footnotes":""},"categories":[62,11],"tags":[125],"class_list":["post-16437","post","type-post","status-publish","format-standard","hentry","category-le-rouge-le-vert-hebdo","category-politique-locale","tag-agenda"],"_links":{"self":[{"href":"https:\/\/www.ades-grenoble.org\/wordpress\/wp-json\/wp\/v2\/posts\/16437","targetHints":{"allow":["GET"]}}],"collection":[{"href":"https:\/\/www.ades-grenoble.org\/wordpress\/wp-json\/wp\/v2\/posts"}],"about":[{"href":"https:\/\/www.ades-grenoble.org\/wordpress\/wp-json\/wp\/v2\/types\/post"}],"author":[{"embeddable":true,"href":"https:\/\/www.ades-grenoble.org\/wordpress\/wp-json\/wp\/v2\/users\/1"}],"replies":[{"embeddable":true,"href":"https:\/\/www.ades-grenoble.org\/wordpress\/wp-json\/wp\/v2\/comments?post=16437"}],"version-history":[{"count":1,"href":"https:\/\/www.ades-grenoble.org\/wordpress\/wp-json\/wp\/v2\/posts\/16437\/revisions"}],"predecessor-version":[{"id":16438,"href":"https:\/\/www.ades-grenoble.org\/wordpress\/wp-json\/wp\/v2\/posts\/16437\/revisions\/16438"}],"wp:attachment":[{"href":"https:\/\/www.ades-grenoble.org\/wordpress\/wp-json\/wp\/v2\/media?parent=16437"}],"wp:term":[{"taxonomy":"category","embeddable":true,"href":"https:\/\/www.ades-grenoble.org\/wordpress\/wp-json\/wp\/v2\/categories?post=16437"},{"taxonomy":"post_tag","embeddable":true,"href":"https:\/\/www.ades-grenoble.org\/wordpress\/wp-json\/wp\/v2\/tags?post=16437"}],"curies":[{"name":"wp","href":"https:\/\/api.w.org\/{rel}","templated":true}]}}