{"id":16449,"date":"2019-11-08T17:56:06","date_gmt":"2019-11-08T16:56:06","guid":{"rendered":"http:\/\/www.ades-grenoble.org\/wordpress\/?p=16449"},"modified":"2019-11-10T12:14:27","modified_gmt":"2019-11-10T11:14:27","slug":"affaire-inspira-et-radiation-du-commissaire-enqueteur-ullmann-le-tribunal-administratif-met-en-demeure-le-prefet-de-lisere","status":"publish","type":"post","link":"https:\/\/www.ades-grenoble.org\/wordpress\/2019\/11\/08\/affaire-inspira-et-radiation-du-commissaire-enqueteur-ullmann-le-tribunal-administratif-met-en-demeure-le-prefet-de-lisere\/","title":{"rendered":"Affaire Inspira et radiation du commissaire-enqu\u00eateur Ullmann : le tribunal administratif met en demeure le pr\u00e9fet de l\u2019Is\u00e8re"},"content":{"rendered":"\n<div class=\"wp-block-image\"><figure class=\"alignleft\"><img loading=\"lazy\" decoding=\"async\" width=\"300\" height=\"200\" src=\"http:\/\/www.ades-grenoble.org\/wordpress\/wp-content\/uploads\/2014\/10\/TribunalAdministratif2.jpg\" alt=\"\" class=\"wp-image-9206\" srcset=\"https:\/\/www.ades-grenoble.org\/wordpress\/wp-content\/uploads\/2014\/10\/TribunalAdministratif2.jpg 300w, https:\/\/www.ades-grenoble.org\/wordpress\/wp-content\/uploads\/2014\/10\/TribunalAdministratif2-150x100.jpg 150w\" sizes=\"auto, (max-width: 300px) 100vw, 300px\" \/><\/figure><\/div>\n\n\n\n<p>L\u2019affaire Inspira (projet de Zac\nindustrielle, dont de nombreux sites Seveso, de 250 ha dans le nord-Is\u00e8re) n\u2019en\nfinit pas de rebondir.<\/p>\n\n\n\n<p>D\u00e8s l\u2019ouverture de l\u2019enqu\u00eate publique,\nen mai 2018, M. Barbier, pr\u00e9sident du d\u00e9partement et ma\u00eetre d\u2019ouvrage du projet\nInspira, avait demand\u00e9 au pr\u00e9sident du tribunal administratif de Grenoble\nl\u2019\u00e9viction de Gabriel Ullmann de la commission d\u2019enqu\u00eate. Ce qui fut fermement\nrefus\u00e9. M. Barbier s\u2019est alors tourn\u00e9 vers M. Beffre, le pr\u00e9fet de l\u2019Is\u00e8re, qui\na aussit\u00f4t demand\u00e9 \u00e0 ses services d\u2019instruire un dossier en radiation \u00e0\nl\u2019encontre du commissaire-enqu\u00eateur\u2026alors que l\u2019enqu\u00eate suivait son cours.<\/p>\n\n\n\n<p>Fin\njuillet 2018, la Commission d\u2019enqu\u00eate pr\u00e9sid\u00e9e par M. Ullmann donne un avis\nd\u00e9favorable \u00e0 l\u2019unanimit\u00e9 sur le projet Inspira. A la suite de quoi, il avait\n\u00e9t\u00e9 radi\u00e9 des fonctions de commissaire-enqu\u00eateur par une commission constitu\u00e9e par\nle Pr\u00e9fet de l\u2019Is\u00e8re en y d\u00e9signant 6 membres sur 9, dont 4 repr\u00e9sentants\npour le pr\u00e9fet.<\/p>\n\n\n<p><!--more--><\/p>\n\n\n<figure class=\"wp-block-embed is-type-rich is-provider-ades-le-rouge-et-le-vert\"><div class=\"wp-block-embed__wrapper\">\n<blockquote class=\"wp-embedded-content\" data-secret=\"QfsAhLnHrv\"><a href=\"https:\/\/www.ades-grenoble.org\/wordpress\/2019\/01\/18\/radiation-dun-commissaire-enqueteur-pour-avoir-trop-bien-informe-le-public-durant-des-enquetes-publiques\/\">Radiation d&rsquo;un commissaire enqu\u00eateur pour avoir trop bien inform\u00e9 le public durant des enqu\u00eates publiques !<\/a><\/blockquote><iframe loading=\"lazy\" class=\"wp-embedded-content\" sandbox=\"allow-scripts\" security=\"restricted\" style=\"position: absolute; visibility: hidden;\" title=\"\u00ab\u00a0Radiation d&rsquo;un commissaire enqu\u00eateur pour avoir trop bien inform\u00e9 le public durant des enqu\u00eates publiques !\u00a0\u00bb &#8212; ADES  - Le Rouge et le Vert\" src=\"https:\/\/www.ades-grenoble.org\/wordpress\/2019\/01\/18\/radiation-dun-commissaire-enqueteur-pour-avoir-trop-bien-informe-le-public-durant-des-enquetes-publiques\/embed\/#?secret=dgwqny2EDe#?secret=QfsAhLnHrv\" data-secret=\"QfsAhLnHrv\" width=\"500\" height=\"282\" frameborder=\"0\" marginwidth=\"0\" marginheight=\"0\" scrolling=\"no\"><\/iframe>\n<\/div><\/figure>\n\n\n\n<p>De son c\u00f4t\u00e9, le ma\u00eetre d\u2019ouvrage, Is\u00e8re am\u00e9nagement, avait refus\u00e9 de lui payer les vacations li\u00e9es \u00e0 cette enqu\u00eate, malgr\u00e9 le rappel \u00e0 l\u2019ordre du pr\u00e9sident du tribunal administratif le 16 janvier dernier, l\u2019ordonnance ayant force ex\u00e9cutoire. Tout au long de son recours contre l\u2019ordonnance qui taxe les vacations du commissaire-enqu\u00eateur, le pr\u00e9sident d\u2019Is\u00e8re am\u00e9nagement avait maintenu sa position de ne pas payer M. Ullmann malgr\u00e9 les obligations qui s\u2019imposaient \u00e0 lui. Le dossier ayant \u00e9t\u00e9 d\u00e9pays\u00e9 au tribunal administratif de Lyon, ce dernier avait rendu le 23 mai 2019 un jugement (d\u00e9finitif, en absence de tout appel) d\u00e9boutant en tous points Is\u00e8re am\u00e9nagement au b\u00e9n\u00e9fice de M. Ullmann, tout en confirmant non seulement la r\u00e9gularit\u00e9 mais la grande qualit\u00e9 du travail de la commission d\u2019enqu\u00eate. <\/p>\n\n\n\n<p>Les m\u00eames mesures dilatoires semblent\n\u00eatre reprises maintenant par le pr\u00e9fet de l\u2019Is\u00e8re, concernant cette fois le\nrecours en annulation de sa radiation d\u00e9pos\u00e9 par M. Ullmann et enregistr\u00e9 au\ntribunal administratif de Lyon fin juillet 2019. Le pr\u00e9fet avait deux mois pour\ny r\u00e9pondre, donc jusqu\u2019au 30 septembre 2019. Fin octobre, le d\u00e9lai \u00e9tait\nlargement d\u00e9pass\u00e9. Comme l\u2019\u00e9nonce Gabriel Ullmann : <em>\u00ab&nbsp;Le Pr\u00e9fet adopte\nen l\u2019esp\u00e8ce une posture dilatoire, \u00e0 seule fin de retarder encore ma\nr\u00e9int\u00e9gration dans mes fonctions. Il n\u2019a \u00e9videmment aucun int\u00e9r\u00eat \u00e0 voir cette\naffaire jug\u00e9e rapidement&nbsp;\u00bb.<\/em><\/p>\n\n\n\n<p>La requ\u00eate en annulation est assortie\nd\u2019une demande d\u2019injonction, pr\u00e9cis\u00e9ment aux fins de r\u00e9int\u00e9gration de M. Ullmann\nsur la liste d\u2019aptitude aux fonctions de commissaire-enqu\u00eateur de l\u2019Is\u00e8re. Afin\nde donner toute sa port\u00e9e utile \u00e0 sa demande d\u2019injonction, Gabriel Ullmann a\nsollicit\u00e9 du tribunal, le 30 octobre, qu\u2019une mise en demeure soit adress\u00e9e au\npr\u00e9fet de l\u2019Is\u00e8re de produire ses observations en d\u00e9fense (article R. 612-3 du\nCode de justice administrative). D\u00e8s r\u00e9ception de cette demande, le tribunal\nadministratif de Lyon y a fait droit et mettait en demeure le pr\u00e9fet de\nproduire ses conclusions sous 30 jours.\n\nAffaire \u00e0 suivre\u2026\n\n\n\n<\/p>\n","protected":false},"excerpt":{"rendered":"<p>L\u2019affaire Inspira (projet de Zac industrielle, dont de nombreux sites Seveso, de 250 ha dans le nord-Is\u00e8re) n\u2019en finit pas de rebondir. D\u00e8s l\u2019ouverture de l\u2019enqu\u00eate publique, en mai 2018, M. Barbier, pr\u00e9sident du d\u00e9partement et ma\u00eetre d\u2019ouvrage du projet Inspira, avait demand\u00e9 au pr\u00e9sident du tribunal administratif de Grenoble l\u2019\u00e9viction de Gabriel Ullmann de [&hellip;]<\/p>\n","protected":false},"author":1,"featured_media":0,"comment_status":"closed","ping_status":"open","sticky":false,"template":"","format":"standard","meta":{"twitterCardType":"","cardImageID":0,"cardImage":"","cardTitle":"","cardDesc":"","cardImageAlt":"","cardPlayer":"","cardPlayerWidth":0,"cardPlayerHeight":0,"cardPlayerStream":"","cardPlayerCodec":"","footnotes":""},"categories":[62,11],"tags":[39,52],"class_list":["post-16449","post","type-post","status-publish","format-standard","hentry","category-le-rouge-le-vert-hebdo","category-politique-locale","tag-enquetes-publiques","tag-justice-administrative"],"_links":{"self":[{"href":"https:\/\/www.ades-grenoble.org\/wordpress\/wp-json\/wp\/v2\/posts\/16449","targetHints":{"allow":["GET"]}}],"collection":[{"href":"https:\/\/www.ades-grenoble.org\/wordpress\/wp-json\/wp\/v2\/posts"}],"about":[{"href":"https:\/\/www.ades-grenoble.org\/wordpress\/wp-json\/wp\/v2\/types\/post"}],"author":[{"embeddable":true,"href":"https:\/\/www.ades-grenoble.org\/wordpress\/wp-json\/wp\/v2\/users\/1"}],"replies":[{"embeddable":true,"href":"https:\/\/www.ades-grenoble.org\/wordpress\/wp-json\/wp\/v2\/comments?post=16449"}],"version-history":[{"count":2,"href":"https:\/\/www.ades-grenoble.org\/wordpress\/wp-json\/wp\/v2\/posts\/16449\/revisions"}],"predecessor-version":[{"id":16470,"href":"https:\/\/www.ades-grenoble.org\/wordpress\/wp-json\/wp\/v2\/posts\/16449\/revisions\/16470"}],"wp:attachment":[{"href":"https:\/\/www.ades-grenoble.org\/wordpress\/wp-json\/wp\/v2\/media?parent=16449"}],"wp:term":[{"taxonomy":"category","embeddable":true,"href":"https:\/\/www.ades-grenoble.org\/wordpress\/wp-json\/wp\/v2\/categories?post=16449"},{"taxonomy":"post_tag","embeddable":true,"href":"https:\/\/www.ades-grenoble.org\/wordpress\/wp-json\/wp\/v2\/tags?post=16449"}],"curies":[{"name":"wp","href":"https:\/\/api.w.org\/{rel}","templated":true}]}}