{"id":16486,"date":"2019-11-15T14:36:40","date_gmt":"2019-11-15T13:36:40","guid":{"rendered":"http:\/\/www.ades-grenoble.org\/wordpress\/?p=16486"},"modified":"2019-11-15T14:58:51","modified_gmt":"2019-11-15T13:58:51","slug":"municipales-2020-grenoble-en-commun-au-travail","status":"publish","type":"post","link":"https:\/\/www.ades-grenoble.org\/wordpress\/2019\/11\/15\/municipales-2020-grenoble-en-commun-au-travail\/","title":{"rendered":"Municipales 2020 : \u00ab Grenoble en commun \u00bb au travail"},"content":{"rendered":"\n<div class=\"wp-block-image\"><figure class=\"alignleft\"><img loading=\"lazy\" decoding=\"async\" width=\"400\" height=\"241\" src=\"http:\/\/www.ades-grenoble.org\/wordpress\/wp-content\/uploads\/2019\/10\/grenoble-en-commun.jpg\" alt=\"\" class=\"wp-image-16307\" srcset=\"https:\/\/www.ades-grenoble.org\/wordpress\/wp-content\/uploads\/2019\/10\/grenoble-en-commun.jpg 400w, https:\/\/www.ades-grenoble.org\/wordpress\/wp-content\/uploads\/2019\/10\/grenoble-en-commun-150x90.jpg 150w, https:\/\/www.ades-grenoble.org\/wordpress\/wp-content\/uploads\/2019\/10\/grenoble-en-commun-300x181.jpg 300w\" sizes=\"auto, (max-width: 400px) 100vw, 400px\" \/><\/figure><\/div>\n\n\n\n<p>L\u2019\u00e9largissement du p\u00e9rim\u00e8tre\npolitique de la d\u00e9marche \u00ab&nbsp;<em>Grenoble en commun<\/em>&nbsp;\u00bb emmen\u00e9e par\nEric Piolle, se poursuit \u00e0 gauche. Il y a quelques semaines, la d\u00e9cision\nnationale du mouvement \u00ab&nbsp;<em>G\u00e9n\u00e9ration.s&nbsp;<\/em>\u00bb, cr\u00e9\u00e9 par Benoit Hamon\napr\u00e8s sa sortie du PS, de soutenir la candidature d\u2019Eric Piolle, avait fait\nquelques remous localement dans le mouvement. Le comit\u00e9 local <em>\u00ab&nbsp;G\u00e9n\u00e9ration.s\nGrenoble M\u00e9tropole<\/em>&nbsp;\u00bb a d\u00e9cid\u00e9 de rejoindre la d\u00e9marche de \u00ab&nbsp;<em>Grenoble\nen commun<\/em>&nbsp;\u00bb suite au vote des adh\u00e9rents grenoblois.<\/p>\n\n\n\n<p>De m\u00eame, le mouvement Place\nPublique (anim\u00e9 nationalement par Rapha\u00ebl Glucksmann)\nvient aussi de d\u00e9cider localement sa participation \u00e0 cette d\u00e9marche.<\/p>\n\n\n\n<p>Le 13 novembre, des militants, des \u00e9lues et sympathisants socialistes\nont d\u00e9cid\u00e9 de rejoindre \u00ab&nbsp;<em>Grenoble en commun<\/em>&nbsp;\u00bb car ils\ntiennent \u00e0 affirmer leur appartenance \u00e0 la gauche, en opposition \u00e0 la politique\nde Macron, en cons\u00e9quence ils ne peuvent pas se retrouver dans la liste initi\u00e9e\npar O. Noblecourt. L\u2019ancien co-pr\u00e9sident de la section PS de Grenoble, Maxence\nAlloto et deux \u00e9lues encore dans l\u2019opposition \u00e0 la mairie ont fait ce choix,\nM.J. Salat (qui est dans la majorit\u00e9 \u00e0 la M\u00e9tro) et A. Agobian.<\/p>\n\n\n\n<p>Les soutiens citoyens se multiplient aussi\n(bient\u00f4t 500). La signature de l\u2019appel citoyen \u00e0&nbsp;construire ensemble&nbsp;l\u2019avenir\nde Grenoble et de la M\u00e9tropole se fait sur le site&nbsp;: <a href=\"https:\/\/www.grenobleencommun.fr\/\">https:\/\/www.grenobleencommun.fr\/<\/a>.<\/p>\n\n\n<p><!--more--><\/p>\n\n\n<p>Eric Piolle a d\u00e9cid\u00e9 de rendre\npublic son patrimoine, ses revenus et sa d\u00e9claration d\u2019int\u00e9r\u00eat sur le mod\u00e8le\ndes d\u00e9claration d\u00e9pos\u00e9es aupr\u00e8s de la Haute autorit\u00e9 pour la transparence de la\nvie publique (HATVP). Seule la d\u00e9claration d\u2019int\u00e9r\u00eat est rendue publique par\ncette autorit\u00e9 sur son site internet. Il s\u2019agit d\u2019une initiative personnelle du\ncandidat au mandat de maire de Grenoble. Il serait souhaitable que les autres\npr\u00e9tendants \u00e0 cette fonction fassent de m\u00eame.<\/p>\n\n\n\n<p>Les seuls revenus d\u2019Eric\nPiolle depuis qu\u2019il est maire sont les indemnit\u00e9s vers\u00e9es par la Ville\n(36&nbsp;000 \u20ac net annuel) et par la M\u00e9tro (7000 \u20ac net annuel), ce qui est un\nniveau faible pour un maire d\u2019une grande ville et loin du maximum l\u00e9gal. Il\nfaut rappeler que d\u00e8s avril 2014, la nouvelle majorit\u00e9 avait d\u00e9cid\u00e9 de baisser\nles indemnit\u00e9s pour revenir sur l\u2019augmentation de 25 % d\u00e9cid\u00e9e par la majorit\u00e9\npr\u00e9c\u00e9dente. Soit une \u00e9conomie de 500&nbsp;000 \u20ac par an pour la ville soit 3 millions\ndurant le mandat&nbsp;: c\u2019est une \u00e9conomie significative.<\/p>\n\n\n\n<p>Voici le calendrier des r\u00e9unions publiques d\u2019\u00e9laboration des propositions pour la construction du programme municipal et m\u00e9tropolitain pour 2020-2026 :<\/p>\n\n\n\n<ul class=\"wp-block-list\"><li>Mercredi 20 novembre de 8 h \u00e0 10 h au Totem French Tech 16 Bd Mal Leclerc sur le th\u00e8me de la politique \u00e9conomique introduction d\u2019Eric Piolle.<\/li><li>Mardi 26 novembre de 12 h \u00e0 14 h \u00e0 la MJC Abbaye : 1 Place de la commune de 1871. Sur le th\u00e8me : \u00ab <em>Grenoble apaise : incivilit\u00e9s, \u00e9galit\u00e9, s\u00e9curit\u00e9s<\/em>\u00a0\u00bb avec une introduction de S\u00e9bastien Roch\u00e9. <\/li><li>Mardi 3 d\u00e9cembre de 18 h 30 \u00e0 20 h 30 \u00e0 la Maison pour Tous Saint Laurent\u00a0\u00a0 1 Place Saint Laurent. Sur le th\u00e8me : \u00ab <em>Climat : Grenoble se l\u00e8ve, r\u00e9silience, sant\u00e9 et innovations<\/em> \u00bb avec introduction de R\u00e9my Slam<\/li><li>Samedi 14 d\u00e9cembre 14 h \u00e0 17 h \u00e0 la Plateforme (Place de Verdun). Synth\u00e8se g\u00e9n\u00e9rale des propositions<\/li><\/ul>\n\n\n\n<p>Un troisi\u00e8me caf\u00e9 philosophique : le mercredi 4 d\u00e9cembre de 18 h 30 \u00e0 20 h 30 (\u00ab\u00a0<em>Vers o\u00f9 m\u2019est-il permis d\u2019esp\u00e9rer ?<\/em>\u00ab\u00a0) \u00e0 la brasserie Docteur D, 2 rue Pierre Duclot. <\/p>\n","protected":false},"excerpt":{"rendered":"<p>L\u2019\u00e9largissement du p\u00e9rim\u00e8tre politique de la d\u00e9marche \u00ab&nbsp;Grenoble en commun&nbsp;\u00bb emmen\u00e9e par Eric Piolle, se poursuit \u00e0 gauche. Il y a quelques semaines, la d\u00e9cision nationale du mouvement \u00ab&nbsp;G\u00e9n\u00e9ration.s&nbsp;\u00bb, cr\u00e9\u00e9 par Benoit Hamon apr\u00e8s sa sortie du PS, de soutenir la candidature d\u2019Eric Piolle, avait fait quelques remous localement dans le mouvement. Le comit\u00e9 local [&hellip;]<\/p>\n","protected":false},"author":1,"featured_media":0,"comment_status":"closed","ping_status":"open","sticky":false,"template":"","format":"standard","meta":{"twitterCardType":"","cardImageID":0,"cardImage":"","cardTitle":"","cardDesc":"","cardImageAlt":"","cardPlayer":"","cardPlayerWidth":0,"cardPlayerHeight":0,"cardPlayerStream":"","cardPlayerCodec":"","footnotes":""},"categories":[62,11],"tags":[333,327],"class_list":["post-16486","post","type-post","status-publish","format-standard","hentry","category-le-rouge-le-vert-hebdo","category-politique-locale","tag-grenoble-en-commun","tag-municipales-2020"],"_links":{"self":[{"href":"https:\/\/www.ades-grenoble.org\/wordpress\/wp-json\/wp\/v2\/posts\/16486","targetHints":{"allow":["GET"]}}],"collection":[{"href":"https:\/\/www.ades-grenoble.org\/wordpress\/wp-json\/wp\/v2\/posts"}],"about":[{"href":"https:\/\/www.ades-grenoble.org\/wordpress\/wp-json\/wp\/v2\/types\/post"}],"author":[{"embeddable":true,"href":"https:\/\/www.ades-grenoble.org\/wordpress\/wp-json\/wp\/v2\/users\/1"}],"replies":[{"embeddable":true,"href":"https:\/\/www.ades-grenoble.org\/wordpress\/wp-json\/wp\/v2\/comments?post=16486"}],"version-history":[{"count":1,"href":"https:\/\/www.ades-grenoble.org\/wordpress\/wp-json\/wp\/v2\/posts\/16486\/revisions"}],"predecessor-version":[{"id":16487,"href":"https:\/\/www.ades-grenoble.org\/wordpress\/wp-json\/wp\/v2\/posts\/16486\/revisions\/16487"}],"wp:attachment":[{"href":"https:\/\/www.ades-grenoble.org\/wordpress\/wp-json\/wp\/v2\/media?parent=16486"}],"wp:term":[{"taxonomy":"category","embeddable":true,"href":"https:\/\/www.ades-grenoble.org\/wordpress\/wp-json\/wp\/v2\/categories?post=16486"},{"taxonomy":"post_tag","embeddable":true,"href":"https:\/\/www.ades-grenoble.org\/wordpress\/wp-json\/wp\/v2\/tags?post=16486"}],"curies":[{"name":"wp","href":"https:\/\/api.w.org\/{rel}","templated":true}]}}