{"id":16494,"date":"2019-11-15T14:58:07","date_gmt":"2019-11-15T13:58:07","guid":{"rendered":"http:\/\/www.ades-grenoble.org\/wordpress\/?p=16494"},"modified":"2019-11-15T15:00:50","modified_gmt":"2019-11-15T14:00:50","slug":"agenda-140","status":"publish","type":"post","link":"https:\/\/www.ades-grenoble.org\/wordpress\/2019\/11\/15\/agenda-140\/","title":{"rendered":"Agenda"},"content":{"rendered":"\n<div class=\"wp-block-image\"><figure class=\"alignleft\"><img loading=\"lazy\" decoding=\"async\" width=\"380\" height=\"230\" src=\"http:\/\/www.ades-grenoble.org\/wordpress\/wp-content\/uploads\/2019\/10\/Chili-manifestation.jpg\" alt=\"\" class=\"wp-image-16398\" srcset=\"https:\/\/www.ades-grenoble.org\/wordpress\/wp-content\/uploads\/2019\/10\/Chili-manifestation.jpg 380w, https:\/\/www.ades-grenoble.org\/wordpress\/wp-content\/uploads\/2019\/10\/Chili-manifestation-150x91.jpg 150w, https:\/\/www.ades-grenoble.org\/wordpress\/wp-content\/uploads\/2019\/10\/Chili-manifestation-300x182.jpg 300w\" sizes=\"auto, (max-width: 380px) 100vw, 380px\" \/><\/figure><\/div>\n\n\n\n<p><strong>Samedi 16 Novembre de 15h \u00e0\n18h \u00e0 la Maison de l\u2019International<\/strong> au Jardin de ville, 1 Rue\nHector Berlioz.\n<strong>Solidarit\u00e9 avec\nle Chili en lutte<\/strong>,\nun peuple qui r\u00e9siste\u2026Informations sur les \u00e9v\u00e8nements qui se produisent au\nChili et animation musicale. Organis\u00e9 par ACIP-ASADO, CIIP, Maison Latina,\nNuestra Am\u00e9rica, comit\u00e9 de soutien aux Mapuche du Chili et d&rsquo;Argentine et\nFAL38.<\/p>\n\n\n<hr>\n\n\n<p><strong>Jeudi 21 novembre 20 h Maison des Associations Grenoble : \u00ab\u00a0SOS M\u00e9diterran\u00e9e : sauver, prot\u00e9ger, t\u00e9moigner\u00a0\u00bb, projection d\u00e9bat \u00ab\u00a010 jours en mer : l\u2019histoire de l\u2019Aquarius\u00a0\u00bb, <\/strong>avec Anelise Borges,r\u00e9alisatrice et journaliste chez Euronews. Organis\u00e9 par Collectif citoyen de Grenoble contre l&rsquo;aust\u00e9rit\u00e9 en Gr\u00e8ce et en Europe, ATTAC 38, CADTM Grenoble<\/p>\n","protected":false},"excerpt":{"rendered":"<p>Samedi 16 Novembre de 15h \u00e0 18h \u00e0 la Maison de l\u2019International au Jardin de ville, 1 Rue Hector Berlioz. Solidarit\u00e9 avec le Chili en lutte, un peuple qui r\u00e9siste\u2026Informations sur les \u00e9v\u00e8nements qui se produisent au Chili et animation musicale. Organis\u00e9 par ACIP-ASADO, CIIP, Maison Latina, Nuestra Am\u00e9rica, comit\u00e9 de soutien aux Mapuche du [&hellip;]<\/p>\n","protected":false},"author":1,"featured_media":0,"comment_status":"closed","ping_status":"open","sticky":false,"template":"","format":"standard","meta":{"twitterCardType":"","cardImageID":0,"cardImage":"","cardTitle":"","cardDesc":"","cardImageAlt":"","cardPlayer":"","cardPlayerWidth":0,"cardPlayerHeight":0,"cardPlayerStream":"","cardPlayerCodec":"","footnotes":""},"categories":[62,11],"tags":[125],"class_list":["post-16494","post","type-post","status-publish","format-standard","hentry","category-le-rouge-le-vert-hebdo","category-politique-locale","tag-agenda"],"_links":{"self":[{"href":"https:\/\/www.ades-grenoble.org\/wordpress\/wp-json\/wp\/v2\/posts\/16494","targetHints":{"allow":["GET"]}}],"collection":[{"href":"https:\/\/www.ades-grenoble.org\/wordpress\/wp-json\/wp\/v2\/posts"}],"about":[{"href":"https:\/\/www.ades-grenoble.org\/wordpress\/wp-json\/wp\/v2\/types\/post"}],"author":[{"embeddable":true,"href":"https:\/\/www.ades-grenoble.org\/wordpress\/wp-json\/wp\/v2\/users\/1"}],"replies":[{"embeddable":true,"href":"https:\/\/www.ades-grenoble.org\/wordpress\/wp-json\/wp\/v2\/comments?post=16494"}],"version-history":[{"count":3,"href":"https:\/\/www.ades-grenoble.org\/wordpress\/wp-json\/wp\/v2\/posts\/16494\/revisions"}],"predecessor-version":[{"id":16498,"href":"https:\/\/www.ades-grenoble.org\/wordpress\/wp-json\/wp\/v2\/posts\/16494\/revisions\/16498"}],"wp:attachment":[{"href":"https:\/\/www.ades-grenoble.org\/wordpress\/wp-json\/wp\/v2\/media?parent=16494"}],"wp:term":[{"taxonomy":"category","embeddable":true,"href":"https:\/\/www.ades-grenoble.org\/wordpress\/wp-json\/wp\/v2\/categories?post=16494"},{"taxonomy":"post_tag","embeddable":true,"href":"https:\/\/www.ades-grenoble.org\/wordpress\/wp-json\/wp\/v2\/tags?post=16494"}],"curies":[{"name":"wp","href":"https:\/\/api.w.org\/{rel}","templated":true}]}}