{"id":16526,"date":"2019-11-22T16:39:31","date_gmt":"2019-11-22T15:39:31","guid":{"rendered":"http:\/\/www.ades-grenoble.org\/wordpress\/?p=16526"},"modified":"2019-11-22T16:55:30","modified_gmt":"2019-11-22T15:55:30","slug":"hopital-public-la-colere-monte-apres-des-annonces-jugees-honteuses","status":"publish","type":"post","link":"https:\/\/www.ades-grenoble.org\/wordpress\/2019\/11\/22\/hopital-public-la-colere-monte-apres-des-annonces-jugees-honteuses\/","title":{"rendered":"H\u00f4pital public : la col\u00e8re monte apr\u00e8s des annonces jug\u00e9es \u00ab honteuses \u00bb"},"content":{"rendered":"\n<div class=\"wp-block-image\"><figure class=\"alignleft\"><img loading=\"lazy\" decoding=\"async\" width=\"350\" height=\"350\" src=\"http:\/\/www.ades-grenoble.org\/wordpress\/wp-content\/uploads\/2018\/01\/CHUGA.jpg\" alt=\"\" class=\"wp-image-13807\" srcset=\"https:\/\/www.ades-grenoble.org\/wordpress\/wp-content\/uploads\/2018\/01\/CHUGA.jpg 350w, https:\/\/www.ades-grenoble.org\/wordpress\/wp-content\/uploads\/2018\/01\/CHUGA-150x150.jpg 150w, https:\/\/www.ades-grenoble.org\/wordpress\/wp-content\/uploads\/2018\/01\/CHUGA-300x300.jpg 300w, https:\/\/www.ades-grenoble.org\/wordpress\/wp-content\/uploads\/2018\/01\/CHUGA-144x144.jpg 144w\" sizes=\"auto, (max-width: 350px) 100vw, 350px\" \/><\/figure><\/div>\n\n\n\n<p>Les\nannonces \u00e9taient attendues, sans doute comme jamais. Alors que le Pr\u00e9sident de\nla R\u00e9publique avait annonc\u00e9 apr\u00e8s la mobilisation du 14 novembre, avoir\nsous-estim\u00e9 la gravit\u00e9 de la situation, le Premier Ministre et la ministre de\nla Sant\u00e9 se sont pr\u00e9sent\u00e9.e.s mercredi un peu apr\u00e8s 10h pour annoncer des\nmesures d\u2019urgence pour l\u2019h\u00f4pital. Tout d\u00e9marre plut\u00f4t bien, le Premier ministre\nreconna\u00eet que les hospitalier.e.s peuvent l\u00e9gitimement exprimer \u00ab&nbsp;leur\ncol\u00e8re, leur \u00e9puisement, leur d\u00e9sarroi&nbsp;\u00bb. La ministre poursuit en estimant\nque les soignant.e.s ne sont r\u00e9mun\u00e9r\u00e9s \u00e0 hauteur de leur engagement. Le suspens\nmonte\u2026 Et patatras. <\/p>\n\n\n\n<p>La\nsuite aurait du \u00eatre \u00e0 la hauteur de l\u2019entr\u00e9e en mati\u00e8re, elle en a \u00e9t\u00e9 l\u2019exact\noppos\u00e9. Concernant la revalorisation salariale, la ministre s\u2019est content\u00e9e\nd\u2019\u00e9num\u00e9rer une liste de primes potentielles pour les soignant.e.s. Entre\nautres, on retiendra les bien trop g\u00e9n\u00e9reuses propositions d\u2019une prime de 800\neuros annuels pour les personnels gagnant moins de 1900 euros \u00e0 Paris et dans\nla Petite Couronne et d\u2019une prime de 300 euros pour celles et ceux sur le reste\ndu territoire. Si tant est que les soignant.e.s en voient la couleur (les\nprimes sont conditionn\u00e9es \u00e0 de multiples crit\u00e8res et seront fonction des\n\u00e9tablissements, des services, pourront \u00eatre vers\u00e9es puis finalement retir\u00e9es,\netc.), les lendemains ne chanteront pas pour autant. 66 euros par mois en plus\n\u00e0 Paris, 25 euros en plus par mois hors Paris, c\u2019est peu, bien trop peu, pour\nne pas dire insignifiant et m\u00e9prisant. Et c\u2019est ce que n\u2019ont pas h\u00e9sit\u00e9 \u00e0\nd\u00e9noncer les collectifs Interh\u00f4pitaux et Interurgences d\u00e8s mercredi soir. <\/p>\n\n\n<p><!--more--><\/p>\n\n\n<p>Outre\nces mis\u00e9rables primes, le gouvernement a annonc\u00e9 investir massivement dans\nl\u2019h\u00f4pital en promettant (ne pas rire) de ne pas diminuer les tarifs\nhospitaliers et en engageant 1,5 milliards d\u2019euros sur trois ans, soit 500\nmillions par an en moyenne quand le budget annuellement allou\u00e9 \u00e0 l\u2019h\u00f4pital est\nde 80 milliards d\u2019euros. Une annonce qui ne passe pas plus que celle sur les\nprimes, car, comme l\u2019ont rappel\u00e9 les soignant.e.s, l\u2019h\u00f4pital se fout de la\ncharit\u00e9. <\/p>\n\n\n\n<p>La\nreprise d\u2019un tiers de la dette (10 milliards sur 30) appara\u00eet comme la seule\nnouvelle satisfaisante, celle-ci faisant peser sur les \u00e9tablissements des\ncharges de financement lourdes. Mais il convient de rappeler que cette dette\nest avant tout la responsabilit\u00e9 de l\u2019\u00c9tat lui-m\u00eame qui a laiss\u00e9 les h\u00f4pitaux\nplonger dans les bras de banques comme Dexia dans les ann\u00e9es 2000, contractant\nainsi des emprunts toxiques qui p\u00e8sent encore sur les finances hospitali\u00e8res.\nEt surtout, la derni\u00e8re fois que l\u2019\u00c9tat a consenti \u00e0 reprendre une dette, il a\npos\u00e9 ses conditions, la fin du statut de cheminot\u2026 \u00c0 quelle sauce Bercy entend\nmanger les hospitalier.e.s&nbsp;? Affaire \u00e0 suivre. \n\nC\u2019est donc tout naturellement que ces annonces ont \u00e9t\u00e9\nqualifi\u00e9es de \u00ab&nbsp;honteuses&nbsp;\u00bb voire de \u00ab&nbsp;provocation&nbsp;\u00bb.\n\u00ab&nbsp;On nous jette une bou\u00e9e alors que nous sommes en plein milieu de\nl\u2019oc\u00e9an&nbsp;\u00bb a d\u00e9clar\u00e9 Anne Gervais du collectif Interh\u00f4pitaux. Les\nmobilisations vont donc se poursuivre, avec des actions conduites pour\nsensibiliser les citoyen.ne.s le 30 novembre et une manifestation le 17\nd\u00e9cembre. \u00c0 nouveau, l\u2019ADES rappelle son plein soutien aux soignant.es et\npersonnels hospitaliers et sera \u00e0 leur c\u00f4t\u00e9 le 17 d\u00e9cembre pour l\u2019h\u00f4pital\npublic, pour les gens qui y travaillent, et celles et ceux qui s\u2019y font\nsoigner.\n\n\n\n<\/p>\n","protected":false},"excerpt":{"rendered":"<p>Les annonces \u00e9taient attendues, sans doute comme jamais. Alors que le Pr\u00e9sident de la R\u00e9publique avait annonc\u00e9 apr\u00e8s la mobilisation du 14 novembre, avoir sous-estim\u00e9 la gravit\u00e9 de la situation, le Premier Ministre et la ministre de la Sant\u00e9 se sont pr\u00e9sent\u00e9.e.s mercredi un peu apr\u00e8s 10h pour annoncer des mesures d\u2019urgence pour l\u2019h\u00f4pital. Tout [&hellip;]<\/p>\n","protected":false},"author":1,"featured_media":0,"comment_status":"closed","ping_status":"open","sticky":false,"template":"","format":"standard","meta":{"twitterCardType":"","cardImageID":0,"cardImage":"","cardTitle":"","cardDesc":"","cardImageAlt":"","cardPlayer":"","cardPlayerWidth":0,"cardPlayerHeight":0,"cardPlayerStream":"","cardPlayerCodec":"","footnotes":""},"categories":[62,11],"tags":[196,138,12,99,44],"class_list":["post-16526","post","type-post","status-publish","format-standard","hentry","category-le-rouge-le-vert-hebdo","category-politique-locale","tag-etat","tag-finances","tag-mobilisations","tag-sante","tag-services-publics"],"_links":{"self":[{"href":"https:\/\/www.ades-grenoble.org\/wordpress\/wp-json\/wp\/v2\/posts\/16526","targetHints":{"allow":["GET"]}}],"collection":[{"href":"https:\/\/www.ades-grenoble.org\/wordpress\/wp-json\/wp\/v2\/posts"}],"about":[{"href":"https:\/\/www.ades-grenoble.org\/wordpress\/wp-json\/wp\/v2\/types\/post"}],"author":[{"embeddable":true,"href":"https:\/\/www.ades-grenoble.org\/wordpress\/wp-json\/wp\/v2\/users\/1"}],"replies":[{"embeddable":true,"href":"https:\/\/www.ades-grenoble.org\/wordpress\/wp-json\/wp\/v2\/comments?post=16526"}],"version-history":[{"count":1,"href":"https:\/\/www.ades-grenoble.org\/wordpress\/wp-json\/wp\/v2\/posts\/16526\/revisions"}],"predecessor-version":[{"id":16527,"href":"https:\/\/www.ades-grenoble.org\/wordpress\/wp-json\/wp\/v2\/posts\/16526\/revisions\/16527"}],"wp:attachment":[{"href":"https:\/\/www.ades-grenoble.org\/wordpress\/wp-json\/wp\/v2\/media?parent=16526"}],"wp:term":[{"taxonomy":"category","embeddable":true,"href":"https:\/\/www.ades-grenoble.org\/wordpress\/wp-json\/wp\/v2\/categories?post=16526"},{"taxonomy":"post_tag","embeddable":true,"href":"https:\/\/www.ades-grenoble.org\/wordpress\/wp-json\/wp\/v2\/tags?post=16526"}],"curies":[{"name":"wp","href":"https:\/\/api.w.org\/{rel}","templated":true}]}}