{"id":16551,"date":"2019-11-29T14:33:08","date_gmt":"2019-11-29T13:33:08","guid":{"rendered":"https:\/\/www.ades-grenoble.org\/wordpress\/?p=16551"},"modified":"2019-11-29T14:33:11","modified_gmt":"2019-11-29T13:33:11","slug":"larrete-anti-mise-a-la-rue-a-grenoble-toujours-suspendu","status":"publish","type":"post","link":"https:\/\/www.ades-grenoble.org\/wordpress\/2019\/11\/29\/larrete-anti-mise-a-la-rue-a-grenoble-toujours-suspendu\/","title":{"rendered":"L\u2019arr\u00eat\u00e9 \u00ab anti-mise \u00e0 la rue \u00bb \u00e0 Grenoble toujours suspendu"},"content":{"rendered":"\n<div class=\"wp-block-image\"><figure class=\"alignleft\"><img loading=\"lazy\" decoding=\"async\" width=\"250\" height=\"258\" src=\"https:\/\/www.ades-grenoble.org\/wordpress\/wp-content\/uploads\/2015\/01\/balance-justice-e1559311237157.jpg\" alt=\"\" class=\"wp-image-9565\"\/><\/figure><\/div>\n\n\n\n<p>Le 21 mai 2019, le maire de Grenoble prenait un arr\u00eat\u00e9\nqui tentait de lier une expulsion \u00e0 une non remise \u00e0 la rue, donc de trouver,\nau pr\u00e9alable, une solution d\u2019h\u00e9bergement pour l\u2019expuls\u00e9. Le maire demandait qu\u2019\u00e0\nl\u2019occasion de toute expulsion il lui soit fourni la justification qu\u2019une\nsolution effective, d\u00e9cente et adapt\u00e9e de logement ou le cas \u00e9ch\u00e9ant d\u2019h\u00e9bergement,\nait \u00e9t\u00e9 propos\u00e9e aux personnes int\u00e9ress\u00e9es.<\/p>\n\n\n\n<p>Le pr\u00e9fet de l\u2019Is\u00e8re a demand\u00e9 au juge des r\u00e9f\u00e9r\u00e9s\ndu tribunal administratif de Grenoble de suspendre l\u2019ex\u00e9cution de l\u2019arr\u00eat\u00e9 du\nmaire de Grenoble. Par une ordonnance du 28 juin 2019, le juge des r\u00e9f\u00e9r\u00e9s du\ntribunal administratif de Grenoble, a suspendu l\u2019ex\u00e9cution de l\u2019arr\u00eat\u00e9 du maire\nde Grenoble. La commune de Grenoble a fait appel de cette suspension, mais par\nune ordonnance du 20 novembre 2019, le juge des r\u00e9f\u00e9r\u00e9s de la Cour\nadministrative d\u2019appel de Lyon a rejet\u00e9 cet appel. L\u2019arr\u00eat\u00e9 reste donc\nsuspendu.<\/p>\n\n\n\n<p>Voici un extrait de l\u2019ordonnance du juge des\nr\u00e9f\u00e9r\u00e9s de la CAA de Lyon&nbsp;:<\/p>\n\n\n\n<!--more-->\n\n\n\n<p><\/p>\n\n\n\n<p><em>\u00ab&nbsp;La commune expose \u00e0 l\u2019appui de sa requ\u00eate d\u2019appel\nle contexte dans lequel est intervenu l\u2019arr\u00eat\u00e9 et les buts recherch\u00e9s \u00e0 cette\noccasion, notamment en mati\u00e8re de coordination des initiatives priv\u00e9es et\npubliques pour le logement et l\u2019h\u00e9bergement ainsi que pour la protection des\npersonnes en situation pr\u00e9caire. Elle soutient par ailleurs que le maire\ndispose de comp\u00e9tences propres en mati\u00e8re de salubrit\u00e9 et qu\u2019il lui appartient\nde pr\u00e9venir les troubles \u00e0 l\u2019ordre public. Il ressort cependant des pi\u00e8ces au\ndossier et notamment de la formulation de l\u2019arr\u00eat\u00e9 du maire attaqu\u00e9 que\ncelui-ci a objectivement pour effet direct d\u2019imposer des conditions \u00e0 l\u2019exercice\npar le pr\u00e9fet des comp\u00e9tences qu\u2019il lui appartient seul de mettre en \u0153uvre en\nmati\u00e8re d\u2019expulsion locative. Dans ces conditions, et sans se m\u00e9prendre sur la\nport\u00e9e effective de l\u2019arr\u00eat\u00e9 contest\u00e9, le juge des r\u00e9f\u00e9r\u00e9s du tribunal administratif\nde Grenoble a pu retenir pour en suspendre l\u2019ex\u00e9cution que les moyens du pr\u00e9fet\nrelatifs \u00e0 l\u2019empi\u00e8tement du maire sur les comp\u00e9tences du pr\u00e9fet et \u00e0 l\u2019entrave\nsusceptible d\u2019\u00eatre ainsi port\u00e9e \u00e0 l\u2019ex\u00e9cution de d\u00e9cisions de justice paraissaient\nen l\u2019\u00e9tat de l\u2019instruction de nature \u00e0 faire na\u00eetre un doute s\u00e9rieux sur la\nl\u00e9galit\u00e9 de cet arr\u00eat\u00e9.<\/em><em>6. Il\nr\u00e9sulte de ce qui vient d\u2019\u00eatre dit au point 5 que la commune de Grenoble n\u2019est manifestement\npas fond\u00e9e \u00e0 soutenir que c\u2019est \u00e0 tort que par l\u2019ordonnance attaqu\u00e9e le juge\ndes r\u00e9f\u00e9r\u00e9s a fait droit \u00e0 la demande de suspension du pr\u00e9fet. Sa requ\u00eate doit\ndonc \u00eatre rejet\u00e9e en toutes ses conclusions.&nbsp;\u00bb<\/em><\/p>\n","protected":false},"excerpt":{"rendered":"<p>Le 21 mai 2019, le maire de Grenoble prenait un arr\u00eat\u00e9 qui tentait de lier une expulsion \u00e0 une non remise \u00e0 la rue, donc de trouver, au pr\u00e9alable, une solution d\u2019h\u00e9bergement pour l\u2019expuls\u00e9. Le maire demandait qu\u2019\u00e0 l\u2019occasion de toute expulsion il lui soit fourni la justification qu\u2019une solution effective, d\u00e9cente et adapt\u00e9e de [&hellip;]<\/p>\n","protected":false},"author":1,"featured_media":0,"comment_status":"closed","ping_status":"open","sticky":false,"template":"","format":"standard","meta":{"twitterCardType":"","cardImageID":0,"cardImage":"","cardTitle":"","cardDesc":"","cardImageAlt":"","cardPlayer":"","cardPlayerWidth":0,"cardPlayerHeight":0,"cardPlayerStream":"","cardPlayerCodec":"","footnotes":""},"categories":[62,11],"tags":[215,209,52,181],"class_list":["post-16551","post","type-post","status-publish","format-standard","hentry","category-le-rouge-le-vert-hebdo","category-politique-locale","tag-grenoble","tag-hebergement","tag-justice-administrative","tag-precarite"],"_links":{"self":[{"href":"https:\/\/www.ades-grenoble.org\/wordpress\/wp-json\/wp\/v2\/posts\/16551","targetHints":{"allow":["GET"]}}],"collection":[{"href":"https:\/\/www.ades-grenoble.org\/wordpress\/wp-json\/wp\/v2\/posts"}],"about":[{"href":"https:\/\/www.ades-grenoble.org\/wordpress\/wp-json\/wp\/v2\/types\/post"}],"author":[{"embeddable":true,"href":"https:\/\/www.ades-grenoble.org\/wordpress\/wp-json\/wp\/v2\/users\/1"}],"replies":[{"embeddable":true,"href":"https:\/\/www.ades-grenoble.org\/wordpress\/wp-json\/wp\/v2\/comments?post=16551"}],"version-history":[{"count":1,"href":"https:\/\/www.ades-grenoble.org\/wordpress\/wp-json\/wp\/v2\/posts\/16551\/revisions"}],"predecessor-version":[{"id":16552,"href":"https:\/\/www.ades-grenoble.org\/wordpress\/wp-json\/wp\/v2\/posts\/16551\/revisions\/16552"}],"wp:attachment":[{"href":"https:\/\/www.ades-grenoble.org\/wordpress\/wp-json\/wp\/v2\/media?parent=16551"}],"wp:term":[{"taxonomy":"category","embeddable":true,"href":"https:\/\/www.ades-grenoble.org\/wordpress\/wp-json\/wp\/v2\/categories?post=16551"},{"taxonomy":"post_tag","embeddable":true,"href":"https:\/\/www.ades-grenoble.org\/wordpress\/wp-json\/wp\/v2\/tags?post=16551"}],"curies":[{"name":"wp","href":"https:\/\/api.w.org\/{rel}","templated":true}]}}