{"id":16597,"date":"2019-12-06T15:10:41","date_gmt":"2019-12-06T14:10:41","guid":{"rendered":"https:\/\/www.ades-grenoble.org\/wordpress\/?p=16597"},"modified":"2019-12-06T15:41:27","modified_gmt":"2019-12-06T14:41:27","slug":"politique-politicienne-179","status":"publish","type":"post","link":"https:\/\/www.ades-grenoble.org\/wordpress\/2019\/12\/06\/politique-politicienne-179\/","title":{"rendered":"Politique politicienne"},"content":{"rendered":"\n<div class=\"wp-block-image\"><figure class=\"alignleft\"><img loading=\"lazy\" decoding=\"async\" width=\"200\" height=\"234\" src=\"https:\/\/www.ades-grenoble.org\/wordpress\/wp-content\/uploads\/2015\/01\/fou1.png\" alt=\"\" class=\"wp-image-9634\" srcset=\"https:\/\/www.ades-grenoble.org\/wordpress\/wp-content\/uploads\/2015\/01\/fou1.png 200w, https:\/\/www.ades-grenoble.org\/wordpress\/wp-content\/uploads\/2015\/01\/fou1-128x150.png 128w\" sizes=\"auto, (max-width: 200px) 100vw, 200px\" \/><\/figure><\/div>\n\n\n\n<p>Qu\u2019est\nce qui se passe quand on n\u2019a pas suivi l\u2019activit\u00e9 municipale ces derni\u00e8res\nann\u00e9es&nbsp;et qu\u2019on a pr\u00e9f\u00e9r\u00e9 partir \u00e0 Paris soutenir la politique du\nPr\u00e9sident Macron&nbsp;? Et bien on propose des \u00e2neries et des b\u00eatises\u2026 La liste\ndu d\u00e9l\u00e9gu\u00e9 interminist\u00e9riel contre la pauvret\u00e9 O. Noblecourt se lance dans des\npropositions concernant la d\u00e9mocratie participative qui d\u00e9butent par un gros\nbug&nbsp;! Ils veulent ouvrir la voie au referendum local \u00ab&nbsp;<em>en\nrespectant le cadre l\u00e9gal<\/em>&nbsp;\u00bb au niveau municipal ou m\u00e9tropolitain.\nC\u2019est leur premier engagement concernant la d\u00e9mocratie participative. Sauf que\ntout le monde sait bien que ceci est interdit au niveau m\u00e9tropolitain puisque\nla m\u00e9tropole n\u2019est pas une collectivit\u00e9 territoriale (contrairement \u00e0 celle de\nLyon). Autre proposition qui interroge sur son s\u00e9rieux, \u00ab&nbsp;<em>red\u00e9finir la\nposture de l\u2019\u00e9lu, davantage \u00e0 l\u2019\u00e9coute sur le terrain aux cot\u00e9s des acteurs et\ndes habitants&nbsp;\u00bb<\/em>port\u00e9e par un candidat qui a quitt\u00e9 son\nmandat d\u2019\u00e9lu pour aller dans les sph\u00e8res parisiennes du pouvoir\u2026 Et que dire de\nson affirmation dans les colonnes des Affiches de Grenoble et du Dauphin\u00e9&nbsp;:\n\u00ab&nbsp;<em>je n\u2019ai pas besoin de la politique pour vivre<\/em>&nbsp;\u00bb. Lui qui n\u2019a\nque v\u00e9cu de la politique&nbsp;! Faites ce que je dis, pas ce que je fais&nbsp;!<\/p>\n\n\n<hr>\n\n\n<p>L\u2019ancien\nmaire corrompu essaye d\u2019innover en politique. Il va proposer que le Conseil municipal\nne d\u00e9pense pas d\u2019argent pour r\u00e9parer les d\u00e9g\u00e2ts de l\u2019incendie et continue de se\ntenir dans la salle du Conseil m\u00e9tropolitain. Cela veut dire qu\u2019il ne veut pas\nr\u00e9parer les d\u00e9g\u00e2ts et laisser l\u2019H\u00f4tel de Ville en l\u2019\u00e9tat&nbsp;! Il avait\nd\u00e9montr\u00e9 dans le pass\u00e9 qu\u2019il n\u2019entretenait pas le patrimoine municipal, il veut\ndonc continuer. La nouvelle majorit\u00e9 a mis fin au pr\u00e9c\u00e9dent contrat d\u2019assurance\ndes b\u00e2timents municipaux qui coutait 1,26 millions d\u2019euros par an avec une\nfranchise de 1,5 millions d\u2019euros. Le nouveau contrat coute seulement 0, 25 M\u20ac\npar an et la franchise a diminu\u00e9 \u00e0 0,75 M\u20ac. Voil\u00e0 de vraies \u00e9conomies et non\ndes propositions d\u00e9biles et d\u00e9magogiques qui ne m\u00e8nent \u00e0 rien. R\u00e9parer les d\u00e9g\u00e2ts\nne co\u00fbtera donc que 0,75 M\u20ac, il faut \u00e9videmment r\u00e9parer et retrouver la salle\ndes mariages, une salle du Conseil et l\u2019acc\u00e8s aux nombreux bureaux actuellement\ninaccessibles et qui seront d\u00e9pollu\u00e9s.<\/p>\n","protected":false},"excerpt":{"rendered":"<p>Qu\u2019est ce qui se passe quand on n\u2019a pas suivi l\u2019activit\u00e9 municipale ces derni\u00e8res ann\u00e9es&nbsp;et qu\u2019on a pr\u00e9f\u00e9r\u00e9 partir \u00e0 Paris soutenir la politique du Pr\u00e9sident Macron&nbsp;? Et bien on propose des \u00e2neries et des b\u00eatises\u2026 La liste du d\u00e9l\u00e9gu\u00e9 interminist\u00e9riel contre la pauvret\u00e9 O. Noblecourt se lance dans des propositions concernant la d\u00e9mocratie participative [&hellip;]<\/p>\n","protected":false},"author":1,"featured_media":0,"comment_status":"closed","ping_status":"open","sticky":false,"template":"","format":"standard","meta":{"twitterCardType":"","cardImageID":0,"cardImage":"","cardTitle":"","cardDesc":"","cardImageAlt":"","cardPlayer":"","cardPlayerWidth":0,"cardPlayerHeight":0,"cardPlayerStream":"","cardPlayerCodec":"","footnotes":""},"categories":[62,11],"tags":[327,54],"class_list":["post-16597","post","type-post","status-publish","format-standard","hentry","category-le-rouge-le-vert-hebdo","category-politique-locale","tag-municipales-2020","tag-politique-droite-gauche"],"_links":{"self":[{"href":"https:\/\/www.ades-grenoble.org\/wordpress\/wp-json\/wp\/v2\/posts\/16597","targetHints":{"allow":["GET"]}}],"collection":[{"href":"https:\/\/www.ades-grenoble.org\/wordpress\/wp-json\/wp\/v2\/posts"}],"about":[{"href":"https:\/\/www.ades-grenoble.org\/wordpress\/wp-json\/wp\/v2\/types\/post"}],"author":[{"embeddable":true,"href":"https:\/\/www.ades-grenoble.org\/wordpress\/wp-json\/wp\/v2\/users\/1"}],"replies":[{"embeddable":true,"href":"https:\/\/www.ades-grenoble.org\/wordpress\/wp-json\/wp\/v2\/comments?post=16597"}],"version-history":[{"count":2,"href":"https:\/\/www.ades-grenoble.org\/wordpress\/wp-json\/wp\/v2\/posts\/16597\/revisions"}],"predecessor-version":[{"id":16599,"href":"https:\/\/www.ades-grenoble.org\/wordpress\/wp-json\/wp\/v2\/posts\/16597\/revisions\/16599"}],"wp:attachment":[{"href":"https:\/\/www.ades-grenoble.org\/wordpress\/wp-json\/wp\/v2\/media?parent=16597"}],"wp:term":[{"taxonomy":"category","embeddable":true,"href":"https:\/\/www.ades-grenoble.org\/wordpress\/wp-json\/wp\/v2\/categories?post=16597"},{"taxonomy":"post_tag","embeddable":true,"href":"https:\/\/www.ades-grenoble.org\/wordpress\/wp-json\/wp\/v2\/tags?post=16597"}],"curies":[{"name":"wp","href":"https:\/\/api.w.org\/{rel}","templated":true}]}}