{"id":16616,"date":"2019-12-13T11:38:09","date_gmt":"2019-12-13T10:38:09","guid":{"rendered":"https:\/\/www.ades-grenoble.org\/wordpress\/?p=16616"},"modified":"2019-12-13T12:15:56","modified_gmt":"2019-12-13T11:15:56","slug":"le-mal-emploi-toujours-au-plus-haut","status":"publish","type":"post","link":"https:\/\/www.ades-grenoble.org\/wordpress\/2019\/12\/13\/le-mal-emploi-toujours-au-plus-haut\/","title":{"rendered":"Le \u00ab mal-emploi \u00bb toujours au plus haut"},"content":{"rendered":"\n<div class=\"wp-block-image\"><figure class=\"alignleft\"><img loading=\"lazy\" decoding=\"async\" width=\"300\" height=\"89\" src=\"https:\/\/www.ades-grenoble.org\/wordpress\/wp-content\/uploads\/2019\/03\/Observatoire-inegalites.jpg\" alt=\"\" class=\"wp-image-15549\" srcset=\"https:\/\/www.ades-grenoble.org\/wordpress\/wp-content\/uploads\/2019\/03\/Observatoire-inegalites.jpg 300w, https:\/\/www.ades-grenoble.org\/wordpress\/wp-content\/uploads\/2019\/03\/Observatoire-inegalites-150x45.jpg 150w\" sizes=\"auto, (max-width: 300px) 100vw, 300px\" \/><\/figure><\/div>\n\n\n\n<p>Dans\nune \u00e9tude du 5 d\u00e9cembre, l\u2019Observatoire des in\u00e9galit\u00e9s examine\nl\u2019\u00e9volution du <em>\u00ab&nbsp;mal-emploi<\/em>&nbsp;\u00bb depuis 1990 en France. Le <em>\u00ab&nbsp;mal-emploi<\/em>&nbsp;\u00bb\nconcerne, les ch\u00f4meurs, les travailleurs pr\u00e9caires, les d\u00e9courag\u00e9s du travail,\nce qui repr\u00e9sente 8 millions de personne soit un actif sur quatre.\nL\u2019augmentation a \u00e9t\u00e9 de 2,8 millions de personnes de plus qu\u2019en 1990. Le nombre\nde contrats pr\u00e9caires entre 2015 et 2018 est pass\u00e9 de 3,4 millions \u00e0 3,7\nmillions&nbsp;!<br>\nL\u2019Observatoire constate que jamais le mal-emploi n\u2019a \u00e9t\u00e9 aussi \u00e9lev\u00e9 que ces quatre\nderni\u00e8res ann\u00e9es, le ch\u00f4mage diminue lentement depuis 2015, mais la pr\u00e9carit\u00e9\ndu travail augmente.&nbsp;<\/p>\n\n\n\n<!--more-->\n\n\n\n<p><em>\u00ab\u00a0Notre indicateur de mal-emploi rassemble les personnes qui occupent un emploi pr\u00e9caire et celles qui n\u2019ont pas de travail mais qui souhaiteraient en avoir un. Notre d\u00e9finition de la pr\u00e9carit\u00e9 regroupe l\u2019int\u00e9rim, les contrats \u00e0 dur\u00e9e d\u00e9termin\u00e9e et l\u2019apprentissage. Les ch\u00f4meurs sont ceux qui sont comptabilis\u00e9s comme tels selon la d\u00e9finition du Bureau international du travail. Nous y ajoutons les inactifs qui d\u00e9clarent souhaiter travailler, ce que l\u2019Insee appelle le \u00ab\u00a0halo\u00a0\u00bb du ch\u00f4mage. Le taux de mal-emploi repr\u00e9sente la part de ces personnes parmi l\u2019ensemble des actifs (personnes en emploi ou au ch\u00f4mage) auxquels nous ajoutons les inactifs souhaitant travailler.\u00a0<br> D\u2019un c\u00f4t\u00e9, notre indicateur surestime la pr\u00e9carit\u00e9. Une partie des ch\u00f4meurs et des pr\u00e9caires le sont de fa\u00e7on tr\u00e8s temporaire. Certains, m\u00eame s\u2019ils demeurent tr\u00e8s minoritaires, occupent un contrat court parce qu\u2019ils l\u2019ont choisi en attendant de faire un choix d\u00e9finitif. De l\u2019autre c\u00f4t\u00e9, il la sous-estime. Il n\u2019int\u00e8gre pas les non-salari\u00e9s pr\u00e9caires, peu qualifi\u00e9s, dont certains vivent au jour le jour (comme les livreurs pay\u00e9s \u00e0 la t\u00e2che). Il ne comprend pas non plus les salari\u00e9s en temps partiel dont une partie souhaiterait travailler plus.\u00a0\u00bb<\/em><\/p>\n\n\n\n<p>Pour lire l&rsquo;\u00e9tude compl\u00e8te, cliquer <a href=\"https:\/\/www.inegalites.fr\/Le-mal-emploi-toujours-au-plus-haut\" target=\"_blank\" rel=\"noreferrer noopener\" aria-label=\"ici (s\u2019ouvre dans un nouvel onglet)\">ici<\/a>.<\/p>\n","protected":false},"excerpt":{"rendered":"<p>Dans une \u00e9tude du 5 d\u00e9cembre, l\u2019Observatoire des in\u00e9galit\u00e9s examine l\u2019\u00e9volution du \u00ab&nbsp;mal-emploi&nbsp;\u00bb depuis 1990 en France. Le \u00ab&nbsp;mal-emploi&nbsp;\u00bb concerne, les ch\u00f4meurs, les travailleurs pr\u00e9caires, les d\u00e9courag\u00e9s du travail, ce qui repr\u00e9sente 8 millions de personne soit un actif sur quatre. L\u2019augmentation a \u00e9t\u00e9 de 2,8 millions de personnes de plus qu\u2019en 1990. Le nombre [&hellip;]<\/p>\n","protected":false},"author":1,"featured_media":0,"comment_status":"closed","ping_status":"open","sticky":false,"template":"","format":"standard","meta":{"twitterCardType":"","cardImageID":0,"cardImage":"","cardTitle":"","cardDesc":"","cardImageAlt":"","cardPlayer":"","cardPlayerWidth":0,"cardPlayerHeight":0,"cardPlayerStream":"","cardPlayerCodec":"","footnotes":""},"categories":[62,11],"tags":[104,197,181],"class_list":["post-16616","post","type-post","status-publish","format-standard","hentry","category-le-rouge-le-vert-hebdo","category-politique-locale","tag-economie","tag-emploi","tag-precarite"],"_links":{"self":[{"href":"https:\/\/www.ades-grenoble.org\/wordpress\/wp-json\/wp\/v2\/posts\/16616","targetHints":{"allow":["GET"]}}],"collection":[{"href":"https:\/\/www.ades-grenoble.org\/wordpress\/wp-json\/wp\/v2\/posts"}],"about":[{"href":"https:\/\/www.ades-grenoble.org\/wordpress\/wp-json\/wp\/v2\/types\/post"}],"author":[{"embeddable":true,"href":"https:\/\/www.ades-grenoble.org\/wordpress\/wp-json\/wp\/v2\/users\/1"}],"replies":[{"embeddable":true,"href":"https:\/\/www.ades-grenoble.org\/wordpress\/wp-json\/wp\/v2\/comments?post=16616"}],"version-history":[{"count":1,"href":"https:\/\/www.ades-grenoble.org\/wordpress\/wp-json\/wp\/v2\/posts\/16616\/revisions"}],"predecessor-version":[{"id":16617,"href":"https:\/\/www.ades-grenoble.org\/wordpress\/wp-json\/wp\/v2\/posts\/16616\/revisions\/16617"}],"wp:attachment":[{"href":"https:\/\/www.ades-grenoble.org\/wordpress\/wp-json\/wp\/v2\/media?parent=16616"}],"wp:term":[{"taxonomy":"category","embeddable":true,"href":"https:\/\/www.ades-grenoble.org\/wordpress\/wp-json\/wp\/v2\/categories?post=16616"},{"taxonomy":"post_tag","embeddable":true,"href":"https:\/\/www.ades-grenoble.org\/wordpress\/wp-json\/wp\/v2\/tags?post=16616"}],"curies":[{"name":"wp","href":"https:\/\/api.w.org\/{rel}","templated":true}]}}