{"id":16672,"date":"2019-12-21T09:54:13","date_gmt":"2019-12-21T08:54:13","guid":{"rendered":"https:\/\/www.ades-grenoble.org\/wordpress\/?p=16672"},"modified":"2019-12-21T10:23:59","modified_gmt":"2019-12-21T09:23:59","slug":"bonnes-fetes-de-fin-dannee-malgre-les-mauvais-coups-du-gouvernement","status":"publish","type":"post","link":"https:\/\/www.ades-grenoble.org\/wordpress\/2019\/12\/21\/bonnes-fetes-de-fin-dannee-malgre-les-mauvais-coups-du-gouvernement\/","title":{"rendered":"Bonnes f\u00eates de fin d\u2019ann\u00e9e, malgr\u00e9 les mauvais coups du gouvernement"},"content":{"rendered":"\n<div class=\"wp-block-image\"><figure class=\"alignleft\"><img loading=\"lazy\" decoding=\"async\" width=\"293\" height=\"258\" src=\"https:\/\/www.ades-grenoble.org\/wordpress\/wp-content\/uploads\/2017\/04\/Logo-Ades-web.jpg\" alt=\"\" class=\"wp-image-12873\" srcset=\"https:\/\/www.ades-grenoble.org\/wordpress\/wp-content\/uploads\/2017\/04\/Logo-Ades-web.jpg 293w, https:\/\/www.ades-grenoble.org\/wordpress\/wp-content\/uploads\/2017\/04\/Logo-Ades-web-150x132.jpg 150w\" sizes=\"auto, (max-width: 293px) 100vw, 293px\" \/><\/figure><\/div>\n\n\n\n<p>Le Rouge et le Vert suspend sa parution durant les cong\u00e9s de fin d\u2019ann\u00e9e et reprendra sa publication d\u00e9but janvier 2020, il souhaite \u00e0 toutes et tous de profiter au mieux de cette p\u00e9riode de f\u00eate, malgr\u00e9 les tr\u00e8s mauvais coups ass\u00e9n\u00e9s par le gouvernement Macron. Il y aura d\u00e9j\u00e0 \u00e0 subir la loi de finances 2020 qui poursuivra les attaques graves et continues contre notre syst\u00e8me de sant\u00e9 (en particulier les h\u00f4pitaux), le logement social, les finances des collectivit\u00e9s et les plus pauvres. L\u2019attaque frontale contre le r\u00e9gime des retraites veut remettre en cause notre syst\u00e8me de solidarit\u00e9 entre actifs et retrait\u00e9s ; il est essentiel que les r\u00e9sistances multiples bloquent ce tr\u00e8s mauvais coup.<\/p>\n","protected":false},"excerpt":{"rendered":"<p>Le Rouge et le Vert suspend sa parution durant les cong\u00e9s de fin d\u2019ann\u00e9e et reprendra sa publication d\u00e9but janvier 2020, il souhaite \u00e0 toutes et tous de profiter au mieux de cette p\u00e9riode de f\u00eate, malgr\u00e9 les tr\u00e8s mauvais coups ass\u00e9n\u00e9s par le gouvernement Macron. Il y aura d\u00e9j\u00e0 \u00e0 subir la loi de [&hellip;]<\/p>\n","protected":false},"author":1,"featured_media":0,"comment_status":"closed","ping_status":"open","sticky":false,"template":"","format":"standard","meta":{"twitterCardType":"","cardImageID":0,"cardImage":"","cardTitle":"","cardDesc":"","cardImageAlt":"","cardPlayer":"","cardPlayerWidth":0,"cardPlayerHeight":0,"cardPlayerStream":"","cardPlayerCodec":"","footnotes":""},"categories":[62,11],"tags":[143,171],"class_list":["post-16672","post","type-post","status-publish","format-standard","hentry","category-le-rouge-le-vert-hebdo","category-politique-locale","tag-ades","tag-fete"],"_links":{"self":[{"href":"https:\/\/www.ades-grenoble.org\/wordpress\/wp-json\/wp\/v2\/posts\/16672","targetHints":{"allow":["GET"]}}],"collection":[{"href":"https:\/\/www.ades-grenoble.org\/wordpress\/wp-json\/wp\/v2\/posts"}],"about":[{"href":"https:\/\/www.ades-grenoble.org\/wordpress\/wp-json\/wp\/v2\/types\/post"}],"author":[{"embeddable":true,"href":"https:\/\/www.ades-grenoble.org\/wordpress\/wp-json\/wp\/v2\/users\/1"}],"replies":[{"embeddable":true,"href":"https:\/\/www.ades-grenoble.org\/wordpress\/wp-json\/wp\/v2\/comments?post=16672"}],"version-history":[{"count":3,"href":"https:\/\/www.ades-grenoble.org\/wordpress\/wp-json\/wp\/v2\/posts\/16672\/revisions"}],"predecessor-version":[{"id":16676,"href":"https:\/\/www.ades-grenoble.org\/wordpress\/wp-json\/wp\/v2\/posts\/16672\/revisions\/16676"}],"wp:attachment":[{"href":"https:\/\/www.ades-grenoble.org\/wordpress\/wp-json\/wp\/v2\/media?parent=16672"}],"wp:term":[{"taxonomy":"category","embeddable":true,"href":"https:\/\/www.ades-grenoble.org\/wordpress\/wp-json\/wp\/v2\/categories?post=16672"},{"taxonomy":"post_tag","embeddable":true,"href":"https:\/\/www.ades-grenoble.org\/wordpress\/wp-json\/wp\/v2\/tags?post=16672"}],"curies":[{"name":"wp","href":"https:\/\/api.w.org\/{rel}","templated":true}]}}