{"id":16700,"date":"2020-01-10T16:27:34","date_gmt":"2020-01-10T15:27:34","guid":{"rendered":"https:\/\/www.ades-grenoble.org\/wordpress\/?p=16700"},"modified":"2020-01-10T16:54:15","modified_gmt":"2020-01-10T15:54:15","slug":"la-strategie-de-macron-pour-les-municipales-a-grenoble-en-2020","status":"publish","type":"post","link":"https:\/\/www.ades-grenoble.org\/wordpress\/2020\/01\/10\/la-strategie-de-macron-pour-les-municipales-a-grenoble-en-2020\/","title":{"rendered":"La strat\u00e9gie de Macron pour les municipales \u00e0 Grenoble en 2020"},"content":{"rendered":"\n<div class=\"wp-block-image\"><figure class=\"alignleft\"><img loading=\"lazy\" decoding=\"async\" width=\"350\" height=\"189\" src=\"https:\/\/www.ades-grenoble.org\/wordpress\/wp-content\/uploads\/2019\/02\/cartes-electorales.jpg\" alt=\"\" class=\"wp-image-15305\" srcset=\"https:\/\/www.ades-grenoble.org\/wordpress\/wp-content\/uploads\/2019\/02\/cartes-electorales.jpg 350w, https:\/\/www.ades-grenoble.org\/wordpress\/wp-content\/uploads\/2019\/02\/cartes-electorales-150x81.jpg 150w, https:\/\/www.ades-grenoble.org\/wordpress\/wp-content\/uploads\/2019\/02\/cartes-electorales-300x162.jpg 300w\" sizes=\"auto, (max-width: 350px) 100vw, 350px\" \/><\/figure><\/div>\n\n\n\n<p>Aux \u00e9lections pr\u00e9sidentielles\net aux \u00e9lections l\u00e9gislatives de 2017, la strat\u00e9gie de conqu\u00eate du pouvoir de\nMacron a parfaitement fonctionn\u00e9 en jouant sur le rejet des appareils scl\u00e9ros\u00e9s\nde la gauche et de la droite traditionnelles. A Grenoble comme dans les grandes\nvilles, les scores de Macron \u00e0 la pr\u00e9sidentielle et aux l\u00e9gislatives \u00e9taient\ntr\u00e8s \u00e9lev\u00e9s. Mais la d\u00e9couverte par un grand nombre d\u2019\u00e9lecteurs que la\npolitique de Macron virait rapidement \u00e0 droite, a entrain\u00e9 que son assise\npolitique s\u2019est fortement r\u00e9duite.<\/p>\n\n\n\n<p>Pour \u00e9viter que les \u00e9lections\nmunicipales ne soient un \u00e9chec, les tenant du macronisme soit s\u2019allient avec\ndes \u00e9quipes sortantes, soit proposent plusieurs listes au premier tour pour\nratisser large et voir quelles alliances passer au deuxi\u00e8me tour pour gagner ou\nlimiter les d\u00e9g\u00e2ts. C\u2019est le cas de Grenoble o\u00f9 deux listes pro-Macron sont\npropos\u00e9es, car la majorit\u00e9 sortante, men\u00e9e par Eric Piolle, est tr\u00e8s oppos\u00e9e \u00e0\nla politique de Macron et de son gouvernement, il n\u2019y a donc aucune possibilit\u00e9\nd\u2019alliance pour les pro-Macron avec les sortants.<\/p>\n\n\n\n<!--more-->\n\n\n\n<p>Le mouvement \u00ab&nbsp;<em>En\nmarche<\/em>&nbsp;\u00bb a d\u00e9sign\u00e9 comme candidate officielle, la d\u00e9put\u00e9e E. Chalas.\nMais elle n\u2019est pas connue et reste marqu\u00e9e \u00e0 droite (elle a \u00e9t\u00e9 directrice\ng\u00e9n\u00e9rale des services de Moirans, commune tr\u00e8s \u00e0 droite). C\u2019est pourquoi un\naccord a \u00e9t\u00e9 pass\u00e9 par Macron avec O. Noblecourt qui a fait toute sa carri\u00e8re \u00e0\nGrenoble dans l\u2019ombre de M. Destot (cabinet du maire, puis adjoint) pour qu\u2019il\nse pr\u00e9sente \u00e0 l\u2019\u00e9lection en se marquant plus \u00e0 gauche en obtenant apr\u00e8s\nquelques magouilles politiciennes le soutien du PS, qui localement n\u2019a toujours\npas dig\u00e9r\u00e9 ni compris sa d\u00e9faite de 2014. Apr\u00e8s la d\u00e9faite de mars 2014 de la\nliste men\u00e9e par J. Safar, O. Noblecourt s\u2019est retrouv\u00e9 dans l\u2019opposition et a\ntrouv\u00e9 du travail \u00e0 Paris dans un cabinet minist\u00e9riel et apr\u00e8s la victoire de\nMacron en 2017, il est devenu un proche collaborateur du gouvernement en tant\nque d\u00e9l\u00e9gu\u00e9 interminist\u00e9riel pour la lutte contre la pauvret\u00e9 et n\u2019est plus\nadh\u00e9rent au PS. <\/p>\n\n\n\n<p>Pour pouvoir faire campagne\nil lui fallait ne plus \u00eatre en op\u00e9ration pour le gouvernement, c\u2019est pourquoi\nen accord avec Macron, il a \u00e9t\u00e9 mis fin en Conseil des ministres du 6 janvier \u00e0\nsa mission de d\u00e9l\u00e9gu\u00e9 interminist\u00e9riel et une personnalit\u00e9 a \u00e9t\u00e9 nomm\u00e9e dans\ncette fonction par int\u00e9rim, ainsi s\u2019il n\u2019est pas maire (ce qui est tr\u00e8s\nprobable), il retrouvera sans probl\u00e8me une mission aupr\u00e8s du gouvernement. Il d\u00e9clare \u00e0\nLib\u00e9ration qu\u2019il s\u2019agit d\u2019<em>\u00abun\nd\u00e9part construit, organis\u00e9 ; je ne d\u00e9missionne pas, c\u2019est une fin de mission\u00bb. <\/em>C\u2019est donc en complet accord avec Macron qu\u2019il m\u00e8ne\ncampagne.<\/p>\n\n\n\n<p>Il suffit pour se convaincre de sa situation\npolitique tr\u00e8s proche de Macron d\u2019examiner tous les \u00e9crits de la campagne qu\u2019il\nlance \u00e0 Grenoble pour s\u2019apercevoir qu\u2019il n\u2019y a pas un seul reproche \u00e0 la\npolitique gouvernementale, pourtant cette derni\u00e8re est tr\u00e8s n\u00e9gative vis-\u00e0-vis\ndes collectivit\u00e9s. Et sa lettre \u00e0 Macron du 6 janvier 2020 d\u00e9montre son\nall\u00e9geance totale au Pr\u00e9sident. Enfin, il prend grand soin de ne pas attaquer\nE. Chalas et cette derni\u00e8re fait de m\u00eame.\n\nA l\u2019issue du premier tour le 15\nmars, il y aura fusion des deux listes pro-Macron puisqu\u2019aucune fusion ne sera\npossible avec la liste citoyenne de gauche et \u00e9cologiste d\u2019Eric Piolle au 2<sup>\u00e8me<\/sup>\ntour. On s\u2019acheminera alors vers au moins une triangulaire le 22 mars et le\nchoix politique sera pour une fois tr\u00e8s clair&nbsp;: remettre le corrompu aux\naffaires, ouvrir la voix \u00e0 l\u2019ultralib\u00e9ralisme pour les gagnants de la\nmondialisation ou voter \u00ab&nbsp;<em>Grenoble en commun<\/em>&nbsp;\u00bb pour assurer\nque Grenoble restera une ville pour toutes et tous.\n\n\n\n<\/p>\n","protected":false},"excerpt":{"rendered":"<p>Aux \u00e9lections pr\u00e9sidentielles et aux \u00e9lections l\u00e9gislatives de 2017, la strat\u00e9gie de conqu\u00eate du pouvoir de Macron a parfaitement fonctionn\u00e9 en jouant sur le rejet des appareils scl\u00e9ros\u00e9s de la gauche et de la droite traditionnelles. A Grenoble comme dans les grandes villes, les scores de Macron \u00e0 la pr\u00e9sidentielle et aux l\u00e9gislatives \u00e9taient tr\u00e8s [&hellip;]<\/p>\n","protected":false},"author":1,"featured_media":0,"comment_status":"closed","ping_status":"open","sticky":false,"template":"","format":"standard","meta":{"twitterCardType":"","cardImageID":0,"cardImage":"","cardTitle":"","cardDesc":"","cardImageAlt":"","cardPlayer":"","cardPlayerWidth":0,"cardPlayerHeight":0,"cardPlayerStream":"","cardPlayerCodec":"","footnotes":""},"categories":[62,11],"tags":[109,140,327],"class_list":["post-16700","post","type-post","status-publish","format-standard","hentry","category-le-rouge-le-vert-hebdo","category-politique-locale","tag-droite","tag-elections","tag-municipales-2020"],"_links":{"self":[{"href":"https:\/\/www.ades-grenoble.org\/wordpress\/wp-json\/wp\/v2\/posts\/16700","targetHints":{"allow":["GET"]}}],"collection":[{"href":"https:\/\/www.ades-grenoble.org\/wordpress\/wp-json\/wp\/v2\/posts"}],"about":[{"href":"https:\/\/www.ades-grenoble.org\/wordpress\/wp-json\/wp\/v2\/types\/post"}],"author":[{"embeddable":true,"href":"https:\/\/www.ades-grenoble.org\/wordpress\/wp-json\/wp\/v2\/users\/1"}],"replies":[{"embeddable":true,"href":"https:\/\/www.ades-grenoble.org\/wordpress\/wp-json\/wp\/v2\/comments?post=16700"}],"version-history":[{"count":1,"href":"https:\/\/www.ades-grenoble.org\/wordpress\/wp-json\/wp\/v2\/posts\/16700\/revisions"}],"predecessor-version":[{"id":16701,"href":"https:\/\/www.ades-grenoble.org\/wordpress\/wp-json\/wp\/v2\/posts\/16700\/revisions\/16701"}],"wp:attachment":[{"href":"https:\/\/www.ades-grenoble.org\/wordpress\/wp-json\/wp\/v2\/media?parent=16700"}],"wp:term":[{"taxonomy":"category","embeddable":true,"href":"https:\/\/www.ades-grenoble.org\/wordpress\/wp-json\/wp\/v2\/categories?post=16700"},{"taxonomy":"post_tag","embeddable":true,"href":"https:\/\/www.ades-grenoble.org\/wordpress\/wp-json\/wp\/v2\/tags?post=16700"}],"curies":[{"name":"wp","href":"https:\/\/api.w.org\/{rel}","templated":true}]}}