{"id":16721,"date":"2020-01-17T11:28:57","date_gmt":"2020-01-17T10:28:57","guid":{"rendered":"https:\/\/www.ades-grenoble.org\/wordpress\/?p=16721"},"modified":"2020-01-17T12:16:42","modified_gmt":"2020-01-17T11:16:42","slug":"pesticides-un-cadre-reglementaire-qui-fait-du-sur-place","status":"publish","type":"post","link":"https:\/\/www.ades-grenoble.org\/wordpress\/2020\/01\/17\/pesticides-un-cadre-reglementaire-qui-fait-du-sur-place\/","title":{"rendered":"Pesticides, un cadre r\u00e8glementaire qui fait du sur-place !"},"content":{"rendered":"\n<div class=\"wp-block-image\"><figure class=\"alignleft\"><img loading=\"lazy\" decoding=\"async\" width=\"400\" height=\"189\" src=\"https:\/\/www.ades-grenoble.org\/wordpress\/wp-content\/uploads\/2014\/09\/JO1.jpg\" alt=\"\" class=\"wp-image-9002\" srcset=\"https:\/\/www.ades-grenoble.org\/wordpress\/wp-content\/uploads\/2014\/09\/JO1.jpg 400w, https:\/\/www.ades-grenoble.org\/wordpress\/wp-content\/uploads\/2014\/09\/JO1-150x70.jpg 150w, https:\/\/www.ades-grenoble.org\/wordpress\/wp-content\/uploads\/2014\/09\/JO1-300x141.jpg 300w\" sizes=\"auto, (max-width: 400px) 100vw, 400px\" \/><\/figure><\/div>\n\n\n\n<p>Les \u00ab distances de s\u00e9curit\u00e9 \u00bb entre lieux d\u2019habitation et surfaces agricoles concern\u00e9es par l\u2019\u00e9pandage de produits phytosanitaires ont \u00e9t\u00e9 choisies en fonction des recommandations de l\u2019Anses, dans son avis du 14 juin dernier. Ce sera entre 5 et 10 m\u00e8tres, donc rien ne changera r\u00e9ellement.<\/p>\n\n\n\n<p>La publication d\u2019un d\u00e9cret et d\u2019un arr\u00eat\u00e9 du minist\u00e8re de l\u2019Agriculture au Journal officiel du 29 d\u00e9cembre officialise le nouveau cadre r\u00e8glementaire.<\/p>\n\n\n\n<!--more-->\n\n\n\n<p>Trois distances ont \u00e9t\u00e9 retenues :  <\/p>\n\n\n\n<ul class=\"wp-block-list\"><li>20 m pour les substances les plus pr\u00e9occupantes. Ces substances sont pr\u00e9cis\u00e9es dans l\u2019arr\u00eat\u00e9. <\/li><li>Pour les autres produits phytosanitaires , deux distances sont d\u00e9finies en fonction du type de culture : <ul><li>10 m pour les cultures dites \u00ab hautes \u00bb (arboriculture, viticulture, arbres et arbustes, petits fruits et cultures ornementales de plus de 50 cm, bananiers et houblon)<\/li><li>5 m pour les cultures basses.<\/li><\/ul><\/li><\/ul>\n\n\n\n<p>Ces distances peuvent \u00eatre diminu\u00e9es, respectivement \u00e0 5 m et 3 m, dans le cadre de chartes locales, si l\u2019agriculteur a recours  aux mat\u00e9riels de pulv\u00e9risation les plus performants sur le plan environnemental.<\/p>\n\n\n\n<p>Des \u00e9lus locaux ont cr\u00e9\u00e9 <a href=\"https:\/\/www.maireantipesticide.fr\/\" target=\"_blank\" rel=\"noreferrer noopener\" aria-label=\"une association pour avoir une personnalit\u00e9 juridique (s\u2019ouvre dans un nouvel onglet)\">une association pour avoir une personnalit\u00e9 juridique<\/a> leur permettant de pouvoir mener des actions juridiques et prendre des arr\u00eat\u00e9s anti-pesticides (comme \u00e0 Grenoble) : <\/p>\n\n\n\n<p>Pour lire le d\u00e9cret, voir <a rel=\"noreferrer noopener\" aria-label=\"ici (s\u2019ouvre dans un nouvel onglet)\" href=\"https:\/\/www.legifrance.gouv.fr\/affichTexte.do?cidTexte=JORFTEXT000039685895&amp;categorieLien=id\" target=\"_blank\">ici<\/a>et l\u2019arr\u00eat\u00e9 <a rel=\"noreferrer noopener\" aria-label=\"l\u00e0 (s\u2019ouvre dans un nouvel onglet)\" href=\"https:\/\/www.legifrance.gouv.fr\/affichTexte.do;jsessionid=55389BCA5A79B3B2DEE1A2E19B0FA8CD.tplgfr22s_3?cidTexte=JORFTEXT000039686039&amp;dateTexte=&amp;oldAction=rechJO&amp;categorieLien=id&amp;idJO=JORFCONT000039683920\" target=\"_blank\">l\u00e0<\/a>. <\/p>\n","protected":false},"excerpt":{"rendered":"<p>Les \u00ab distances de s\u00e9curit\u00e9 \u00bb entre lieux d\u2019habitation et surfaces agricoles concern\u00e9es par l\u2019\u00e9pandage de produits phytosanitaires ont \u00e9t\u00e9 choisies en fonction des recommandations de l\u2019Anses, dans son avis du 14 juin dernier. Ce sera entre 5 et 10 m\u00e8tres, donc rien ne changera r\u00e9ellement. La publication d\u2019un d\u00e9cret et d\u2019un arr\u00eat\u00e9 du minist\u00e8re [&hellip;]<\/p>\n","protected":false},"author":1,"featured_media":0,"comment_status":"closed","ping_status":"open","sticky":false,"template":"","format":"standard","meta":{"twitterCardType":"","cardImageID":0,"cardImage":"","cardTitle":"","cardDesc":"","cardImageAlt":"","cardPlayer":"","cardPlayerWidth":0,"cardPlayerHeight":0,"cardPlayerStream":"","cardPlayerCodec":"","footnotes":""},"categories":[62,11],"tags":[224,196,166,99],"class_list":["post-16721","post","type-post","status-publish","format-standard","hentry","category-le-rouge-le-vert-hebdo","category-politique-locale","tag-agriculture","tag-etat","tag-loi","tag-sante"],"_links":{"self":[{"href":"https:\/\/www.ades-grenoble.org\/wordpress\/wp-json\/wp\/v2\/posts\/16721","targetHints":{"allow":["GET"]}}],"collection":[{"href":"https:\/\/www.ades-grenoble.org\/wordpress\/wp-json\/wp\/v2\/posts"}],"about":[{"href":"https:\/\/www.ades-grenoble.org\/wordpress\/wp-json\/wp\/v2\/types\/post"}],"author":[{"embeddable":true,"href":"https:\/\/www.ades-grenoble.org\/wordpress\/wp-json\/wp\/v2\/users\/1"}],"replies":[{"embeddable":true,"href":"https:\/\/www.ades-grenoble.org\/wordpress\/wp-json\/wp\/v2\/comments?post=16721"}],"version-history":[{"count":1,"href":"https:\/\/www.ades-grenoble.org\/wordpress\/wp-json\/wp\/v2\/posts\/16721\/revisions"}],"predecessor-version":[{"id":16722,"href":"https:\/\/www.ades-grenoble.org\/wordpress\/wp-json\/wp\/v2\/posts\/16721\/revisions\/16722"}],"wp:attachment":[{"href":"https:\/\/www.ades-grenoble.org\/wordpress\/wp-json\/wp\/v2\/media?parent=16721"}],"wp:term":[{"taxonomy":"category","embeddable":true,"href":"https:\/\/www.ades-grenoble.org\/wordpress\/wp-json\/wp\/v2\/categories?post=16721"},{"taxonomy":"post_tag","embeddable":true,"href":"https:\/\/www.ades-grenoble.org\/wordpress\/wp-json\/wp\/v2\/tags?post=16721"}],"curies":[{"name":"wp","href":"https:\/\/api.w.org\/{rel}","templated":true}]}}