{"id":16723,"date":"2020-01-17T11:35:13","date_gmt":"2020-01-17T10:35:13","guid":{"rendered":"https:\/\/www.ades-grenoble.org\/wordpress\/?p=16723"},"modified":"2020-01-17T12:16:50","modified_gmt":"2020-01-17T11:16:50","slug":"la-lpo-alerte-sur-la-diminution-des-oiseaux-communs-dans-la-region","status":"publish","type":"post","link":"https:\/\/www.ades-grenoble.org\/wordpress\/2020\/01\/17\/la-lpo-alerte-sur-la-diminution-des-oiseaux-communs-dans-la-region\/","title":{"rendered":"La LPO alerte sur la diminution des oiseaux communs dans la R\u00e9gion"},"content":{"rendered":"\n<div class=\"wp-block-image\"><figure class=\"alignleft\"><img loading=\"lazy\" decoding=\"async\" width=\"115\" height=\"115\" src=\"https:\/\/www.ades-grenoble.org\/wordpress\/wp-content\/uploads\/2015\/05\/LPO.jpg\" alt=\"\" class=\"wp-image-10221\"\/><\/figure><\/div>\n\n\n\n<p>Il est tr\u00e8s important d\u2019\u00e9valuer les tendances des\npopulations d\u2019esp\u00e8ces au cours du temps pour conna\u00eetre&nbsp;l\u2019\u00e9tat de sant\u00e9 de\nla biodiversit\u00e9. En Auvergne-Rh\u00f4ne-Alpes, au cours de 19 ann\u00e9es cons\u00e9cutives de\nsuivi, pr\u00e8s de 300 observateurs b\u00e9n\u00e9voles ou salari\u00e9s se sont mobilis\u00e9s en\nutilisant la m\u00e9thode STOC-EPS, observations coordonn\u00e9es par la Ligue pour la Protection des Oiseaux de la R\u00e9gion Auvergne-Rh\u00f4ne-Alpes.\nR\u00e9sultat&nbsp;: \u00ab&nbsp;<em>en 18 ans, les oiseaux communs\nont diminu\u00e9 de pr\u00e8s de 5 % sur l\u2019ensemble de la r\u00e9gion Auvergne-Rh\u00f4ne-Alpes.\nC\u2019est particuli\u00e8rement le cas des esp\u00e8ces des milieux agricoles et des villes\net villages qui ont diminu\u00e9 de pr\u00e8s de 16 % en 18 ans&nbsp;\u00bb.<\/em><\/p>\n\n\n\n<p>Le STOC-EPS consiste en des relev\u00e9s standardis\u00e9s sur des points\nd&rsquo;\u00e9chantillonnages r\u00e9partis le long de parcours visit\u00e9s deux fois par an \u00e0 date\nfixe et par le m\u00eame observateur. Chaque parcours compte 10 points de relev\u00e9s.\nLa m\u00e9thode est celle dite des \u00ab\u00a0points d&rsquo;\u00e9coute\u00a0\u00bb : les oiseaux vus ou\nentendus sont d\u00e9nombr\u00e9s sur ces points pendant 5 minutes exactement.<\/p>\n\n\n\n<!--more-->\n\n\n\n<p><strong><em><a href=\"https:\/\/auvergne-rhone-alpes.lpo.fr\/bilan-stoc-2019\" target=\"_blank\" rel=\"noreferrer noopener\" aria-label=\"\u00ab\u00a0Les r\u00e9sultats (s\u2019ouvre dans un nouvel onglet)\">\u00ab\u00a0Les r\u00e9sultats<\/a> montrent une forte diminution depuis 2002 pour les esp\u00e8ces des milieux agricoles et des villes et villages de 16 %. Les esp\u00e8ces g\u00e9n\u00e9ralistes (+2 %) et foresti\u00e8res (+4 %) se portent un peu mieux mais plusieurs esp\u00e8ces de ces groupes diminuent quand m\u00eame et cela est inqui\u00e9tant.<\/em><\/strong><\/p>\n\n\n\n<p><em>Nous\npouvons citer des exemples de tendances pour quelques esp\u00e8ces :<\/em><\/p>\n\n\n\n<ul class=\"wp-block-list\"><li><em>le Coucou\ngris a diminu\u00e9 de 24 % depuis 2002, <\/em><\/li><li><em>l\u2019Hirondelle\nrustique a diminu\u00e9 de 17 % depuis 2002, <\/em><\/li><li><em>le Pinson\ndes arbres a diminu\u00e9 de 9 % depuis 2002, <\/em><\/li><li><em>la Caille\ndes bl\u00e9s a diminu\u00e9 de 41 % depuis 2002, <\/em><\/li><li><em>le Merle\nnoir a augment\u00e9 de 5 % depuis 2002, <\/em><\/li><li><em>le\nTroglodyte mignon a augment\u00e9 de 10 % depuis 2002. <\/em><\/li><\/ul>\n\n\n\n<p><em>Ce d\u00e9clin\nmajeur a de nombreuses causes li\u00e9es aux activit\u00e9s actuelles de notre soci\u00e9t\u00e9\ncomme :<\/em><\/p>\n\n\n\n<ul class=\"wp-block-list\"><li><em>la\ncr\u00e9ation de paysages homog\u00e8nes et artificialis\u00e9s qui ne laissent pas de place\npour la nature, <\/em><\/li><li><em>l\u2019utilisation\nde produits phytosanitaires dans les jardins ou l\u2019agriculture, <\/em><\/li><li><em>la\ndisparition des milieux naturels qui laissent la place \u00e0 une forte\nurbanisation. <\/em><\/li><\/ul>\n\n\n\n<p><strong><em>Ces diff\u00e9rentes causes induisent une forte diminution de la ressource\nalimentaire et des pertes d\u2019habitats n\u00e9cessaires au cycle de vie de ces\nesp\u00e8ces.<\/em><\/strong><em><\/em><\/p>\n\n\n\n<p><strong><em>\u00ab\u00a0 Il est donc urgent d\u2019agir pour r\u00e9duire l\u2019impact de ces diff\u00e9rentes causes de perte de la biodiversit\u00e9. \u00bb<\/em><\/strong><\/p>\n\n\n\n<p><a href=\"https:\/\/auvergne-rhone-alpes.lpo.fr\/bilan-stoc-2019\">https:\/\/auvergne-rhone-alpes.lpo.fr\/bilan-stoc-2019<\/a><strong>Comptez les oiseaux des jardins<\/strong>\u00a0: les 25 et 26 janvier, la LPO et le Mus\u00e9um National d\u2019Histoire Naturelle (MNHN) vous proposent de consacrer une heure de votre temps \u00e0 observer les oiseaux pr\u00e9sents dans votre jardin et \u00e0 les recenser gr\u00e2ce au site internet <a href=\"http:\/\/www.oiseauxdesjardins.fr\" target=\"_blank\" rel=\"noreferrer noopener\" aria-label=\"www.oiseauxdesjardins.fr (s\u2019ouvre dans un nouvel onglet)\">www.oiseauxdesjardins.fr<\/a>. <\/p>\n","protected":false},"excerpt":{"rendered":"<p>Il est tr\u00e8s important d\u2019\u00e9valuer les tendances des populations d\u2019esp\u00e8ces au cours du temps pour conna\u00eetre&nbsp;l\u2019\u00e9tat de sant\u00e9 de la biodiversit\u00e9. En Auvergne-Rh\u00f4ne-Alpes, au cours de 19 ann\u00e9es cons\u00e9cutives de suivi, pr\u00e8s de 300 observateurs b\u00e9n\u00e9voles ou salari\u00e9s se sont mobilis\u00e9s en utilisant la m\u00e9thode STOC-EPS, observations coordonn\u00e9es par la Ligue pour la Protection des [&hellip;]<\/p>\n","protected":false},"author":1,"featured_media":0,"comment_status":"closed","ping_status":"open","sticky":false,"template":"","format":"standard","meta":{"twitterCardType":"","cardImageID":0,"cardImage":"","cardTitle":"","cardDesc":"","cardImageAlt":"","cardPlayer":"","cardPlayerWidth":0,"cardPlayerHeight":0,"cardPlayerStream":"","cardPlayerCodec":"","footnotes":""},"categories":[62,11],"tags":[145,272,153,12],"class_list":["post-16723","post","type-post","status-publish","format-standard","hentry","category-le-rouge-le-vert-hebdo","category-politique-locale","tag-biodiversite","tag-citoyennete","tag-ecologie","tag-mobilisations"],"_links":{"self":[{"href":"https:\/\/www.ades-grenoble.org\/wordpress\/wp-json\/wp\/v2\/posts\/16723","targetHints":{"allow":["GET"]}}],"collection":[{"href":"https:\/\/www.ades-grenoble.org\/wordpress\/wp-json\/wp\/v2\/posts"}],"about":[{"href":"https:\/\/www.ades-grenoble.org\/wordpress\/wp-json\/wp\/v2\/types\/post"}],"author":[{"embeddable":true,"href":"https:\/\/www.ades-grenoble.org\/wordpress\/wp-json\/wp\/v2\/users\/1"}],"replies":[{"embeddable":true,"href":"https:\/\/www.ades-grenoble.org\/wordpress\/wp-json\/wp\/v2\/comments?post=16723"}],"version-history":[{"count":1,"href":"https:\/\/www.ades-grenoble.org\/wordpress\/wp-json\/wp\/v2\/posts\/16723\/revisions"}],"predecessor-version":[{"id":16724,"href":"https:\/\/www.ades-grenoble.org\/wordpress\/wp-json\/wp\/v2\/posts\/16723\/revisions\/16724"}],"wp:attachment":[{"href":"https:\/\/www.ades-grenoble.org\/wordpress\/wp-json\/wp\/v2\/media?parent=16723"}],"wp:term":[{"taxonomy":"category","embeddable":true,"href":"https:\/\/www.ades-grenoble.org\/wordpress\/wp-json\/wp\/v2\/categories?post=16723"},{"taxonomy":"post_tag","embeddable":true,"href":"https:\/\/www.ades-grenoble.org\/wordpress\/wp-json\/wp\/v2\/tags?post=16723"}],"curies":[{"name":"wp","href":"https:\/\/api.w.org\/{rel}","templated":true}]}}