{"id":16750,"date":"2020-01-24T12:10:10","date_gmt":"2020-01-24T11:10:10","guid":{"rendered":"https:\/\/www.ades-grenoble.org\/wordpress\/?p=16750"},"modified":"2020-01-24T14:14:32","modified_gmt":"2020-01-24T13:14:32","slug":"lutte-contre-le-moustique-tigre-une-nouvelle-instruction-ministerielle","status":"publish","type":"post","link":"https:\/\/www.ades-grenoble.org\/wordpress\/2020\/01\/24\/lutte-contre-le-moustique-tigre-une-nouvelle-instruction-ministerielle\/","title":{"rendered":"Lutte contre le moustique Tigre, une nouvelle instruction minist\u00e9rielle"},"content":{"rendered":"\n<div class=\"wp-block-image\"><figure class=\"alignleft\"><img loading=\"lazy\" decoding=\"async\" width=\"280\" height=\"212\" src=\"https:\/\/www.ades-grenoble.org\/wordpress\/wp-content\/uploads\/2017\/05\/moustique-tigre.jpg\" alt=\"\" class=\"wp-image-12949\" srcset=\"https:\/\/www.ades-grenoble.org\/wordpress\/wp-content\/uploads\/2017\/05\/moustique-tigre.jpg 280w, https:\/\/www.ades-grenoble.org\/wordpress\/wp-content\/uploads\/2017\/05\/moustique-tigre-150x114.jpg 150w\" sizes=\"auto, (max-width: 280px) 100vw, 280px\" \/><\/figure><\/div>\n\n\n\n<p>Une\ninstruction du minist\u00e8re des Solidarit\u00e9s et de la Sant\u00e9 mise en ligne le 7\njanvier pr\u00e9sente le nouveau cadre d&rsquo;intervention en mati\u00e8re de pr\u00e9vention des\narboviroses, maladies vectorielles \u00e0 moustiques. Elle vise notamment l\u2019invasion\ndu moustique tigre (Aedes albopictus). Elle pr\u00e9cise les missions des diff\u00e9rents\nacteurs, dont les mesures que les maires peuvent prendre au titre de leurs\ncomp\u00e9tences en mati\u00e8re d&rsquo;hygi\u00e8ne et de salubrit\u00e9 publiques. <\/p>\n\n\n\n<p><em>\u00ab&nbsp;Dans\nun contexte de changements climatiques, environnementaux et de globalisation\ndes \u00e9changes, le risque que des \u00e9pid\u00e9mies de maladies vectorielles \u00e0 moustiques\nd\u2019ampleur touchent notre territoire national est toujours plus grand. Notre\npolitique de pr\u00e9vention de ces maladies s\u2019est construite par strates\nsuccessives d\u2019une part selon les niveaux de colonisation des territoires par\ncertaines esp\u00e8ces vectrices (Aedes albopictus notamment) et d\u2019autre part selon\nl\u2019apparition de nouveaux risques (ex. virus du Nil occidental, Zika\u2026).&nbsp; <\/em><\/p>\n\n\n\n<!--more-->\n\n\n\n<p><em>En\nparticulier, il existe aujourd\u2019hui plus d\u2019une centaine d\u2019arboviroses\nsusceptibles d\u2019\u00eatre pathog\u00e8nes pour l\u2019homme et il importe donc de tendre\nprogressivement vers un programme int\u00e9gr\u00e9 de pr\u00e9vention des arboviroses afin de\ndisposer d\u2019un dispositif simple, facilement lisible pour les populations et les\nprofessionnels de sant\u00e9. <\/em><\/p>\n\n\n\n<p><em>Nous ne\npouvons exclure un risque d\u2019end\u00e9misation dans certains territoires et la\ncolonisation par le vecteur Aedes albopictus de l\u2019ensemble du territoire\nm\u00e9tropolitain sera difficile \u00e0 stopper. Il nous faut donc pr\u00e9parer tous\nensemble la r\u00e9silience des territoires face \u00e0 ce nouveau risque. La pr\u00e9vention\ndes maladies vectorielles \u00e0 moustiques est ainsi int\u00e9gr\u00e9e dans le plan \u00ab\nPriorit\u00e9 Pr\u00e9vention \u00bb port\u00e9 par le Gouvernement. Elle fait \u00e9galement partie des\nobligations internationales de la France dans le cadre du R\u00e8glement sanitaire\ninternational de l\u2019Organisation mondiale de la sant\u00e9.&nbsp;<\/em><\/p>\n\n\n\n<p>Dans\nl\u2019annexe 1 de l\u2019instruction sont pr\u00e9cis\u00e9es les missions des acteurs \u00e0 compter\ndu 1er janvier 2020<\/p>\n\n\n\n<p><em>&nbsp;Le Maire est garant de l\u2019hygi\u00e8ne et la\nsalubrit\u00e9 publiques<\/em><\/p>\n\n\n\n<p><em>Il prend\ntoutes les mesures permettant de r\u00e9duire les moustiques \u00e0 la source en supprimant\nou traitant les g\u00eetes larvaires&nbsp; <\/em><\/p>\n\n\n\n<ul class=\"wp-block-list\"><li><em>Sensibilisation des populations aux bons gestes de pr\u00e9vention <\/em><\/li><li><em>Mise en place d\u2019un programme de recensement et d\u2019\u00e9limination ou de traitement des sites publics (ex. jardins publics, eaux stagnantes, cimeti\u00e8res\u2026) <\/em><\/li><li><em>Prescriptions de r\u00e8gles d\u2019urbanisme et d\u2019habitat (ex. interdiction de toitures terrasses\u2026) <\/em><\/li><li><em>Prescriptions pour la gestion des d\u00e9chets <\/em><\/li><\/ul>\n\n\n\n<p><em>Remarque\n: les maires, au titre de leurs pouvoirs de police sp\u00e9ciale (r\u00e8glement\nsanitaire d\u00e9partemental), peuvent \u00e9galement mettre en place ponctuellement des\nmesures de d\u00e9moustication. Ces d\u00e9moustications devront \u00eatre signal\u00e9es \u00e0 l\u2019ARS\nqui pourra prescrire toute mesure de suivi du d\u00e9veloppement de r\u00e9sistances. <\/em><\/p>\n\n\n\n<p><em>Ils\npeuvent \u00e9galement rejoindre le dispositif d\u00e9partemental permettant\nl\u2019intervention des ententes interd\u00e9partementales de d\u00e9moustication (EID) sur\nleur commune. <\/em><\/p>\n\n\n\n<p><em>Le pr\u00e9fet\n<\/em><\/p>\n\n\n\n<p><em>Le pr\u00e9fet\nco-pilote avec l\u2019ARS l\u2019instance de concertation autour de la mise en \u0153uvre des\nmissions de surveillance entomologique d\u2019intervention autour des d\u00e9tections et\nde prospection, traitement et travaux autour des lieux fr\u00e9quent\u00e9s par les cas\nhumains de maladies transmises par les moustiques vecteurs. <\/em><\/p>\n\n\n\n<p><em>Dans le\ncadre de la loi n\u00b064-1246 du 16 d\u00e9cembre 1964 relative \u00e0 la lutte contre les moustiques,\nles pr\u00e9fets peuvent prescrire, par arr\u00eat\u00e9 pr\u00e9fectoral, apr\u00e8s avis du CODERST,\ndes zones de lutte contre les moustiques et les mesures visant \u00e0 \u00e9liminer les\ng\u00eetes larvaires. Ces mesures sont mises en \u0153uvre par les conseils\nd\u00e9partementaux ou les op\u00e9rateurs publics qu\u2019ils d\u00e9signent. <\/em><\/p>\n\n\n\n<p><em>Les\npropri\u00e9taires, locataires, exploitants ou occupants, soit de terrains b\u00e2tis ou\nnon b\u00e2tis \u00e0 l&rsquo;int\u00e9rieur des agglom\u00e9rations, soit d&rsquo;immeubles b\u00e2tis et de leurs\nd\u00e9pendances, de d\u00e9charges et de d\u00e9p\u00f4ts situ\u00e9s hors des agglom\u00e9rations, devront\nse conformer aux prescriptions fix\u00e9es \u00e0 cet effet. <\/em><\/p>\n\n\n\n<p><em>Les propri\u00e9taires, locataires, exploitants ou occupants de cultures irrigu\u00e9es ou arros\u00e9es et de pr\u00e9s inond\u00e9s devront remettre ou maintenir en \u00e9tat de fonctionnement et de salubrit\u00e9, r\u00e9servoirs, canaux, vannes, foss\u00e9s, digues et diguettes, ainsi que tous syst\u00e8mes d&rsquo;adduction ou d&rsquo;\u00e9vacuation des eaux. Les m\u00eames obligations incomberont, dans les m\u00eames conditions, aux organismes distributeurs d&rsquo;eau et aux concessionnaires de chutes et retenues d&rsquo;eau\u2026 \u00bb<\/em><\/p>\n\n\n\n<p>Pour lire la circulaire, cliquer <a href=\"http:\/\/circulaire.legifrance.gouv.fr\/pdf\/2020\/01\/cir_44904.pdf\" target=\"_blank\" rel=\"noreferrer noopener\" aria-label=\"ici (s\u2019ouvre dans un nouvel onglet)\">ici<\/a>.<\/p>\n","protected":false},"excerpt":{"rendered":"<p>Une instruction du minist\u00e8re des Solidarit\u00e9s et de la Sant\u00e9 mise en ligne le 7 janvier pr\u00e9sente le nouveau cadre d&rsquo;intervention en mati\u00e8re de pr\u00e9vention des arboviroses, maladies vectorielles \u00e0 moustiques. Elle vise notamment l\u2019invasion du moustique tigre (Aedes albopictus). Elle pr\u00e9cise les missions des diff\u00e9rents acteurs, dont les mesures que les maires peuvent prendre [&hellip;]<\/p>\n","protected":false},"author":1,"featured_media":0,"comment_status":"closed","ping_status":"open","sticky":false,"template":"","format":"standard","meta":{"twitterCardType":"","cardImageID":0,"cardImage":"","cardTitle":"","cardDesc":"","cardImageAlt":"","cardPlayer":"","cardPlayerWidth":0,"cardPlayerHeight":0,"cardPlayerStream":"","cardPlayerCodec":"","footnotes":""},"categories":[62,11],"tags":[99],"class_list":["post-16750","post","type-post","status-publish","format-standard","hentry","category-le-rouge-le-vert-hebdo","category-politique-locale","tag-sante"],"_links":{"self":[{"href":"https:\/\/www.ades-grenoble.org\/wordpress\/wp-json\/wp\/v2\/posts\/16750","targetHints":{"allow":["GET"]}}],"collection":[{"href":"https:\/\/www.ades-grenoble.org\/wordpress\/wp-json\/wp\/v2\/posts"}],"about":[{"href":"https:\/\/www.ades-grenoble.org\/wordpress\/wp-json\/wp\/v2\/types\/post"}],"author":[{"embeddable":true,"href":"https:\/\/www.ades-grenoble.org\/wordpress\/wp-json\/wp\/v2\/users\/1"}],"replies":[{"embeddable":true,"href":"https:\/\/www.ades-grenoble.org\/wordpress\/wp-json\/wp\/v2\/comments?post=16750"}],"version-history":[{"count":1,"href":"https:\/\/www.ades-grenoble.org\/wordpress\/wp-json\/wp\/v2\/posts\/16750\/revisions"}],"predecessor-version":[{"id":16751,"href":"https:\/\/www.ades-grenoble.org\/wordpress\/wp-json\/wp\/v2\/posts\/16750\/revisions\/16751"}],"wp:attachment":[{"href":"https:\/\/www.ades-grenoble.org\/wordpress\/wp-json\/wp\/v2\/media?parent=16750"}],"wp:term":[{"taxonomy":"category","embeddable":true,"href":"https:\/\/www.ades-grenoble.org\/wordpress\/wp-json\/wp\/v2\/categories?post=16750"},{"taxonomy":"post_tag","embeddable":true,"href":"https:\/\/www.ades-grenoble.org\/wordpress\/wp-json\/wp\/v2\/tags?post=16750"}],"curies":[{"name":"wp","href":"https:\/\/api.w.org\/{rel}","templated":true}]}}