{"id":16752,"date":"2020-01-24T12:13:33","date_gmt":"2020-01-24T11:13:33","guid":{"rendered":"https:\/\/www.ades-grenoble.org\/wordpress\/?p=16752"},"modified":"2020-01-24T14:14:38","modified_gmt":"2020-01-24T13:14:38","slug":"une-jurisprudence-interessante-sur-la-preference-locale-dans-la-commande-publique","status":"publish","type":"post","link":"https:\/\/www.ades-grenoble.org\/wordpress\/2020\/01\/24\/une-jurisprudence-interessante-sur-la-preference-locale-dans-la-commande-publique\/","title":{"rendered":"Une jurisprudence int\u00e9ressante sur la pr\u00e9f\u00e9rence locale dans la commande publique"},"content":{"rendered":"\n<div class=\"wp-block-image\"><figure class=\"alignleft\"><img loading=\"lazy\" decoding=\"async\" width=\"350\" height=\"263\" src=\"https:\/\/www.ades-grenoble.org\/wordpress\/wp-content\/uploads\/2017\/12\/ConseilEtat.jpg\" alt=\"\" class=\"wp-image-13753\" srcset=\"https:\/\/www.ades-grenoble.org\/wordpress\/wp-content\/uploads\/2017\/12\/ConseilEtat.jpg 350w, https:\/\/www.ades-grenoble.org\/wordpress\/wp-content\/uploads\/2017\/12\/ConseilEtat-150x113.jpg 150w, https:\/\/www.ades-grenoble.org\/wordpress\/wp-content\/uploads\/2017\/12\/ConseilEtat-300x225.jpg 300w\" sizes=\"auto, (max-width: 350px) 100vw, 350px\" \/><\/figure><\/div>\n\n\n\n<p>Le 20 d\u00e9cembre 2019, le Conseil d\u2019Etat a valid\u00e9 un\nsous-crit\u00e8re relatif \u00e0 l\u2019emploi local lors de l&rsquo;examen des offres concernant la\npassation d&rsquo;une d\u00e9l\u00e9gation de service public.Le principe de libert\u00e9\nd\u2019acc\u00e8s \u00e0 la commande publique ne permet pas de prendre en compte le lieu\nd\u2019implantation d\u2019un op\u00e9rateur \u00e9conomique lors de l\u2019examen des offres. <\/p>\n\n\n\n<p>Le d\u00e9partement de Mayotte avait conclu avec la\nsoci\u00e9t\u00e9 SNIE une d\u00e9l\u00e9gation de service public (DSP) pour la gestion et\nl\u2019exploitation du port de Mayotte. La soci\u00e9t\u00e9 Lavalin, \u00e9vinc\u00e9e, a saisi le\ntribunal administratif de Mayotte qui a rejet\u00e9 sa demande d\u2019annulation de la\nDSP. La cour administrative d\u2019appel de Bordeaux a elle aussi refus\u00e9 d\u2019annuler\nle contrat en litige. La soci\u00e9t\u00e9 Edeis (ex-Lavalin), a alors saisi le Conseil\nd\u2019Etat en cassation&nbsp;; selon elle, le d\u00e9partement ne pouvait pas fixer un\nsous-crit\u00e8re relatif au nombre d\u2019emplois locaux dont la cr\u00e9ation sera induite\npar la gestion et l\u2019exploitation d\u2019un port. <\/p>\n\n\n\n<!--more-->\n\n\n\n<p>Le Conseil d\u2019Etat rappelle que si la pr\u00e9f\u00e9rence\nlocale est prohib\u00e9e dans la commande publique, il estime \u00ab\u00a0qu\u2019un tel\nsous-crit\u00e8re n\u2019implique pas, par lui-m\u00eame, de favoriser des entreprises\nlocales\u00a0\u00bb, car des entreprises qui ne sont pas implant\u00e9es sur le territoire\nde Mayotte pouvaient tout \u00e0 fait pr\u00e9voir de recruter localement si la DSP leur\n\u00e9tait attribu\u00e9e. Le Conseil d\u2019Etat a rejet\u00e9 le pourvoi en cassation du candidat\n\u00e9vinc\u00e9.<\/p>\n\n\n\n<p><em>\u00a0\u00ab\u00a0Par ailleurs, un crit\u00e8re ou un sous-crit\u00e8re relatif au nombre d&#8217;emplois locaux dont la cr\u00e9ation sera induite par la gestion et l&rsquo;exploitation d&rsquo;un port, lequel est une infrastructure concourant notamment au d\u00e9veloppement de l&rsquo;\u00e9conomie locale, doit \u00eatre regard\u00e9 comme en lien direct avec les conditions d&rsquo;ex\u00e9cution du contrat de d\u00e9l\u00e9gation de la gestion de ce port et, pourvu qu&rsquo;il soit non discriminatoire, comme permettant de contribuer au choix de l&rsquo;offre pr\u00e9sentant un avantage \u00e9conomique global pour l&rsquo;autorit\u00e9 conc\u00e9dante. Il suit de l\u00e0 que c&rsquo;est sans commettre d&rsquo;erreur de droit ni entacher son arr\u00eat d&rsquo;insuffisance de motivation que la cour a jug\u00e9 qu&rsquo;en l&rsquo;esp\u00e8ce, un tel sous-crit\u00e8re, qui n&rsquo;implique pas, par lui-m\u00eame, de favoriser des entreprises locales, n&rsquo;\u00e9tait pas entach\u00e9 d&rsquo;irr\u00e9gularit\u00e9. Par ailleurs, en relevant notamment que les candidats avaient \u00e9t\u00e9 inform\u00e9s de ce que leur offre devait pr\u00e9senter avec pr\u00e9cision les perspectives de cr\u00e9ation d&#8217;emplois en lien avec le trafic portuaire, la cour a implicitement mais n\u00e9cessairement r\u00e9pondu au moyen d&rsquo;appel tir\u00e9 de ce que les pr\u00e9tentions des candidats ne pouvaient pas \u00eatre v\u00e9rifi\u00e9es par le d\u00e9partement.\u00a0\u00bb<\/em><\/p>\n\n\n\n<p>Pour lire l&rsquo;avis du Conseil d&rsquo;\u00c9tat, cliquer <a href=\"https:\/\/www.legifrance.gouv.fr\/affichJuriAdmin.do?oldAction=rechJuriAdmin&amp;idTexte=CETATEXT000039655828&amp;fastReqId=1520914976&amp;fastPos=1\" target=\"_blank\" rel=\"noreferrer noopener\" aria-label=\"ici (s\u2019ouvre dans un nouvel onglet)\">ici<\/a>.<a href=\"https:\/\/www.legifrance.gouv.fr\/affichJuriAdmin.do?oldAction=rechJuriAdmin&amp;idTexte=CETATEXT000039655828&amp;fastReqId=1520914976&amp;fastPos=1\"><\/a><\/p>\n","protected":false},"excerpt":{"rendered":"<p>Le 20 d\u00e9cembre 2019, le Conseil d\u2019Etat a valid\u00e9 un sous-crit\u00e8re relatif \u00e0 l\u2019emploi local lors de l&rsquo;examen des offres concernant la passation d&rsquo;une d\u00e9l\u00e9gation de service public.Le principe de libert\u00e9 d\u2019acc\u00e8s \u00e0 la commande publique ne permet pas de prendre en compte le lieu d\u2019implantation d\u2019un op\u00e9rateur \u00e9conomique lors de l\u2019examen des offres. Le [&hellip;]<\/p>\n","protected":false},"author":1,"featured_media":0,"comment_status":"closed","ping_status":"open","sticky":false,"template":"","format":"standard","meta":{"twitterCardType":"","cardImageID":0,"cardImage":"","cardTitle":"","cardDesc":"","cardImageAlt":"","cardPlayer":"","cardPlayerWidth":0,"cardPlayerHeight":0,"cardPlayerStream":"","cardPlayerCodec":"","footnotes":""},"categories":[62,11],"tags":[202,52,44],"class_list":["post-16752","post","type-post","status-publish","format-standard","hentry","category-le-rouge-le-vert-hebdo","category-politique-locale","tag-commerce","tag-justice-administrative","tag-services-publics"],"_links":{"self":[{"href":"https:\/\/www.ades-grenoble.org\/wordpress\/wp-json\/wp\/v2\/posts\/16752","targetHints":{"allow":["GET"]}}],"collection":[{"href":"https:\/\/www.ades-grenoble.org\/wordpress\/wp-json\/wp\/v2\/posts"}],"about":[{"href":"https:\/\/www.ades-grenoble.org\/wordpress\/wp-json\/wp\/v2\/types\/post"}],"author":[{"embeddable":true,"href":"https:\/\/www.ades-grenoble.org\/wordpress\/wp-json\/wp\/v2\/users\/1"}],"replies":[{"embeddable":true,"href":"https:\/\/www.ades-grenoble.org\/wordpress\/wp-json\/wp\/v2\/comments?post=16752"}],"version-history":[{"count":1,"href":"https:\/\/www.ades-grenoble.org\/wordpress\/wp-json\/wp\/v2\/posts\/16752\/revisions"}],"predecessor-version":[{"id":16753,"href":"https:\/\/www.ades-grenoble.org\/wordpress\/wp-json\/wp\/v2\/posts\/16752\/revisions\/16753"}],"wp:attachment":[{"href":"https:\/\/www.ades-grenoble.org\/wordpress\/wp-json\/wp\/v2\/media?parent=16752"}],"wp:term":[{"taxonomy":"category","embeddable":true,"href":"https:\/\/www.ades-grenoble.org\/wordpress\/wp-json\/wp\/v2\/categories?post=16752"},{"taxonomy":"post_tag","embeddable":true,"href":"https:\/\/www.ades-grenoble.org\/wordpress\/wp-json\/wp\/v2\/tags?post=16752"}],"curies":[{"name":"wp","href":"https:\/\/api.w.org\/{rel}","templated":true}]}}