{"id":16763,"date":"2020-01-24T12:32:10","date_gmt":"2020-01-24T11:32:10","guid":{"rendered":"https:\/\/www.ades-grenoble.org\/wordpress\/?p=16763"},"modified":"2020-01-24T14:15:06","modified_gmt":"2020-01-24T13:15:06","slug":"elections-municipales-mieux-comprendre-qui-sont-les-candidats-et-leurs-projets","status":"publish","type":"post","link":"https:\/\/www.ades-grenoble.org\/wordpress\/2020\/01\/24\/elections-municipales-mieux-comprendre-qui-sont-les-candidats-et-leurs-projets\/","title":{"rendered":"\u00c9lections municipales : mieux comprendre qui sont les candidats et leurs projets"},"content":{"rendered":"\n<div class=\"wp-block-image\"><figure class=\"alignleft\"><img loading=\"lazy\" decoding=\"async\" width=\"375\" height=\"318\" src=\"https:\/\/www.ades-grenoble.org\/wordpress\/wp-content\/uploads\/2014\/12\/dessin-mairie.png\" alt=\"\" class=\"wp-image-9413\" srcset=\"https:\/\/www.ades-grenoble.org\/wordpress\/wp-content\/uploads\/2014\/12\/dessin-mairie.png 375w, https:\/\/www.ades-grenoble.org\/wordpress\/wp-content\/uploads\/2014\/12\/dessin-mairie-150x127.png 150w, https:\/\/www.ades-grenoble.org\/wordpress\/wp-content\/uploads\/2014\/12\/dessin-mairie-300x254.png 300w\" sizes=\"auto, (max-width: 375px) 100vw, 375px\" \/><figcaption>\u00a9Ville de Grenoble<\/figcaption><\/figure><\/div>\n\n\n\n<p>Pour savoir si des candidat-es sont s\u00e9rieux ou pas, il faut examiner\ncomment ils prennent en compte les contraintes qui s\u2019imposent \u00e0 la gestion de\nla ville et de la m\u00e9tropole.<\/p>\n\n\n\n<p>Evidemment le maire sortant Eric Piolle et sa nouvelle \u00e9quipe <em>\u00ab&nbsp;Grenoble\nen commun&nbsp;\u00bb<\/em> sont totalement au fait de ces contraintes qu\u2019ils subissent\ntous les jours depuis 6 ans, notamment l\u2019obligation pour la ville et la M\u00e9tro\nde limiter l\u2019augmentation des d\u00e9penses de fonctionnement \u00e0 1,2% par an (au\nmoins jusqu\u2019en 2022) soit moins que l\u2019inflation. En plus&nbsp;: ne pas\naugmenter la dette et avoir une \u00e9pargne suffisante pour que la capacit\u00e9 de\nd\u00e9sendettement soit inf\u00e9rieure \u00e0 12 ans. Ceci impose que chaque ann\u00e9e des\n\u00e9conomies en fonctionnement soient faites. Donc toute nouvelle d\u00e9pense doit\nimpliquer obligatoirement une \u00e9conomie au moins \u00e9quivalente dans les d\u00e9penses\nde fonctionnement. L\u2019\u00e9quipe actuelle a d\u00e9montr\u00e9 sa capacit\u00e9 de g\u00e9rer avec\nparcimonie l\u2019argent public&nbsp;: baisse des indemnit\u00e9s des \u00e9lus, \u00e9conomies\nimportantes dans le fonctionnement de la machine municipale et maitrise de la\ndette et tout cela sans augmenter les taux des imp\u00f4ts locaux (c\u2019est la premi\u00e8re\n\u00e9quipe qui ne l\u2019a pas fait depuis au moins 50 ans). Les propositions faites\nsont prudentes et qualitatives et sont dans la continuit\u00e9 de la gestion\nactuelle.<\/p>\n\n\n\n<!--more-->\n\n\n\n<p>Les autres candidat-es, soit font des promesses mais sans dire comment\nles financer, soit font des propositions irr\u00e9alistes et d\u00e9magogiques.<\/p>\n\n\n\n<p>Par\nexemple, l\u2019ancien maire corrompu qui avait l\u2019habitude de jeter l\u2019argent public\npar les fen\u00eatres et de s\u2019enrichir personnellement par des dons d\u2019entreprises\npriv\u00e9es qu\u2019il avantageait dans les march\u00e9s publics, propose de nouveau de\nd\u00e9penser sans compter. Exemples&nbsp;: \u00ab&nbsp;<em>installer la vid\u00e9osurveillance sur toute la ville, augmenter les\neffectifs de police municipale, augmenter les effectifs du service propret\u00e9,\nsortir certains quartiers de la pauvret\u00e9 (mais sans dire comment faire),<\/em><em> <\/em><em>financer\nune politique culturelle \u00e0 nouveau diversifi\u00e9e et \u00e9quilibr\u00e9e, une politique de\npratique du sport pour tous\u2026la cr\u00e9ation de parcs et jardins<\/em>\u2026&nbsp;\u00bb Mais\nil ne dit pas ce qu\u2019il supprime d\u2019\u00e9quivalent dans les d\u00e9penses actuelles\nnotamment combien il supprime de postes pour en cr\u00e9er de nouveaux et dans quels\ndomaines&nbsp;? Evidemment il devrait augmenter les imp\u00f4ts, vendre du\npatrimoine pour investir afin de ne pas augmenter la dette. L\u2019ardoise serait\ntr\u00e8s sal\u00e9e.<\/p>\n\n\n\n<p>M.\nNoblecourt, nouveau candidat macronien, n\u2019y va pas par quatre chemins&nbsp;:\ncomme Carignon il veut des cr\u00e9ations de nouveaux services publics mais on ne\nsait pas comment ils sont financ\u00e9s ou quels sont les services qui vont \u00eatre sacrifi\u00e9s\n\u00e0 la place&nbsp;! et toujours plus d\u2019\u00e9cologie, de solidarit\u00e9, d\u2019\u00e9ducation, de\nd\u00e9veloppement \u00e9conomique\u2026 Toujours plus mais avec moins d\u2019argent c\u2019est la\nnouvelle pierre philosophale. Mais il a soutenu comme \u00e9lu PS le gouvernement\nHollande (qui l\u2019employait au cabinet de Mme Vallaud-Belkacem) et qui a \u00e9trangl\u00e9\nles communes en baissant drastiquement la DGF (dotation globale de fonctionnement)&nbsp;!&nbsp; C\u2019est un habitu\u00e9 des discours tr\u00e8s\nprometteurs mais qui peinent \u00e0 passer aux actes&nbsp;: par exemple sa gestion\npass\u00e9e du CCAS de Grenoble n\u2019a pas \u00e9t\u00e9 absente de tous reproches financiers et\nsa lutte contre la pauvret\u00e9 avec Macron (comme d\u00e9l\u00e9gu\u00e9 interminist\u00e9riel), n\u2019a\npas donn\u00e9 des r\u00e9sultats probants, vu que la pauvret\u00e9 augmente.<\/p>\n\n\n\n<p>Mme\nChalas candidate officielle de Macron, fait tr\u00e8s peu de propositions pr\u00e9cises,\ncomme l\u2019autre candidat macronien, c\u2019est beaucoup de discours mais on attend les\nactes. Elle a compl\u00e8tement d\u00e9rap\u00e9 en promettant 50&nbsp;000 arbres plant\u00e9s en 6\nans ce qui \u00e9tait compl\u00e8tement irr\u00e9aliste. <\/p>\n\n\n\n<p>Autre\ncaract\u00e9ristique de ces trois candidat-es&nbsp;: tout ce qui va mal \u00e0 Grenoble\nest la faute de Piolle, mais pas de la politique gouvernementale qui fait\nbeaucoup de mal aux collectivit\u00e9s, notamment l\u2019attaque r\u00e9cente contre le\nlogement social en \u00e9touffant les bailleurs.&nbsp;L\u2019Etat transf\u00e8re des charges\nsans transf\u00e9rer les recettes correspondantes, il ne compense pas l\u2019inflation\ndans les dotations et il y a une vraie recentralisation en pilotant d\u2019en haut\nles finances communales et pr\u00e9parant des r\u00e9formes concernant la fiscalit\u00e9\nlocale o\u00f9 plus personne n\u2019y comprend rien. Grenoble et la M\u00e9tro ont perdu plus\nde 80 millions d\u2019euros de dotation de l\u2019Etat entre 2014 et 2020.\n\nEn plus ces candidat-es essayent de monter les\nhabitants des diff\u00e9rents quartiers les uns contre les autres en laissant croire\nqu\u2019il y aurait des quartiers abandonn\u00e9s au profit d\u2019autres. C\u2019est typiquement\nla marque des tenants du client\u00e9lisme politique (si vous votez pour moi vous\nserez avantag\u00e9s). C\u2019est tr\u00e8s malsain, Grenoble n\u2019est pas une somme de\nquartiers, les politiques publiques doivent \u00eatre les m\u00eames pour tous o\u00f9 que\nl\u2019on habite et elles doivent s\u2019efforcer de lutter contre les in\u00e9galit\u00e9s des\nterritoires. Les efforts faits par la mairie dans un contexte d\u2019aust\u00e9rit\u00e9\nimpos\u00e9e par le gouvernement, sont largement r\u00e9partis sur tout le territoire\nconcernant les \u00e9quipements scolaires, sportifs, culturels, sociaux\u2026 Les projets\nfinanc\u00e9s par les budgets participatifs sont r\u00e9partis dans toute la ville et les\nhabitants ont fait le choix de privil\u00e9gier les projets notamment solidaires qui\nint\u00e9ressent toute la ville et pas un quartier en particulier.\n\n\n\n<\/p>\n","protected":false},"excerpt":{"rendered":"<p>Pour savoir si des candidat-es sont s\u00e9rieux ou pas, il faut examiner comment ils prennent en compte les contraintes qui s\u2019imposent \u00e0 la gestion de la ville et de la m\u00e9tropole. Evidemment le maire sortant Eric Piolle et sa nouvelle \u00e9quipe \u00ab&nbsp;Grenoble en commun&nbsp;\u00bb sont totalement au fait de ces contraintes qu\u2019ils subissent tous les [&hellip;]<\/p>\n","protected":false},"author":1,"featured_media":0,"comment_status":"closed","ping_status":"open","sticky":false,"template":"","format":"standard","meta":{"twitterCardType":"","cardImageID":0,"cardImage":"","cardTitle":"","cardDesc":"","cardImageAlt":"","cardPlayer":"","cardPlayerWidth":0,"cardPlayerHeight":0,"cardPlayerStream":"","cardPlayerCodec":"","footnotes":""},"categories":[62,11],"tags":[215,327],"class_list":["post-16763","post","type-post","status-publish","format-standard","hentry","category-le-rouge-le-vert-hebdo","category-politique-locale","tag-grenoble","tag-municipales-2020"],"_links":{"self":[{"href":"https:\/\/www.ades-grenoble.org\/wordpress\/wp-json\/wp\/v2\/posts\/16763","targetHints":{"allow":["GET"]}}],"collection":[{"href":"https:\/\/www.ades-grenoble.org\/wordpress\/wp-json\/wp\/v2\/posts"}],"about":[{"href":"https:\/\/www.ades-grenoble.org\/wordpress\/wp-json\/wp\/v2\/types\/post"}],"author":[{"embeddable":true,"href":"https:\/\/www.ades-grenoble.org\/wordpress\/wp-json\/wp\/v2\/users\/1"}],"replies":[{"embeddable":true,"href":"https:\/\/www.ades-grenoble.org\/wordpress\/wp-json\/wp\/v2\/comments?post=16763"}],"version-history":[{"count":1,"href":"https:\/\/www.ades-grenoble.org\/wordpress\/wp-json\/wp\/v2\/posts\/16763\/revisions"}],"predecessor-version":[{"id":16764,"href":"https:\/\/www.ades-grenoble.org\/wordpress\/wp-json\/wp\/v2\/posts\/16763\/revisions\/16764"}],"wp:attachment":[{"href":"https:\/\/www.ades-grenoble.org\/wordpress\/wp-json\/wp\/v2\/media?parent=16763"}],"wp:term":[{"taxonomy":"category","embeddable":true,"href":"https:\/\/www.ades-grenoble.org\/wordpress\/wp-json\/wp\/v2\/categories?post=16763"},{"taxonomy":"post_tag","embeddable":true,"href":"https:\/\/www.ades-grenoble.org\/wordpress\/wp-json\/wp\/v2\/tags?post=16763"}],"curies":[{"name":"wp","href":"https:\/\/api.w.org\/{rel}","templated":true}]}}