{"id":16787,"date":"2020-02-01T09:12:00","date_gmt":"2020-02-01T08:12:00","guid":{"rendered":"https:\/\/www.ades-grenoble.org\/wordpress\/?p=16787"},"modified":"2020-02-01T09:33:52","modified_gmt":"2020-02-01T08:33:52","slug":"politique-politicienne-184","status":"publish","type":"post","link":"https:\/\/www.ades-grenoble.org\/wordpress\/2020\/02\/01\/politique-politicienne-184\/","title":{"rendered":"Politique politicienne"},"content":{"rendered":"\n<div class=\"wp-block-image\"><figure class=\"alignleft\"><img loading=\"lazy\" decoding=\"async\" width=\"200\" height=\"234\" src=\"https:\/\/www.ades-grenoble.org\/wordpress\/wp-content\/uploads\/2015\/01\/fou1.png\" alt=\"\" class=\"wp-image-9634\" srcset=\"https:\/\/www.ades-grenoble.org\/wordpress\/wp-content\/uploads\/2015\/01\/fou1.png 200w, https:\/\/www.ades-grenoble.org\/wordpress\/wp-content\/uploads\/2015\/01\/fou1-128x150.png 128w\" sizes=\"auto, (max-width: 200px) 100vw, 200px\" \/><\/figure><\/div>\n\n\n\n<p>La liste men\u00e9e par O. Noblecourt est\nun raccourci local du \u00ab&nbsp;en m\u00eame temps&nbsp;\u00bb macronien gauche-droite. On y\ntrouve des \u00ab&nbsp;en marche&nbsp;\u00bb patent\u00e9s, des militants de gauche et de\nvrais repr\u00e9sentants de la droite locale comme M. De Longevialle. C\u2019est un\nremake de la liste qui a g\u00e9r\u00e9 la ville de 2008 \u00e0 2014 avec le succ\u00e8s que l\u2019on\nconnait. En 2008, la liste \u00ab&nbsp;\u00e9cologie et solidarit\u00e9&nbsp;\u00bb conduite par\nMaryvonne Boileau avait \u00e9videmment refus\u00e9 une quelconque fusion au deuxi\u00e8me\ntour avec un tel attelage. Cette situation se reproduira \u00e0 l\u2019identique en 2020,\nune fusion entre la liste \u00ab&nbsp;<em>Grenoble en commun&nbsp;\u00bb<\/em> avec la liste\nde O. Noblecourt est impensable,\nc\u2019est une question de simple clart\u00e9 politique. De plus, le programme de cette\nliste est irr\u00e9aliste car non finan\u00e7able&nbsp;: il y a forte augmentation des\nd\u00e9penses de fonctionnement mais pas des recettes\u2026<\/p>\n\n\n\n<p>Rappel de quelques\ncaract\u00e9ristiques de la carri\u00e8re politique de M. De Longevialle.&nbsp; Il a bourlingu\u00e9 depuis le cabinet de l\u2019ancien\nmaire corrompu, puis \u00e9lu \u00e0 Meylan avec l\u2019UMP, puis au Modem avant d\u2019en \u00eatre\nexclu pour avoir usurp\u00e9 l\u2019identit\u00e9 d\u2019un\nconseiller g\u00e9n\u00e9ral du Rh\u00f4ne pour tenter de d\u00e9stabiliser la campagne du Modem\naux \u00e9lections r\u00e9gionales de 2010 car il n\u2019avait pas \u00e9t\u00e9 choisi comme t\u00eate de\nliste Modem dans l\u2019Is\u00e8re. Adjoint \u00e0 l\u2019immobilier (entre 2008 et 2014) il a\nb\u00e9tonn\u00e9 la ville comme jamais. C\u2019est un anti-\u00e9cologiste patent\u00e9, c\u2019est pour\ncela qu\u2019il avait \u00e9t\u00e9 choisi par M. Destot en 2008 dans sa liste gauche-droite.\nIl est g\u00e9rant d\u2019une petite boite dans l\u2019immobilier et en 2018 il a cr\u00e9\u00e9 une\nannexe de cette entreprise \u00e0 Grenoble pour pouvoir se repr\u00e9senter aux \u00e9lections\nmunicipales de 2020 car il habite en Savoie en fait. Du point de vue\nd\u00e9ontologique il y aurait beaucoup \u00e0 dire, par exemple il s\u2019est permis de\nsigner des permis de construire apr\u00e8s l\u2019\u00e9lection de la nouvelle majorit\u00e9, mais\navant que le nouveau maire soit \u00e9lu, pour signer en urgence des permis pour des\nop\u00e9rations contest\u00e9s par la nouvelle majorit\u00e9. <\/p>\n\n\n\n<p>On apprend aussi pourquoi M. L\u00e9vy a\nchoisi la liste Noblecourt, car ce dernier \u00ab&nbsp;<em>connait\nles hautes sph\u00e8res de l&rsquo;Etat, ses m\u00e9canismes&nbsp;et il saura porter les\nprojets de Grenoble au plus haut niveau pour les faire aboutir&nbsp;\u00bb. <\/em>&nbsp;Voil\u00e0 qui va rassurer Macron et ses partisans\nsur les choix qui seraient faits par la municipalit\u00e9 qu&rsquo;il souhaite !<\/p>\n\n\n\n<hr class=\"wp-block-separator\"\/>\n\n\n\n<!--more-->\n\n\n\n<p>M. Chamussy ne sera pas\ncandidat, il s\u2019est rapproch\u00e9 de Mme Chalas, mais l\u2019accord n\u2019a pas \u00e9t\u00e9 trouv\u00e9\nentre eux, la d\u00e9put\u00e9e LREM se montrant tr\u00e8s raide dans les \u00e9changes si on en\ncroit ce que dit M Chamussy \u00e0 la presse. Incapable de monter une liste de\ndroite classique, son essai avec Gemmani s\u2019\u00e9tant termin\u00e9 en eau de boudin, il\nlaisse Carignon, qui \u00e9tait sur sa liste en 2014, repr\u00e9senter la droite. Ce\nn\u2019est pas tr\u00e8s glorieux pour ce repr\u00e9sentant de la droite classique et pour ses\namis qui laissent donc le terrain libre au corrompu.<\/p>\n\n\n\n<hr class=\"wp-block-separator\"\/>\n\n\n\n<p>Mme Chalas a-t-elle des difficult\u00e9s \u00e0 boucler sa liste&nbsp;? Elle est\nall\u00e9e chercher M. D. Roux actuel maire de droite de Noyarey pour compl\u00e9ter sa\nliste. Les premi\u00e8res propositions de sa liste veulent faire revenir Grenoble en\narri\u00e8re&nbsp;: remise en cause de la pi\u00e9tonisation, un parking souterrain place\nVaucanson (comme Carignon), d\u00e9velopper la vid\u00e9osurveillance, faire sauter la\nvoie de bus sur Agutte Sembat et en proposant de nombreuses mesures plus\nd\u00e9magogiques les unes que les autres et sans indiquer comment tout cela sera\nfinanc\u00e9. Mais le pire c\u2019est sa proposition de soumettre une aide sociale aux\nfamilles en difficult\u00e9s \u00e0 la condition que l\u2019enfant soit inscrit au soutien\nscolaire. Cela rappelle certaines propositions de l\u2019extr\u00eame droite. L\u2019acc\u00e8s aux\ndroits ne doit souffrir d\u2019aucune contrepartie.<\/p>\n\n\n\n<hr class=\"wp-block-separator\"\/>\n\n\n\n<p>M. Carignon, candidat\nsoutenu par la droite LR, devrait lire le r\u00e8glement int\u00e9rieur du conseil municipal\navant de demander d\u2019ouvrir la possibilit\u00e9 aux groupes d\u2019\u00e9lus d\u2019opposition de\ns\u2019exprimer sur les moyens num\u00e9riques de la ville. L\u2019article 32 du r\u00e8glement\npr\u00e9voit depuis 2014 cette possibilit\u00e9, comme celle ouverte dans le journal\nmunicipal. Mais c\u2019est seulement pour les groupes d\u2019\u00e9lus que ceci est possible\net il faut \u00eatre deux pour faire un groupe. Donc pas de possibilit\u00e9 pour le\ncorrompu, puisqu\u2019il est seul dans son genre.\n\nM\u00eame la presse qui a pignon sur rue, alimente les\nfausses nouvelles et le Grenoble bashing. Voil\u00e0 ce qu\u2019\u00e9crivait le Point le 23\njanvier sur les finances de Grenoble&nbsp;:&nbsp;\u00ab&nbsp;<em>Les d\u00e9penses de\nfonctionnement d\u00e9passent d\u00e9sormais les 2 000 euros par habitant par an. Il en\nest de m\u00eame pour les d\u00e9penses de personnel qui, elles, atteignent 1 036 euros.\nAvec une dette annuelle de 3 712 euros par habitant<\/em>&nbsp;\u00bb. Alors que tout\ncitoyen peut aller v\u00e9rifier les chiffres dans le compte administratif publi\u00e9\nsur le site de la ville&nbsp;: les d\u00e9penses de fonctionnement atteignent 1 779\n\u20ac \/ habitant, les d\u00e9penses de personnel 855 \u20ac\/h et la dette qui est stable\ndepuis 2014 atteint 1697 \u20ac\/h.\n\n\n\n<\/p>\n","protected":false},"excerpt":{"rendered":"<p>La liste men\u00e9e par O. Noblecourt est un raccourci local du \u00ab&nbsp;en m\u00eame temps&nbsp;\u00bb macronien gauche-droite. On y trouve des \u00ab&nbsp;en marche&nbsp;\u00bb patent\u00e9s, des militants de gauche et de vrais repr\u00e9sentants de la droite locale comme M. De Longevialle. C\u2019est un remake de la liste qui a g\u00e9r\u00e9 la ville de 2008 \u00e0 2014 avec [&hellip;]<\/p>\n","protected":false},"author":1,"featured_media":0,"comment_status":"closed","ping_status":"open","sticky":false,"template":"","format":"standard","meta":{"twitterCardType":"","cardImageID":0,"cardImage":"","cardTitle":"","cardDesc":"","cardImageAlt":"","cardPlayer":"","cardPlayerWidth":0,"cardPlayerHeight":0,"cardPlayerStream":"","cardPlayerCodec":"","footnotes":""},"categories":[62],"tags":[327,54],"class_list":["post-16787","post","type-post","status-publish","format-standard","hentry","category-le-rouge-le-vert-hebdo","tag-municipales-2020","tag-politique-droite-gauche"],"_links":{"self":[{"href":"https:\/\/www.ades-grenoble.org\/wordpress\/wp-json\/wp\/v2\/posts\/16787","targetHints":{"allow":["GET"]}}],"collection":[{"href":"https:\/\/www.ades-grenoble.org\/wordpress\/wp-json\/wp\/v2\/posts"}],"about":[{"href":"https:\/\/www.ades-grenoble.org\/wordpress\/wp-json\/wp\/v2\/types\/post"}],"author":[{"embeddable":true,"href":"https:\/\/www.ades-grenoble.org\/wordpress\/wp-json\/wp\/v2\/users\/1"}],"replies":[{"embeddable":true,"href":"https:\/\/www.ades-grenoble.org\/wordpress\/wp-json\/wp\/v2\/comments?post=16787"}],"version-history":[{"count":1,"href":"https:\/\/www.ades-grenoble.org\/wordpress\/wp-json\/wp\/v2\/posts\/16787\/revisions"}],"predecessor-version":[{"id":16788,"href":"https:\/\/www.ades-grenoble.org\/wordpress\/wp-json\/wp\/v2\/posts\/16787\/revisions\/16788"}],"wp:attachment":[{"href":"https:\/\/www.ades-grenoble.org\/wordpress\/wp-json\/wp\/v2\/media?parent=16787"}],"wp:term":[{"taxonomy":"category","embeddable":true,"href":"https:\/\/www.ades-grenoble.org\/wordpress\/wp-json\/wp\/v2\/categories?post=16787"},{"taxonomy":"post_tag","embeddable":true,"href":"https:\/\/www.ades-grenoble.org\/wordpress\/wp-json\/wp\/v2\/tags?post=16787"}],"curies":[{"name":"wp","href":"https:\/\/api.w.org\/{rel}","templated":true}]}}