{"id":16804,"date":"2020-02-07T14:22:45","date_gmt":"2020-02-07T13:22:45","guid":{"rendered":"https:\/\/www.ades-grenoble.org\/wordpress\/?p=16804"},"modified":"2020-02-07T15:12:11","modified_gmt":"2020-02-07T14:12:11","slug":"le-gouvernement-epingle-sur-la-reduction-des-pesticides","status":"publish","type":"post","link":"https:\/\/www.ades-grenoble.org\/wordpress\/2020\/02\/07\/le-gouvernement-epingle-sur-la-reduction-des-pesticides\/","title":{"rendered":"Le gouvernement \u00e9pingl\u00e9 sur la r\u00e9duction des pesticides"},"content":{"rendered":"\n<div class=\"wp-block-image\"><figure class=\"alignleft\"><img loading=\"lazy\" decoding=\"async\" width=\"350\" height=\"332\" src=\"https:\/\/www.ades-grenoble.org\/wordpress\/wp-content\/uploads\/2016\/01\/Cour-des-comptes.jpg\" alt=\"\" class=\"wp-image-11212\" srcset=\"https:\/\/www.ades-grenoble.org\/wordpress\/wp-content\/uploads\/2016\/01\/Cour-des-comptes.jpg 350w, https:\/\/www.ades-grenoble.org\/wordpress\/wp-content\/uploads\/2016\/01\/Cour-des-comptes-150x142.jpg 150w, https:\/\/www.ades-grenoble.org\/wordpress\/wp-content\/uploads\/2016\/01\/Cour-des-comptes-300x285.jpg 300w\" sizes=\"auto, (max-width: 350px) 100vw, 350px\" \/><\/figure><\/div>\n\n\n\n<p>Avant de partir \u00e0 la Hatvp (Haute autorit\u00e9 pour la\ntransparence de la vie publique), le premier pr\u00e9sident de la Cour des comptes,\nM. Migaud, rend public un r\u00e9f\u00e9r\u00e9 qui estime que les plans \u00c9cophyto mis en \u0153uvre\npar l&rsquo;\u00c9tat depuis 2008 pour r\u00e9duire l&rsquo;usage des pesticides n&rsquo;ont pas atteint\nleurs objectifs, malgr\u00e9 la mobilisation de moyens publics importants. La Cour\nestime que l\u2019\u00c9tat pourrait davantage influer sur les modes de production et les\nfili\u00e8res par l\u2019exercice de ses comp\u00e9tences normatives, de r\u00e9gulation et\nd\u2019information. La Cour recommande de <em>\u00ab&nbsp;publier et rendre accessibles au\npublic, chaque ann\u00e9e, les donn\u00e9es et les analyses rendant compte de la\npolitique men\u00e9e, des substances actives \u00e9mises et de leurs effets sur la sant\u00e9\nhumaine et sur l&rsquo;environnement, notamment sous forme de cartographies&nbsp;<\/em>\u00bb.\nLa Cour souhaite aussi que soit introduit, dans les n\u00e9gociations de la nouvelle\npolitique agricole commune (PAC), un objectif prioritaire de r\u00e9duction de\nl\u2019usage des produits phytopharmaceutiques.<\/p>\n\n\n\n<!--more-->\n\n\n\n<p><em>\u00ab\u00a0En application des dispositions de l\u2019article L. 111-3 du code des juridictions financi\u00e8res, la Cour a r\u00e9alis\u00e9 une enqu\u00eate sur le bilan des plans de r\u00e9duction des usages et des effets des produits phytopharmaceutiques, dits Plans \u00c9cophyto, con\u00e7us et mis en \u0153uvre en France depuis 2008. \u00c0 l\u2019issue de ces travaux, la Cour m\u2019a demand\u00e9, en application des dispositions de l\u2019article R. 143-11 du m\u00eame code, d\u2019appeler votre attention sur les observations et recommandations suivantes. Premier producteur europ\u00e9en par la surface agricole utile (29 millions d\u2019hectares) et la valeur de sa production (71 Md\u20ac dont pr\u00e8s de 60 % de production v\u00e9g\u00e9tale), la France se place, apr\u00e8s l\u2019Espagne et devant l\u2019Italie, au deuxi\u00e8me rang pour la quantit\u00e9 de substances actives vendues (72 000 tonnes) et au neuvi\u00e8me rang pour l\u2019utilisation \u00e0 l\u2019hectare. Dans le respect de l\u2019article 11 de la directive du Parlement europ\u00e9en et du Conseil du 21 octobre 2009 instaurant un cadre d\u2019action communautaire pour parvenir \u00e0 une utilisation des pesticides compatible avec le d\u00e9veloppement durable, la France doit d\u2019une part, r\u00e9duire les risques et les effets de ces produits sur la sant\u00e9 humaine et sur l\u2019environnement1, d\u2019autre part, encourager le recours \u00e0 la lutte int\u00e9gr\u00e9e contre les ennemis des cultures et \u00e0 des m\u00e9thodes ou techniques de substitution. Dix ans apr\u00e8s, les objectifs fix\u00e9s ne sont pas atteints mais plusieurs leviers peuvent favoriser l\u2019\u00e9volution des pratiques agricoles.\u00a0\u00bb<\/em><\/p>\n\n\n\n<p>Pour lire le texte du r\u00e9f\u00e9r\u00e9, cliquer <a href=\"https:\/\/www.ccomptes.fr\/system\/files\/2020-01\/20200204-refere-S2019-2659-bilan-plans-ecophyto.pdf\" target=\"_blank\" rel=\"noreferrer noopener\" aria-label=\"ici (s\u2019ouvre dans un nouvel onglet)\">ici<\/a>.<\/p>\n","protected":false},"excerpt":{"rendered":"<p>Avant de partir \u00e0 la Hatvp (Haute autorit\u00e9 pour la transparence de la vie publique), le premier pr\u00e9sident de la Cour des comptes, M. Migaud, rend public un r\u00e9f\u00e9r\u00e9 qui estime que les plans \u00c9cophyto mis en \u0153uvre par l&rsquo;\u00c9tat depuis 2008 pour r\u00e9duire l&rsquo;usage des pesticides n&rsquo;ont pas atteint leurs objectifs, malgr\u00e9 la mobilisation [&hellip;]<\/p>\n","protected":false},"author":1,"featured_media":0,"comment_status":"closed","ping_status":"open","sticky":false,"template":"","format":"standard","meta":{"twitterCardType":"","cardImageID":0,"cardImage":"","cardTitle":"","cardDesc":"","cardImageAlt":"","cardPlayer":"","cardPlayerWidth":0,"cardPlayerHeight":0,"cardPlayerStream":"","cardPlayerCodec":"","footnotes":""},"categories":[62,11],"tags":[242,153,99],"class_list":["post-16804","post","type-post","status-publish","format-standard","hentry","category-le-rouge-le-vert-hebdo","category-politique-locale","tag-developpement-durable","tag-ecologie","tag-sante"],"_links":{"self":[{"href":"https:\/\/www.ades-grenoble.org\/wordpress\/wp-json\/wp\/v2\/posts\/16804","targetHints":{"allow":["GET"]}}],"collection":[{"href":"https:\/\/www.ades-grenoble.org\/wordpress\/wp-json\/wp\/v2\/posts"}],"about":[{"href":"https:\/\/www.ades-grenoble.org\/wordpress\/wp-json\/wp\/v2\/types\/post"}],"author":[{"embeddable":true,"href":"https:\/\/www.ades-grenoble.org\/wordpress\/wp-json\/wp\/v2\/users\/1"}],"replies":[{"embeddable":true,"href":"https:\/\/www.ades-grenoble.org\/wordpress\/wp-json\/wp\/v2\/comments?post=16804"}],"version-history":[{"count":1,"href":"https:\/\/www.ades-grenoble.org\/wordpress\/wp-json\/wp\/v2\/posts\/16804\/revisions"}],"predecessor-version":[{"id":16805,"href":"https:\/\/www.ades-grenoble.org\/wordpress\/wp-json\/wp\/v2\/posts\/16804\/revisions\/16805"}],"wp:attachment":[{"href":"https:\/\/www.ades-grenoble.org\/wordpress\/wp-json\/wp\/v2\/media?parent=16804"}],"wp:term":[{"taxonomy":"category","embeddable":true,"href":"https:\/\/www.ades-grenoble.org\/wordpress\/wp-json\/wp\/v2\/categories?post=16804"},{"taxonomy":"post_tag","embeddable":true,"href":"https:\/\/www.ades-grenoble.org\/wordpress\/wp-json\/wp\/v2\/tags?post=16804"}],"curies":[{"name":"wp","href":"https:\/\/api.w.org\/{rel}","templated":true}]}}