{"id":16808,"date":"2020-02-07T14:38:31","date_gmt":"2020-02-07T13:38:31","guid":{"rendered":"https:\/\/www.ades-grenoble.org\/wordpress\/?p=16808"},"modified":"2020-02-07T15:12:24","modified_gmt":"2020-02-07T14:12:24","slug":"droit-de-vote-des-residents-etrangers-aux-elections-locales-une-large-majorite-est-pour","status":"publish","type":"post","link":"https:\/\/www.ades-grenoble.org\/wordpress\/2020\/02\/07\/droit-de-vote-des-residents-etrangers-aux-elections-locales-une-large-majorite-est-pour\/","title":{"rendered":"Droit de vote des r\u00e9sidents \u00e9trangers aux \u00e9lections locales\u2026 une large majorit\u00e9 est pour"},"content":{"rendered":"\n<div class=\"wp-block-image\"><figure class=\"alignleft\"><img loading=\"lazy\" decoding=\"async\" width=\"190\" height=\"280\" src=\"https:\/\/www.ades-grenoble.org\/wordpress\/wp-content\/uploads\/2020\/02\/droit-de-vote2020.jpg\" alt=\"\" class=\"wp-image-16809\" srcset=\"https:\/\/www.ades-grenoble.org\/wordpress\/wp-content\/uploads\/2020\/02\/droit-de-vote2020.jpg 190w, https:\/\/www.ades-grenoble.org\/wordpress\/wp-content\/uploads\/2020\/02\/droit-de-vote2020-102x150.jpg 102w\" sizes=\"auto, (max-width: 190px) 100vw, 190px\" \/><\/figure><\/div>\n\n\n\n<p>Actuellement la loi permet aux ressortissants de l\u2019Union\nEurop\u00e9enne le droit de vote aux \u00e9lections municipales et europ\u00e9ennes se\nd\u00e9roulant en France, mais cela ne concerne pas les r\u00e9sidents \u00e9trangers issus de\npays n\u2019appartenant pas \u00e0 l\u2019Union Europ\u00e9enne.<\/p>\n\n\n\n<p>Depuis le 1<sup>er<\/sup> f\u00e9vrier, le Royaume Uni n\u2019est plus dans\nl\u2019Union Europ\u00e9enne, cons\u00e9quence les 37 Britanniques qui \u00e9taient inscrits sur la\nliste \u00e9lectorale \u00e0 Grenoble, ne pourront plus voter en mars 2020 pour\nl\u2019\u00e9lection municipale. Ils rejoignent les autres r\u00e9sidents \u00e9trangers qui ne\npeuvent pas voter aux \u00e9lections locales.<\/p>\n\n\n\n<p>Depuis plus de vingt ans,\u00a0<em>La Lettre de la Citoyennet\u00e9<\/em>\u00a0publie une enqu\u00eate annuelle pour suivre le regard des Fran\u00e7ais concernant le droit de vote des \u00e9trangers r\u00e9sidant en France pour les \u00e9lections locales et europ\u00e9ennes.<\/p>\n\n\n\n<!--more-->\n\n\n\n<p>L\u2019institut de sondage \u00ab&nbsp;Harris Interactive&nbsp;\u00bb s\u2019est vu\nconfier ce travail d\u2019enqu\u00eate depuis 1994. Depuis 2006, une majorit\u00e9 de Fran\u00e7ais\nse d\u00e9clare favorable \u00e0 l\u2019extension de ce qui existe pour les ressortissants de\nl\u2019Union europ\u00e9enne \u00e0 tous les r\u00e9sidents \u00e9trangers. Et depuis 2015 il y a une\nforte augmentation de cette majorit\u00e9 favorable au droit de vote des r\u00e9sidents\n\u00e9trangers, qui atteint d\u00e9but 2020 62 %, il n\u2019y a plus qu\u2019environ 1\/3 des sond\u00e9s\nqui se d\u00e9clarent d\u00e9favorables \u00e0 la reconnaissance de ce droit.<\/p>\n\n\n\n<p>Rappelons que l\u2019ensemble des r\u00e8gles de gestion de l\u2019action publique locale et en particulier pour les communes, ne fait aucune distinction de nationalit\u00e9. Il n\u2019y a donc aucune raison que tous les r\u00e9sidents qui ont les m\u00eames devoirs n\u2019aient pas les m\u00eames droits.<\/p>\n\n\n\n<div class=\"wp-block-image\"><figure class=\"alignleft\"><img loading=\"lazy\" decoding=\"async\" width=\"800\" height=\"431\" src=\"https:\/\/www.ades-grenoble.org\/wordpress\/wp-content\/uploads\/2020\/02\/VoteEtrangersSondage.jpg\" alt=\"\" class=\"wp-image-16810\" srcset=\"https:\/\/www.ades-grenoble.org\/wordpress\/wp-content\/uploads\/2020\/02\/VoteEtrangersSondage.jpg 800w, https:\/\/www.ades-grenoble.org\/wordpress\/wp-content\/uploads\/2020\/02\/VoteEtrangersSondage-150x81.jpg 150w, https:\/\/www.ades-grenoble.org\/wordpress\/wp-content\/uploads\/2020\/02\/VoteEtrangersSondage-300x162.jpg 300w, https:\/\/www.ades-grenoble.org\/wordpress\/wp-content\/uploads\/2020\/02\/VoteEtrangersSondage-768x414.jpg 768w, https:\/\/www.ades-grenoble.org\/wordpress\/wp-content\/uploads\/2020\/02\/VoteEtrangersSondage-600x323.jpg 600w\" sizes=\"auto, (max-width: 800px) 100vw, 800px\" \/><\/figure><\/div>\n","protected":false},"excerpt":{"rendered":"<p>Actuellement la loi permet aux ressortissants de l\u2019Union Europ\u00e9enne le droit de vote aux \u00e9lections municipales et europ\u00e9ennes se d\u00e9roulant en France, mais cela ne concerne pas les r\u00e9sidents \u00e9trangers issus de pays n\u2019appartenant pas \u00e0 l\u2019Union Europ\u00e9enne. Depuis le 1er f\u00e9vrier, le Royaume Uni n\u2019est plus dans l\u2019Union Europ\u00e9enne, cons\u00e9quence les 37 Britanniques qui [&hellip;]<\/p>\n","protected":false},"author":1,"featured_media":0,"comment_status":"closed","ping_status":"open","sticky":false,"template":"","format":"standard","meta":{"twitterCardType":"","cardImageID":0,"cardImage":"","cardTitle":"","cardDesc":"","cardImageAlt":"","cardPlayer":"","cardPlayerWidth":0,"cardPlayerHeight":0,"cardPlayerStream":"","cardPlayerCodec":"","footnotes":""},"categories":[62,11],"tags":[180,53,140,327],"class_list":["post-16808","post","type-post","status-publish","format-standard","hentry","category-le-rouge-le-vert-hebdo","category-politique-locale","tag-discriminations","tag-droits-des-etrangers","tag-elections","tag-municipales-2020"],"_links":{"self":[{"href":"https:\/\/www.ades-grenoble.org\/wordpress\/wp-json\/wp\/v2\/posts\/16808","targetHints":{"allow":["GET"]}}],"collection":[{"href":"https:\/\/www.ades-grenoble.org\/wordpress\/wp-json\/wp\/v2\/posts"}],"about":[{"href":"https:\/\/www.ades-grenoble.org\/wordpress\/wp-json\/wp\/v2\/types\/post"}],"author":[{"embeddable":true,"href":"https:\/\/www.ades-grenoble.org\/wordpress\/wp-json\/wp\/v2\/users\/1"}],"replies":[{"embeddable":true,"href":"https:\/\/www.ades-grenoble.org\/wordpress\/wp-json\/wp\/v2\/comments?post=16808"}],"version-history":[{"count":1,"href":"https:\/\/www.ades-grenoble.org\/wordpress\/wp-json\/wp\/v2\/posts\/16808\/revisions"}],"predecessor-version":[{"id":16811,"href":"https:\/\/www.ades-grenoble.org\/wordpress\/wp-json\/wp\/v2\/posts\/16808\/revisions\/16811"}],"wp:attachment":[{"href":"https:\/\/www.ades-grenoble.org\/wordpress\/wp-json\/wp\/v2\/media?parent=16808"}],"wp:term":[{"taxonomy":"category","embeddable":true,"href":"https:\/\/www.ades-grenoble.org\/wordpress\/wp-json\/wp\/v2\/categories?post=16808"},{"taxonomy":"post_tag","embeddable":true,"href":"https:\/\/www.ades-grenoble.org\/wordpress\/wp-json\/wp\/v2\/tags?post=16808"}],"curies":[{"name":"wp","href":"https:\/\/api.w.org\/{rel}","templated":true}]}}