{"id":16892,"date":"2020-02-21T13:59:06","date_gmt":"2020-02-21T12:59:06","guid":{"rendered":"https:\/\/www.ades-grenoble.org\/wordpress\/?p=16892"},"modified":"2020-02-21T14:08:20","modified_gmt":"2020-02-21T13:08:20","slug":"grenoble-en-commun-la-liste-0-macron-compatible","status":"publish","type":"post","link":"https:\/\/www.ades-grenoble.org\/wordpress\/2020\/02\/21\/grenoble-en-commun-la-liste-0-macron-compatible\/","title":{"rendered":"Grenoble en commun : la liste 0% Macron compatible !"},"content":{"rendered":"\n<div class=\"wp-block-image\"><figure class=\"alignleft\"><img loading=\"lazy\" decoding=\"async\" width=\"400\" height=\"173\" src=\"https:\/\/www.ades-grenoble.org\/wordpress\/wp-content\/uploads\/2019\/12\/grenoble-en-commun.jpg\" alt=\"\" class=\"wp-image-16604\" srcset=\"https:\/\/www.ades-grenoble.org\/wordpress\/wp-content\/uploads\/2019\/12\/grenoble-en-commun.jpg 400w, https:\/\/www.ades-grenoble.org\/wordpress\/wp-content\/uploads\/2019\/12\/grenoble-en-commun-150x65.jpg 150w, https:\/\/www.ades-grenoble.org\/wordpress\/wp-content\/uploads\/2019\/12\/grenoble-en-commun-300x130.jpg 300w\" sizes=\"auto, (max-width: 400px) 100vw, 400px\" \/><\/figure><\/div>\n\n\n\n<p>Les 59 candidat-es et les deux suppl\u00e9ants de l\u2019\u00e9quipe \u00ab\u00a0<em>Grenoble en Commun\u00a0<\/em>\u00bb avec Eric Piolle ont \u00e9t\u00e9 pr\u00e9sent\u00e9s \u00e0 la presse. C\u2019est <a href=\"https:\/\/www.grenobleencommun.fr\/candidats\/\" target=\"_blank\" rel=\"noreferrer noopener\" aria-label=\"une liste tr\u00e8s renouvel\u00e9e (s\u2019ouvre dans un nouvel onglet)\">une liste tr\u00e8s renouvel\u00e9e<\/a>, seuls 24 \u00e9lus sortants se repr\u00e9sentent. C\u2019est une liste jeune et de tr\u00e8s large rassemblement soutenue par toutes les sensibilit\u00e9s politiques\u00a0progressistes\u00a0: EELV, la France insoumise, les socialistes et humanistes grenoblois, le Parti Communiste Fran\u00e7ais, G\u00e9n\u00e9ration\u2019s, le Parti de Gauche, Ensemble !, G\u00e9n\u00e9ration Ecologie, le Parti Animaliste et bien entendu des mouvements politiques locaux\u00a0 ADES et R\u00e9seau Citoyen de Grenoble.<\/p>\n\n\n\n<p>Deux anciens adjoints de Dubedout (maire de 1965 \u00e0 1983), Jacques\nHennebert et Jean Giard terminent la liste pour indiquer cette continuit\u00e9 de la\ngauche grenobloise attach\u00e9e \u00e0 la justice sociale, aux luttes contre les discriminations\net l\u2019attachement \u00e0 une gauche de transformation sociale refusant la scl\u00e9rose\ndes appareils politiques.<\/p>\n\n\n\n<!--more-->\n\n\n\n<p>La liste se d\u00e9marque clairement des politiques n\u00e9olib\u00e9rales du\ngouvernement Macron qui mettent \u00e0 mal les services publics, augmentant les\nin\u00e9galit\u00e9s et la pauvret\u00e9. C\u2019est la liste 0% Macron compatible, 100%\n\u00e9cologiste, 100% de gauche\u2026<\/p>\n\n\n\n<p>Loin des grandes envol\u00e9es lyriques des autres listes qui promettent la\nlune, Grenoble en commun propose de nombreuses actions concr\u00e8tes qui visent \u00e0\nam\u00e9liorer la vie quotidienne de tous les habitant-es et amplifient les\npolitiques structurantes de la M\u00e9tropole en mettant en \u0153uvre les transitions de\njustice sociale et environnementale. Le d\u00e9tail des propositions sera rendu\npublic prochainement.<\/p>\n\n\n\n<p><strong>Les d\u00e9fis\nde Grenoble en commun&nbsp;&#8211; suite&nbsp;:<\/strong><\/p>\n\n\n\n<p><em>\u00ab&nbsp;A GRENOBLE, L\u2019EAU EST UN BIEN COMMUN ! <\/em><\/p>\n\n\n\n<p><em>L\u2019histoire de notre ville est autant li\u00e9e aux montagnes qui l\u2019entourent\nqu\u2019aux rivi\u00e8res qui la traversent. Depuis le premier pont construit sur l\u2019Is\u00e8re\nen 43 av JC \u00e0 la victoire sur le Drac au XVIIIe si\u00e8cle, l\u2019eau a sculpt\u00e9 notre\ng\u00e9ographie et notre histoire. Grenoble a \u00e9t\u00e9, jusqu\u2019\u00e0 la fin du XIXe si\u00e8cle,\nune \u00e9tape portuaire incontournable pour rejoindre le Rh\u00f4ne, avant d\u2019\u00eatre le\nberceau de la Houille Blanche et de l\u2019expansion de l\u2019hydro\u00e9lectricit\u00e9. L\u2019eau\nfait partie int\u00e9grante de notre patrimoine. C\u2019est encore plus vrai depuis sa\nremunicipalisation dans les ann\u00e9es 2000, venue fermer la sombre parenth\u00e8se d\u2019un\nbien l\u00e9gu\u00e9 au secteur priv\u00e9 \u00e0 grands coups de corruption. <\/em><\/p>\n\n\n\n<p><em>L\u2019eau, \u00e0 Grenoble, ne l\u2019oublions pas, EST un bien commun ! <\/em><\/p>\n\n\n\n<p><em>Son acc\u00e8s est aujourd\u2019hui remis en cause pour de nombreuses populations\n\u00e0 travers le monde. Avec le d\u00e9r\u00e8glement climatique, elle tend \u00e0 devenir une\nressource rare ; son acc\u00e8s devient un enjeu de plus en plus crucial. Alors que\nles sols imperm\u00e9abilis\u00e9s ne permettent plus son \u00e9coulement et le bon\nrenouvellement des nappes phr\u00e9atiques, nous devons garantir \u00e0 toutes et tous\nl\u2019acc\u00e8s \u00e0 une eau publique potable de qualit\u00e9. Alors que les canicules se font\nde plus en plus r\u00e9guli\u00e8res et intenses, nous devons permettre \u00e0 chacun et\nchacune d\u2019acc\u00e9der \u00e0 la fraicheur, dans nos parcs, sur nos places et le long de\nnos berges. A Grenoble, au c\u0153ur des Alpes o\u00f9 le r\u00e9chauffement climatique va\ndeux fois plus vite qu\u2019ailleurs, reconqu\u00e9rons notre histoire et nos rivi\u00e8res,\net faisons de l\u2019eau notre principale alli\u00e9e dans la lutte contre les \u00eelots de\nchaleur dans chacun des 22 quartiers de la ville !<\/em><\/p>\n\n\n\n<p><em>L\u2019eau de Grenoble restera 100% publique. <\/em><\/p>\n\n\n\n<p><em>Son tarif, 15% moins cher que la moyenne nationale, continuera \u00e0 \u00eatre d\u00e9battu chaque ann\u00e9e avec un comit\u00e9 d\u2019usagers.\u00a0 Nous continuerons \u00e0 nous battre pour fournir une eau pure et non trait\u00e9e, avec la sanctuarisation des zones de captage et la s\u00e9curisation de notre r\u00e9seau. La tarification solidaire en fonction de crit\u00e8res sociaux a \u00e9t\u00e9 mise en \u0153uvre dans ce mandat et b\u00e9n\u00e9ficie aujourd\u2019hui \u00e0 30 000 M\u00e9tropolitain-es. Elle sera poursuivie.\u00a0\u00bb<\/em><\/p>\n\n\n\n<p>Pour lire le d\u00e9fi sur l&rsquo;eau, cliquer <a href=\"https:\/\/www.grenobleencommun.fr\/wp-content\/uploads\/2020\/02\/tractWEB.pdf\" target=\"_blank\" rel=\"noreferrer noopener\" aria-label=\"ici (s\u2019ouvre dans un nouvel onglet)\">ici<\/a>.<\/p>\n\n\n\n<p><strong>Grenoble en commun fait aussi des propositions concr\u00e8tes pour le\nsport&nbsp;: <\/strong><\/p>\n\n\n\n<p><em>\u00ab&nbsp;POUR UNE VILLE-MONTAGNE, SPORTIVE,\nEMANCIPATRICE ET SOLIDAIRE.<\/em><strong><em><\/em><\/strong><\/p>\n\n\n\n<p><em>Affirmer la place et le r\u00f4le du sport dans la ville\nn\u2019est pas qu\u2019un discours. En agissant \u00e0 la fois sur la r\u00e9novation des\n\u00e9quipements, en assurant un l\u00e9gitime droit \u00e0 la montagne pour toutes et tous,\nen faisant coop\u00e9rer tous les acteurs dans une logique de solidarit\u00e9 et en\nproposant des activit\u00e9s pour toutes et tous quel que soit le niveau, la Ville\npermettra l\u2019\u00e9mancipation de chacun-e par le sport&nbsp;:<\/em><strong><\/strong><\/p>\n\n\n\n<ul class=\"wp-block-list\"><li><em>du sport pour toutes et tous<\/em><\/li><li><em>des solidarit\u00e9s renforc\u00e9es au sein du mouvement sportif<\/em><\/li><li><em>un \u201cdroit \u00e0 la montagne\u201d<\/em><\/li><li><em>une alliance entre le sport de haut niveau, \u00e9ducation, solidarit\u00e9s et \u00e9cologie<\/em><\/li><li><em>des \u00e9quipements sportifs r\u00e9nov\u00e9s et plus accueillants \u00bb<\/em><\/li><li><\/li><\/ul>\n\n\n\n<p>Pour lire le d\u00e9fi sur le sport, cliquer <a href=\"https:\/\/www.grenobleencommun.fr\/wp-content\/uploads\/2020\/02\/SportsA4Web.pdf\" target=\"_blank\" rel=\"noreferrer noopener\">ici<\/a>.<\/p>\n\n\n\n<p><strong>Les Grenoblois-es comptent, les animaux aussi<\/strong> ! <em>BIEN-\u00caTRE HUMAIN, BIEN-\u00caTRE ANIMAL : UN LIEN\nINDISSOCIABLE<\/em><\/p>\n\n\n\n<p><em>A Grenoble, les personnes sensibles \u00e0 la cause animale sont beaucoup plus nombreuses qu\u2019on ne le croit. Et de fait, les animaux sauvages et domestiques qui peuplent la ville sont une richesse! Ils sont non seulement pr\u00e9cieux car ils appartiennent aux \u00e9cosyst\u00e8mes dont nous d\u00e9pendons, mais aussi parce qu\u2019ils poss\u00e8dent, chacun \u00e0 leur mani\u00e8re, une sensibilit\u00e9 et une intelligence qui leur sont propres. C\u2019est pourquoi Grenoble en Commun porte des mesures fortes qui prennent en compte les int\u00e9r\u00eats des animaux et repensent la relation humain-animal. Nous renforcerons notre politique en faveur de la biodiversit\u00e9 et nous nous engagerons en faveur de l\u2019\u00e9thique animale. Pour coordonner ces actions, notre premi\u00e8re mesure sera de cr\u00e9er une d\u00e9l\u00e9gation d\u00e9di\u00e9e \u00e0 la condition animale.<\/em><\/p>\n\n\n\n<p>Pour lire les engagements sur le bien-\u00eatre animal, cliquer <a href=\"https:\/\/www.grenobleencommun.fr\/wp-content\/uploads\/2020\/02\/TractAnimalisteWeb.pdf\" target=\"_blank\" rel=\"noreferrer noopener\" aria-label=\"ici (s\u2019ouvre dans un nouvel onglet)\">ici<\/a>.<\/p>\n","protected":false},"excerpt":{"rendered":"<p>Les 59 candidat-es et les deux suppl\u00e9ants de l\u2019\u00e9quipe \u00ab\u00a0Grenoble en Commun\u00a0\u00bb avec Eric Piolle ont \u00e9t\u00e9 pr\u00e9sent\u00e9s \u00e0 la presse. C\u2019est une liste tr\u00e8s renouvel\u00e9e, seuls 24 \u00e9lus sortants se repr\u00e9sentent. C\u2019est une liste jeune et de tr\u00e8s large rassemblement soutenue par toutes les sensibilit\u00e9s politiques\u00a0progressistes\u00a0: EELV, la France insoumise, les socialistes et humanistes [&hellip;]<\/p>\n","protected":false},"author":1,"featured_media":0,"comment_status":"closed","ping_status":"open","sticky":false,"template":"","format":"standard","meta":{"twitterCardType":"","cardImageID":0,"cardImage":"","cardTitle":"","cardDesc":"","cardImageAlt":"","cardPlayer":"","cardPlayerWidth":0,"cardPlayerHeight":0,"cardPlayerStream":"","cardPlayerCodec":"","footnotes":""},"categories":[62,11],"tags":[333,327],"class_list":["post-16892","post","type-post","status-publish","format-standard","hentry","category-le-rouge-le-vert-hebdo","category-politique-locale","tag-grenoble-en-commun","tag-municipales-2020"],"_links":{"self":[{"href":"https:\/\/www.ades-grenoble.org\/wordpress\/wp-json\/wp\/v2\/posts\/16892","targetHints":{"allow":["GET"]}}],"collection":[{"href":"https:\/\/www.ades-grenoble.org\/wordpress\/wp-json\/wp\/v2\/posts"}],"about":[{"href":"https:\/\/www.ades-grenoble.org\/wordpress\/wp-json\/wp\/v2\/types\/post"}],"author":[{"embeddable":true,"href":"https:\/\/www.ades-grenoble.org\/wordpress\/wp-json\/wp\/v2\/users\/1"}],"replies":[{"embeddable":true,"href":"https:\/\/www.ades-grenoble.org\/wordpress\/wp-json\/wp\/v2\/comments?post=16892"}],"version-history":[{"count":1,"href":"https:\/\/www.ades-grenoble.org\/wordpress\/wp-json\/wp\/v2\/posts\/16892\/revisions"}],"predecessor-version":[{"id":16893,"href":"https:\/\/www.ades-grenoble.org\/wordpress\/wp-json\/wp\/v2\/posts\/16892\/revisions\/16893"}],"wp:attachment":[{"href":"https:\/\/www.ades-grenoble.org\/wordpress\/wp-json\/wp\/v2\/media?parent=16892"}],"wp:term":[{"taxonomy":"category","embeddable":true,"href":"https:\/\/www.ades-grenoble.org\/wordpress\/wp-json\/wp\/v2\/categories?post=16892"},{"taxonomy":"post_tag","embeddable":true,"href":"https:\/\/www.ades-grenoble.org\/wordpress\/wp-json\/wp\/v2\/tags?post=16892"}],"curies":[{"name":"wp","href":"https:\/\/api.w.org\/{rel}","templated":true}]}}