{"id":16924,"date":"2020-02-28T14:35:20","date_gmt":"2020-02-28T13:35:20","guid":{"rendered":"https:\/\/www.ades-grenoble.org\/wordpress\/?p=16924"},"modified":"2020-02-28T14:36:39","modified_gmt":"2020-02-28T13:36:39","slug":"reunions-publiques-de-grenoble-en-commun","status":"publish","type":"post","link":"https:\/\/www.ades-grenoble.org\/wordpress\/2020\/02\/28\/reunions-publiques-de-grenoble-en-commun\/","title":{"rendered":"R\u00e9unions publiques de Grenoble en commun"},"content":{"rendered":"\n<div class=\"wp-block-image\"><figure class=\"alignleft\"><img loading=\"lazy\" decoding=\"async\" width=\"400\" height=\"241\" src=\"https:\/\/www.ades-grenoble.org\/wordpress\/wp-content\/uploads\/2019\/10\/grenoble-en-commun.jpg\" alt=\"\" class=\"wp-image-16307\" srcset=\"https:\/\/www.ades-grenoble.org\/wordpress\/wp-content\/uploads\/2019\/10\/grenoble-en-commun.jpg 400w, https:\/\/www.ades-grenoble.org\/wordpress\/wp-content\/uploads\/2019\/10\/grenoble-en-commun-150x90.jpg 150w, https:\/\/www.ades-grenoble.org\/wordpress\/wp-content\/uploads\/2019\/10\/grenoble-en-commun-300x181.jpg 300w\" sizes=\"auto, (max-width: 400px) 100vw, 400px\" \/><\/figure><\/div>\n\n\n\n<p><strong>Jeudi 5 mars \u00e0 19h pour le secteur 1<\/strong> \u00e0 la Maison des habitants Chorier Berriat, 10 rue Henri le Ch\u00e2telier<\/p>\n\n\n\n<hr class=\"wp-block-separator\"\/>\n\n\n\n<p><strong>Vendredi 6 mars pour le secteur 2<\/strong> \u00e0 la Plateforme, ancien Mus\u00e9e de peinture, 9 place de Verdun,<\/p>\n\n\n\n<hr class=\"wp-block-separator\"\/>\n\n\n\n<p><strong>Mercredi 11 mars&nbsp;: <\/strong>17 h match de foot g\u00e9ant parc\nPaul Mistral.<\/p>\n\n\n\n<h4 class=\"wp-block-heading\"><strong>Mercredi 11 mars : 19 h Grand meeting de 1er tour au Jardin de Ville <\/strong>avec de nombreuses personnalit\u00e9s et \u00e0 21 h concerts gratuits au Jardin de Ville avec Ivan le Bolloc\u2019h et Sins\u00e9milia<\/h4>\n\n\n\n<p><\/p>\n","protected":false},"excerpt":{"rendered":"<p>Jeudi 5 mars \u00e0 19h pour le secteur 1 \u00e0 la Maison des habitants Chorier Berriat, 10 rue Henri le Ch\u00e2telier Vendredi 6 mars pour le secteur 2 \u00e0 la Plateforme, ancien Mus\u00e9e de peinture, 9 place de Verdun, Mercredi 11 mars&nbsp;: 17 h match de foot g\u00e9ant parc Paul Mistral. Mercredi 11 mars : [&hellip;]<\/p>\n","protected":false},"author":1,"featured_media":0,"comment_status":"closed","ping_status":"open","sticky":false,"template":"","format":"standard","meta":{"twitterCardType":"","cardImageID":0,"cardImage":"","cardTitle":"","cardDesc":"","cardImageAlt":"","cardPlayer":"","cardPlayerWidth":0,"cardPlayerHeight":0,"cardPlayerStream":"","cardPlayerCodec":"","footnotes":""},"categories":[62,11],"tags":[125,333,327],"class_list":["post-16924","post","type-post","status-publish","format-standard","hentry","category-le-rouge-le-vert-hebdo","category-politique-locale","tag-agenda","tag-grenoble-en-commun","tag-municipales-2020"],"_links":{"self":[{"href":"https:\/\/www.ades-grenoble.org\/wordpress\/wp-json\/wp\/v2\/posts\/16924","targetHints":{"allow":["GET"]}}],"collection":[{"href":"https:\/\/www.ades-grenoble.org\/wordpress\/wp-json\/wp\/v2\/posts"}],"about":[{"href":"https:\/\/www.ades-grenoble.org\/wordpress\/wp-json\/wp\/v2\/types\/post"}],"author":[{"embeddable":true,"href":"https:\/\/www.ades-grenoble.org\/wordpress\/wp-json\/wp\/v2\/users\/1"}],"replies":[{"embeddable":true,"href":"https:\/\/www.ades-grenoble.org\/wordpress\/wp-json\/wp\/v2\/comments?post=16924"}],"version-history":[{"count":1,"href":"https:\/\/www.ades-grenoble.org\/wordpress\/wp-json\/wp\/v2\/posts\/16924\/revisions"}],"predecessor-version":[{"id":16925,"href":"https:\/\/www.ades-grenoble.org\/wordpress\/wp-json\/wp\/v2\/posts\/16924\/revisions\/16925"}],"wp:attachment":[{"href":"https:\/\/www.ades-grenoble.org\/wordpress\/wp-json\/wp\/v2\/media?parent=16924"}],"wp:term":[{"taxonomy":"category","embeddable":true,"href":"https:\/\/www.ades-grenoble.org\/wordpress\/wp-json\/wp\/v2\/categories?post=16924"},{"taxonomy":"post_tag","embeddable":true,"href":"https:\/\/www.ades-grenoble.org\/wordpress\/wp-json\/wp\/v2\/tags?post=16924"}],"curies":[{"name":"wp","href":"https:\/\/api.w.org\/{rel}","templated":true}]}}