{"id":16928,"date":"2020-03-06T09:23:28","date_gmt":"2020-03-06T08:23:28","guid":{"rendered":"https:\/\/www.ades-grenoble.org\/wordpress\/?p=16928"},"modified":"2020-03-06T10:11:55","modified_gmt":"2020-03-06T09:11:55","slug":"le-droit-a-loubli-precise-par-le-conseil-detat","status":"publish","type":"post","link":"https:\/\/www.ades-grenoble.org\/wordpress\/2020\/03\/06\/le-droit-a-loubli-precise-par-le-conseil-detat\/","title":{"rendered":"Le droit \u00e0 l\u2019oubli pr\u00e9cis\u00e9 par le Conseil d\u2019Etat"},"content":{"rendered":"\n<div class=\"wp-block-image\"><figure class=\"alignleft\"><img loading=\"lazy\" decoding=\"async\" width=\"350\" height=\"263\" src=\"https:\/\/www.ades-grenoble.org\/wordpress\/wp-content\/uploads\/2017\/12\/ConseilEtat.jpg\" alt=\"\" class=\"wp-image-13753\" srcset=\"https:\/\/www.ades-grenoble.org\/wordpress\/wp-content\/uploads\/2017\/12\/ConseilEtat.jpg 350w, https:\/\/www.ades-grenoble.org\/wordpress\/wp-content\/uploads\/2017\/12\/ConseilEtat-150x113.jpg 150w, https:\/\/www.ades-grenoble.org\/wordpress\/wp-content\/uploads\/2017\/12\/ConseilEtat-300x225.jpg 300w\" sizes=\"auto, (max-width: 350px) 100vw, 350px\" \/><\/figure><\/div>\n\n\n\n<p>Le r\u00e8glement g\u00e9n\u00e9ral\nsur la protection des donn\u00e9es (RGPD) responsabilise les organismes publics et\npriv\u00e9s qui traitent leurs donn\u00e9es.<\/p>\n\n\n\n<p>Le Conseil d\u2019Etat sollicit\u00e9 par 13 recours concernant le droit \u00e0 l\u2019oubli\n(ou droit au d\u00e9f\u00e9rencement sur internet) qui peut s\u2019imposer \u00e0 un exploitant de\nmoteur de recherche, a pos\u00e9 une question pr\u00e9judicielle en 2017 \u00e0 la Cour de\nJustice de l\u2019Union europ\u00e9enne. La CJUE a donn\u00e9 sa r\u00e9ponse le 12 septembre 2019\net le Conseil d\u2019Etat a pris 13 arr\u00eats le 6 d\u00e9cembre 2019.<\/p>\n\n\n\n<p>Dans une fiche juridique le Conseil d\u2019Etat rappelle la proc\u00e9dure pour\nles particuliers pour obtenir le d\u00e9f\u00e9rencement&nbsp;:<\/p>\n\n\n\n<!--more-->\n\n\n\n<p><em>\u00ab&nbsp;Lorsqu\u2019un\nparticulier veut obtenir le d\u00e9r\u00e9f\u00e9rencement, parmi les r\u00e9sultats affich\u00e9s en r\u00e9ponse\n\u00e0 une demande portant sur son nom, de liens vers des pages web publi\u00e9es par des\ntiers et qui contiennent des donn\u00e9es \u00e0 caract\u00e8re personnel le concernant, il\ndoit saisir l\u2019exploitant du moteur de recherche. En cas de refus, il peut saisir\nsoit le juge judiciaire, soit la Commission nationale de l\u2019informatique et des\nlibert\u00e9s (CNIL) pour qu\u2019elle ordonne \u00e0 cet exploitant de proc\u00e9der au\nd\u00e9r\u00e9f\u00e9rencement des liens en cause. Si la CNIL rejette \u00e9galement cette demande,\nl\u2019int\u00e9ress\u00e9 peut alors contester cette d\u00e9cision directement devant le Conseil\nd\u2019\u00c9tat, qui se prononce en tenant compte des circonstances et du droit applicable\n\u00e0 la date \u00e0 laquelle il statue.&nbsp;\u00bb<\/em><\/p>\n\n\n\n<p>Voici un\nextrait du communiqu\u00e9 du Conseil d\u2019Etat \u00e0 ce sujet&nbsp;:<\/p>\n\n\n\n<p><em>\u00ab&nbsp;Les\n13 d\u00e9cisions du 6 d\u00e9cembre 2019 ont \u00e9t\u00e9 adopt\u00e9es \u00e0 la lumi\u00e8re de l\u2019arr\u00eat de la\nCour de Justice de l\u2019Union europ\u00e9enne rendu le 24 septembre 2019 en r\u00e9ponse \u00e0\nune question du Conseil d\u2019\u00c9tat. Elles d\u00e9finissent, sur le fondement du RGPD, le\ncadre dans lequel un exploitant de moteur de recherche doit, sous le contr\u00f4le de\nla CNIL, respecter le droit au d\u00e9r\u00e9f\u00e9rencement.<\/em><\/p>\n\n\n\n<p><em>Les grands principes de ce cadre sont :<\/em><\/p>\n\n\n\n<ul class=\"wp-block-list\"><li><em>Le juge se prononce en tenant compte des circonstances et du droit applicable \u00e0 la date \u00e0 laquelle il statue.<\/em><\/li><li><em>Le d\u00e9r\u00e9f\u00e9rencement d\u2019un lien associant au nom d\u2019un particulier une page web contenant des donn\u00e9es personnelles le concernant est un droit.<\/em><\/li><li><em>Le droit \u00e0 l\u2019oubli n\u2019est pas absolu. Une balance doit \u00eatre effectu\u00e9e entre le droit \u00e0 la vie priv\u00e9e du demandeur et le droit \u00e0 l\u2019information du public.<\/em><\/li><li><em>L\u2019arbitrage entre ces deux libert\u00e9s fondamentales d\u00e9pend de la nature des donn\u00e9es personnelles.<\/em><\/li><\/ul>\n\n\n\n<p><em>Trois cat\u00e9gories de donn\u00e9es personnelles sont concern\u00e9es :<\/em><\/p>\n\n\n\n<ul class=\"wp-block-list\"><li><em>des donn\u00e9es dites sensibles (donn\u00e9es les plus intrusives dans la vie d\u2019une personne comme celles concernant sa sant\u00e9, sa vie sexuelle, ses opinions politiques, ses convictions religieuses \u2026),<\/em><\/li><li><em>des donn\u00e9es p\u00e9nales (relatives \u00e0 une proc\u00e9dure judiciaire ou \u00e0 une condamnation p\u00e9nale),<\/em><\/li><li><em>et des donn\u00e9es touchant \u00e0 la vie priv\u00e9e sans \u00eatre sensibles.<\/em><\/li><\/ul>\n\n\n\n<p><em>La protection dont b\u00e9n\u00e9ficient les deux premi\u00e8res cat\u00e9gories est la plus\n\u00e9lev\u00e9e : il ne peut \u00eatre l\u00e9galement refus\u00e9 de faire droit \u00e0 une demande de\nd\u00e9r\u00e9f\u00e9rencement que si l\u2019acc\u00e8s aux donn\u00e9es sensibles ou p\u00e9nales \u00e0 partir d\u2019une\nrecherche portant sur le nom du demandeur est strictement n\u00e9cessaire \u00e0\nl\u2019information du public. Pour la troisi\u00e8me cat\u00e9gorie, il suffit qu\u2019il existe un\nint\u00e9r\u00eat pr\u00e9pond\u00e9rant du public \u00e0 acc\u00e9der \u00e0 l\u2019information en cause.<\/em><\/p>\n\n\n\n<p><em>Les diff\u00e9rents param\u00e8tres \u00e0 prendre en compte, au-del\u00e0 des caract\u00e9ristiques des donn\u00e9es personnelles en cause, sont le r\u00f4le social du demandeur (sa notori\u00e9t\u00e9, son r\u00f4le dans la vie publique et sa fonction dans la soci\u00e9t\u00e9) et les conditions dans lesquelles les donn\u00e9es ont \u00e9t\u00e9 rendues publiques (par exemple, si l\u2019int\u00e9ress\u00e9 a de lui-m\u00eame rendu ces informations publiques) et restent par ailleurs accessibles.\u00a0\u00bb<\/em><\/p>\n\n\n\n<p>Pour lire la d\u00e9cision du Conseil d&rsquo;Etat, cliquer <a href=\"https:\/\/www.conseil-etat.fr\/actualites\/actualites\/droit-a-l-oubli-le-conseil-d-etat-donne-le-mode-d-emploi\" target=\"_blank\" rel=\"noreferrer noopener\" aria-label=\"ici (s\u2019ouvre dans un nouvel onglet)\">ici<\/a>.<\/p>\n","protected":false},"excerpt":{"rendered":"<p>Le r\u00e8glement g\u00e9n\u00e9ral sur la protection des donn\u00e9es (RGPD) responsabilise les organismes publics et priv\u00e9s qui traitent leurs donn\u00e9es. Le Conseil d\u2019Etat sollicit\u00e9 par 13 recours concernant le droit \u00e0 l\u2019oubli (ou droit au d\u00e9f\u00e9rencement sur internet) qui peut s\u2019imposer \u00e0 un exploitant de moteur de recherche, a pos\u00e9 une question pr\u00e9judicielle en 2017 \u00e0 [&hellip;]<\/p>\n","protected":false},"author":1,"featured_media":0,"comment_status":"closed","ping_status":"open","sticky":false,"template":"","format":"standard","meta":{"twitterCardType":"","cardImageID":0,"cardImage":"","cardTitle":"","cardDesc":"","cardImageAlt":"","cardPlayer":"","cardPlayerWidth":0,"cardPlayerHeight":0,"cardPlayerStream":"","cardPlayerCodec":"","footnotes":""},"categories":[62,11],"tags":[320,311,196,279],"class_list":["post-16928","post","type-post","status-publish","format-standard","hentry","category-le-rouge-le-vert-hebdo","category-politique-locale","tag-conseil","tag-donnees","tag-etat","tag-libertes"],"_links":{"self":[{"href":"https:\/\/www.ades-grenoble.org\/wordpress\/wp-json\/wp\/v2\/posts\/16928","targetHints":{"allow":["GET"]}}],"collection":[{"href":"https:\/\/www.ades-grenoble.org\/wordpress\/wp-json\/wp\/v2\/posts"}],"about":[{"href":"https:\/\/www.ades-grenoble.org\/wordpress\/wp-json\/wp\/v2\/types\/post"}],"author":[{"embeddable":true,"href":"https:\/\/www.ades-grenoble.org\/wordpress\/wp-json\/wp\/v2\/users\/1"}],"replies":[{"embeddable":true,"href":"https:\/\/www.ades-grenoble.org\/wordpress\/wp-json\/wp\/v2\/comments?post=16928"}],"version-history":[{"count":1,"href":"https:\/\/www.ades-grenoble.org\/wordpress\/wp-json\/wp\/v2\/posts\/16928\/revisions"}],"predecessor-version":[{"id":16929,"href":"https:\/\/www.ades-grenoble.org\/wordpress\/wp-json\/wp\/v2\/posts\/16928\/revisions\/16929"}],"wp:attachment":[{"href":"https:\/\/www.ades-grenoble.org\/wordpress\/wp-json\/wp\/v2\/media?parent=16928"}],"wp:term":[{"taxonomy":"category","embeddable":true,"href":"https:\/\/www.ades-grenoble.org\/wordpress\/wp-json\/wp\/v2\/categories?post=16928"},{"taxonomy":"post_tag","embeddable":true,"href":"https:\/\/www.ades-grenoble.org\/wordpress\/wp-json\/wp\/v2\/tags?post=16928"}],"curies":[{"name":"wp","href":"https:\/\/api.w.org\/{rel}","templated":true}]}}