{"id":16943,"date":"2020-03-06T09:53:54","date_gmt":"2020-03-06T08:53:54","guid":{"rendered":"https:\/\/www.ades-grenoble.org\/wordpress\/?p=16943"},"modified":"2020-03-06T10:12:28","modified_gmt":"2020-03-06T09:12:28","slug":"clinique-mutualiste-le-jeu-de-dupe-dadrea","status":"publish","type":"post","link":"https:\/\/www.ades-grenoble.org\/wordpress\/2020\/03\/06\/clinique-mutualiste-le-jeu-de-dupe-dadrea\/","title":{"rendered":"Clinique mutualiste : le jeu de dupe d&rsquo;ADREA"},"content":{"rendered":"\n<div class=\"wp-block-image\"><figure class=\"alignleft\"><img loading=\"lazy\" decoding=\"async\" width=\"400\" height=\"225\" src=\"https:\/\/www.ades-grenoble.org\/wordpress\/wp-content\/uploads\/2020\/01\/clinique-mutualiste.jpg\" alt=\"\" class=\"wp-image-16738\" srcset=\"https:\/\/www.ades-grenoble.org\/wordpress\/wp-content\/uploads\/2020\/01\/clinique-mutualiste.jpg 400w, https:\/\/www.ades-grenoble.org\/wordpress\/wp-content\/uploads\/2020\/01\/clinique-mutualiste-150x84.jpg 150w, https:\/\/www.ades-grenoble.org\/wordpress\/wp-content\/uploads\/2020\/01\/clinique-mutualiste-300x169.jpg 300w\" sizes=\"auto, (max-width: 400px) 100vw, 400px\" \/><\/figure><\/div>\n\n\n\n<p>\u00ab&nbsp;<em>ADREA\nmutuelle<\/em>&nbsp;\u00bb avait d\u00e9cid\u00e9 de c\u00e9der le Groupement hospitalier mutualiste\n(GHM) en privil\u00e9giant la vente \u00e0 un priv\u00e9 \u00e0 but lucratif car la mutuelle\nexpliquait que ce n\u2019\u00e9tait plus possible de rester dans le secteur non lucratif.\nUne forte mobilisation des usagers, des salari\u00e9s et des collectivit\u00e9s publiques\npour \u00e9viter cette vente \u00e0 un op\u00e9rateur \u00e0 but lucratif a d\u00e9j\u00e0 pay\u00e9 car cela a\noblig\u00e9 \u00ab&nbsp;<em>ADREA mutuelle<\/em>&nbsp;\u00bb (majoritaire au conseil\nd&rsquo;administration du GHM) \u00e0 ne pas se pr\u00e9cipiter et \u00e0 reconsid\u00e9rer sa position\ninitiale. <\/p>\n\n\n\n<p>Depuis plusieurs\njours ADREA se r\u00e9pand dans les journaux pour ce qui ressemble \u00e9trangement \u00e0 une\nop\u00e9ration de communication. D&rsquo;apr\u00e8s ADREA, si le dossier de la coop\u00e9rative\n(SCIC) propos\u00e9 par des usagers, des salari\u00e9s et soutenu par la M\u00e9tropole et la\nVille de Grenoble n\u2019a pas \u00e9t\u00e9 retenu, ce serait parce qu\u2019il n\u2019\u00e9tait pas\n\u00e9conomiquement viable. Or, l&rsquo;acc\u00e9l\u00e9ration du calendrier et la non s\u00e9lection de\nla SCIC vise pr\u00e9cis\u00e9ment \u00e0 le rendre fragile en lui emp\u00eachant de se structurer\ncorrectement. Ce n&rsquo;est pas le projet qui n&rsquo;est pas viable, c&rsquo;est ADREA qui ne\nsouhaite pas le voir se constituer ainsi, craignant qu&rsquo;un nouveau mod\u00e8le\ncoop\u00e9ratif non lucratif ne vienne concurrencer les groupes mutualistes de plus\nen plus conquis par les logiques financi\u00e8res. <\/p>\n\n\n\n<!--more-->\n\n\n\n<p>De m\u00eame, le\nvice-pr\u00e9sident d&rsquo;ADREA, Monsieur Denis Philippe explique que trois dossiers ont\n\u00e9t\u00e9 retenus dont deux propositions qui conservent le statut d\u2019ESPIC (priv\u00e9 non lucratif)\net une proposition d\u2019un Groupement de coop\u00e9ration sanitaire (GCS) dont on ne\nconnait pas la structure pr\u00e9cise mais qui serait un partenariat public priv\u00e9.\nL\u00e0 aussi le jeu de dupe d&rsquo;ADREA ne peut \u00eatre ignor\u00e9. D&rsquo;apr\u00e8s des premi\u00e8res\ninformations, les trois repreneurs seraient Vivalto (un groupe lucratif),\nDoctegestio (un groupe tr\u00e8s critiqu\u00e9 pr\u00e9tendant faire de la\n\u00ab&nbsp;sant\u00e9&nbsp;\u00bb), AGDUC (une association de dialyse). Alors que de nombreux\narticles font \u00e9tat des pratiques d\u00e9sastreuses de Doctegestio, la cession \u00e0\nVivalto constituerait elle une provocation de la part d&rsquo;ADREA. Le plus\nsurprenant serait que, d&rsquo;apr\u00e8s certaines sources, Vivalto s&rsquo;associerait au CHU\npour cette reprise. Le CHU viendrait alors se porter caution du d\u00e9tricotage du\nGHM. <\/p>\n\n\n\n<p>ADREA est donc en\ntrain de brader un patrimoine \u00e0 des acteurs dont l&rsquo;attachement au service\npublic est soit incertain soit inexistant. La mobilisation ne fait sans doute\nque commencer. <\/p>\n\n\n\n<p>Le Groupe hospitalier d\u2019int\u00e9r\u00eat collectif (GHIC)\nqui porte le projet de SCIC a fait un communiqu\u00e9 en r\u00e9ponse aux d\u00e9clarations\nd\u2019ADREA mutuelle.<\/p>\n\n\n\n<p><em>\u00ab&nbsp;Nous avons appris le Vendredi 28 F\u00e9vrier la d\u00e9cision d&rsquo;ADREA\nMutuelle, relay\u00e9e par son vice-pr\u00e9sident Mr Philippe dans le Dauphin\u00e9 Lib\u00e9r\u00e9 du\n29 F\u00e9vrier, de ne pas retenir la SCIC parmi les 3 candidats s\u00e9lectionn\u00e9s \u00e0 la\nreprise du GHM.<\/em><\/p>\n\n\n\n<p><em>Au-del\u00e0 de la d\u00e9ception li\u00e9e \u00e0 cette annonce, nous souhaitons apporter\nune r\u00e9ponse aux propos et arguments \u00e9voqu\u00e9s ayant conduits \u00e0 ce choix.<\/em><\/p>\n\n\n\n<p><em>Sur la forme, l&rsquo;annonce par la direction d&rsquo;ADREA mutuelle, un vendredi apr\u00e8s-midi\nen pleine vacances scolaires d&rsquo;une d\u00e9cision sur un processus de cession initi\u00e9\npar le Conseil d&rsquo;Administration de l&rsquo;UMGGHM sans que celui-ci se soit r\u00e9uni\npourrait \u00eatre surprenante si elle n&rsquo;\u00e9tait dans la droite ligne du m\u00e9pris\naffich\u00e9 depuis des mois par Mr Brothier envers le GHM.<\/em><\/p>\n\n\n\n<p><em>L\u2019affirmation par Mr Philippe selon laquelle \u00ab ce n&rsquo;est pas ADREA\nmutuelle qui prend la d\u00e9cision, c&rsquo;est bien ici, ou sein du GHM que cela se\nfait. Et c&rsquo;est le conseil d&rsquo;administration du GHM qui prendra la d\u00e9cision \u00bb n&rsquo;en\nest que plus cynique.<\/em><\/p>\n\n\n\n<p><em>La non-s\u00e9lection du projet de reprise coop\u00e9rative sous forme de SCIC est\nprincipalement motiv\u00e9e par 2 \u00e9l\u00e9ments :<\/em><\/p>\n\n\n\n<p><em>&#8211; Le premier concerne \u00ab&nbsp;l&rsquo;absence de mod\u00e8le \u00e9conomique \u00bb et des \u00ab\nconditions financi\u00e8res pas r\u00e9unies \u00bb.<\/em><\/p>\n\n\n\n<p><em>Nous souhaitons rappeler que l&rsquo;extraordinaire mobilisation de ces\nderni\u00e8res semaines a permis \u00ab&nbsp;contre toute attente \u00bb de d\u00e9poser une offre\nraisonnable, c&rsquo;est-\u00e0-dire un prix coh\u00e9rent et non sp\u00e9culatif, associ\u00e9 \u00e0 un plan\nde financement solide assurant la p\u00e9rennit\u00e9 \u00e0 long terme du projet. Cette offre\na \u00e9t\u00e9 r\u00e9alis\u00e9e gr\u00e2ce \u00e0 l&rsquo;accompagnement de l&rsquo;URSCOP (Union R\u00e9gionale des SCOP)\nAuvergne Rh\u00f4ne Alpes et avec le conseil du cabinet PWC Grenoble (Price\nWaterhouse Cooper).<\/em><\/p>\n\n\n\n<p><em>Notre projet est par ailleurs assis sur un projet m\u00e9dico-\u00e9conomique fort\net innovant puisque construit avec les usagers, des partenaires forts et notre\nterritoire.<\/em><\/p>\n\n\n\n<p><em>&#8211; Le second concerne les doutes sur notre future gouvernance,\n\u00ab&nbsp;tout le monde voulant intervenir \u00bb.<\/em><\/p>\n\n\n\n<p><em>L&rsquo;histoire du GHM nous d\u00e9montre que ni la gouvernance mutualiste isol\u00e9e\nni le caract\u00e8re non lucratif de l&rsquo;ESPIC ne prot\u00e9geait notre mod\u00e8le. Nous sommes\naujourd&rsquo;hui en vente apr\u00e8s avoir enrichi par notre travail une soci\u00e9t\u00e9\nimmobili\u00e8re devenue sans lien avec nos missions.<\/em><\/p>\n\n\n\n<p><em>L&rsquo;objet de notre projet est de garantir et de renforcer l&rsquo;int\u00e9r\u00eat\ncollectif, le caract\u00e8re non lucratif et l&rsquo;ind\u00e9pendance du GHM gr\u00e2ce<\/em><\/p>\n\n\n\n<ul class=\"wp-block-list\"><li><em>Au statut de SCIC (Soci\u00e9t\u00e9 Coop\u00e9rative d&rsquo;Int\u00e9r\u00eat Collectif)<\/em><\/li><li><em>Organis\u00e9e commercialement en SA (Soci\u00e9t\u00e9 anonyme)<\/em><\/li><li><em>Ayant pour objectif d&rsquo;utilit\u00e9 sociale la p\u00e9rennit\u00e9 du statut ESPIC.<\/em><\/li><\/ul>\n\n\n\n<p><em>Notre choix innovant d&rsquo;inclure dans notre gouvernance les associations\nd&rsquo;usagers, les salari\u00e9s, nos partenaires acteurs de sant\u00e9 et les collectivit\u00e9s\nterritoriales est r\u00e9aliste et fait partie des objectifs du Plan \u00ab Ma Sant\u00e9 2022\n\u00bb. La coll\u00e9gialit\u00e9 est un gage de s\u00e9curit\u00e9 et de p\u00e9rennit\u00e9, non de \u00ab chaos \u00bb.<\/em><\/p>\n\n\n\n<p><em>Comme toute entreprise priv\u00e9e organis\u00e9e en SA, Ia gouvernance repose\ndans une SCIC SA sur un conseil d&rsquo;administration (\u00e9lu par l&rsquo;assembl\u00e9e g\u00e9n\u00e9rale)\nqui d\u00e9signe une direction g\u00e9n\u00e9rale afin de mettre en \u0153uvre la strat\u00e9gie de\nd\u00e9veloppement de la structure dans le respect des valeurs de l&rsquo;\u00e9tablissement.<\/em><\/p>\n\n\n\n<p><em>Concernant la suite du processus de cession, les garanties affich\u00e9es et\nles acteurs retenus, nous souhaitons attirer l&rsquo;attention sur plusieurs points :<\/em><\/p>\n\n\n\n<ul class=\"wp-block-list\"><li><em>La reprise conjointe de l&rsquo;activit\u00e9 et de l&rsquo;immobilier ne garantit pas l&rsquo;absence de d\u00e9tournement \u00e0 vis\u00e9e lucrative de l&rsquo;immobilier s&rsquo;il n&rsquo;est pas mis en place de contr\u00f4le strict.<\/em><\/li><li><em>L&rsquo;offre de partenariat Priv\u00e9\/ Public pr\u00e9sente des risques de d\u00e9s\u00e9quilibres impactant l&rsquo;acc\u00e8s aux soins et ne correspond pas, en l&rsquo;\u00e9tat actuel de nos informations, \u00e0 un des points essentiels de notre projet qui est le maintien du statut ESPIC et de l&rsquo;ensemble des activit\u00e9s du GHM.<\/em><\/li><li><em>Compte tenu des diff\u00e9rences de tarifications de l&rsquo;activit\u00e9 priv\u00e9e lucrative et publique ou ESPIC, le basculement de tout ou partie de l&rsquo;activit\u00e9 du GHM au secteur priv\u00e9 lucratif ne pourra pas se faire en \u00ab garantissant l&#8217;emploi comme il est \u00bb c&rsquo;est-\u00e0-dire sans suppression de postes, d\u00e9gradations des conditions de travail ou de statut conventionnel<\/em><\/li><li><em>La garantie de prise en charge par l&rsquo;\u00e9tablissement des D\u00e9passements d&rsquo;Honoraires n&rsquo;est pas possible, dans un mod\u00e8le de partenariat Priv\u00e9 \/ Public.<\/em><\/li><\/ul>\n\n\n\n<p><em>Si ADREA mutuelle quitte \u00ab&nbsp;le paquebot \u00bb dans la temp\u00eate parce que\nses dirigeants n&rsquo;ont pas \u00ab&nbsp;la capacit\u00e9 de maintenir I&rsquo;ESPIC \u00bb, abandonnant\nle monde de la Sant\u00e9 \u00e0 des acteurs lucratifs s&rsquo;enrichissant pendant que les\nH\u00f4pitaux publics et \u00e9tablissements non lucratifs sont asphyxi\u00e9s, nous proposons\nun mod\u00e8le porteur d&rsquo;espoir car innovant, coop\u00e9ratif, port\u00e9s par tous et ancr\u00e9\ndans la r\u00e9alit\u00e9 du territoire.<\/em><\/p>\n\n\n\n<p><em>Le \u00ab&nbsp;battage m\u00e9diatique \u00bb et le \u00ab&nbsp;chaos \u00bb \u00e9voqu\u00e9s traduisent\nl&rsquo;incompr\u00e9hension de d\u00e9cideurs coup\u00e9s des r\u00e9alit\u00e9s face \u00e0 une mobilisation interne\net territoriale in\u00e9dite qui a effectivement pu faire fuir certains acqu\u00e9reurs\npr\u00e9dateurs car elle a montr\u00e9 que le GHM n&rsquo;a de valeurs (Sanitaire, Sociale,\nSolidaire&#8230; et Financi\u00e8re) et d&rsquo;avenir que par Nous, Salari\u00e9s et Usagers.<\/em><\/p>\n\n\n\n<p><em>Nous serons donc particuli\u00e8rement vigilants et restons mobilis\u00e9s pour la\nsuite du processus.<\/em><\/p>\n\n\n\n<p><em>Nous allons engager rapidement des discussions avec les repreneurs potentiels nous paraissant compatibles avec nos valeurs et notre projet coop\u00e9ratif non lucratif\u00a0\u00bb<\/em><\/p>\n\n\n\n<p>Pour suivre la situation aller sur <a href=\"https:\/\/www.ghicgrenoble.fr\/\" target=\"_blank\" rel=\"noreferrer noopener\" aria-label=\"ce site (s\u2019ouvre dans un nouvel onglet)\">ce site<\/a>.<\/p>\n","protected":false},"excerpt":{"rendered":"<p>\u00ab&nbsp;ADREA mutuelle&nbsp;\u00bb avait d\u00e9cid\u00e9 de c\u00e9der le Groupement hospitalier mutualiste (GHM) en privil\u00e9giant la vente \u00e0 un priv\u00e9 \u00e0 but lucratif car la mutuelle expliquait que ce n\u2019\u00e9tait plus possible de rester dans le secteur non lucratif. Une forte mobilisation des usagers, des salari\u00e9s et des collectivit\u00e9s publiques pour \u00e9viter cette vente \u00e0 un op\u00e9rateur [&hellip;]<\/p>\n","protected":false},"author":1,"featured_media":0,"comment_status":"closed","ping_status":"open","sticky":false,"template":"","format":"standard","meta":{"twitterCardType":"","cardImageID":0,"cardImage":"","cardTitle":"","cardDesc":"","cardImageAlt":"","cardPlayer":"","cardPlayerWidth":0,"cardPlayerHeight":0,"cardPlayerStream":"","cardPlayerCodec":"","footnotes":""},"categories":[62,11],"tags":[260,99,44],"class_list":["post-16943","post","type-post","status-publish","format-standard","hentry","category-le-rouge-le-vert-hebdo","category-politique-locale","tag-public-prive","tag-sante","tag-services-publics"],"_links":{"self":[{"href":"https:\/\/www.ades-grenoble.org\/wordpress\/wp-json\/wp\/v2\/posts\/16943","targetHints":{"allow":["GET"]}}],"collection":[{"href":"https:\/\/www.ades-grenoble.org\/wordpress\/wp-json\/wp\/v2\/posts"}],"about":[{"href":"https:\/\/www.ades-grenoble.org\/wordpress\/wp-json\/wp\/v2\/types\/post"}],"author":[{"embeddable":true,"href":"https:\/\/www.ades-grenoble.org\/wordpress\/wp-json\/wp\/v2\/users\/1"}],"replies":[{"embeddable":true,"href":"https:\/\/www.ades-grenoble.org\/wordpress\/wp-json\/wp\/v2\/comments?post=16943"}],"version-history":[{"count":1,"href":"https:\/\/www.ades-grenoble.org\/wordpress\/wp-json\/wp\/v2\/posts\/16943\/revisions"}],"predecessor-version":[{"id":16944,"href":"https:\/\/www.ades-grenoble.org\/wordpress\/wp-json\/wp\/v2\/posts\/16943\/revisions\/16944"}],"wp:attachment":[{"href":"https:\/\/www.ades-grenoble.org\/wordpress\/wp-json\/wp\/v2\/media?parent=16943"}],"wp:term":[{"taxonomy":"category","embeddable":true,"href":"https:\/\/www.ades-grenoble.org\/wordpress\/wp-json\/wp\/v2\/categories?post=16943"},{"taxonomy":"post_tag","embeddable":true,"href":"https:\/\/www.ades-grenoble.org\/wordpress\/wp-json\/wp\/v2\/tags?post=16943"}],"curies":[{"name":"wp","href":"https:\/\/api.w.org\/{rel}","templated":true}]}}