{"id":16946,"date":"2020-03-06T09:55:08","date_gmt":"2020-03-06T08:55:08","guid":{"rendered":"https:\/\/www.ades-grenoble.org\/wordpress\/?p=16946"},"modified":"2020-03-06T10:12:34","modified_gmt":"2020-03-06T09:12:34","slug":"grenoble-en-commun-le-manifeste-culturel","status":"publish","type":"post","link":"https:\/\/www.ades-grenoble.org\/wordpress\/2020\/03\/06\/grenoble-en-commun-le-manifeste-culturel\/","title":{"rendered":"\u00ab Grenoble en commun \u00bb : le manifeste culturel"},"content":{"rendered":"\n<div class=\"wp-block-image\"><figure class=\"alignleft\"><img loading=\"lazy\" decoding=\"async\" width=\"400\" height=\"241\" src=\"https:\/\/www.ades-grenoble.org\/wordpress\/wp-content\/uploads\/2019\/10\/grenoble-en-commun.jpg\" alt=\"\" class=\"wp-image-16307\" srcset=\"https:\/\/www.ades-grenoble.org\/wordpress\/wp-content\/uploads\/2019\/10\/grenoble-en-commun.jpg 400w, https:\/\/www.ades-grenoble.org\/wordpress\/wp-content\/uploads\/2019\/10\/grenoble-en-commun-150x90.jpg 150w, https:\/\/www.ades-grenoble.org\/wordpress\/wp-content\/uploads\/2019\/10\/grenoble-en-commun-300x181.jpg 300w\" sizes=\"auto, (max-width: 400px) 100vw, 400px\" \/><\/figure><\/div>\n\n\n\n<p>La liste Grenoble en commun,\navec Eric Piolle a pr\u00e9sent\u00e9 le manifeste&nbsp;: \u00ab&nbsp;<strong><em>Partager une\npolitique de la rencontre<\/em><\/strong>&nbsp;\u00bb qui fixe les grandes orientations de\nla politique culturelle pour le prochain mandat. Dans les propositions figure la\nr\u00e9affirmation de la garantie de la libert\u00e9 et de la diversit\u00e9 des expressions\nartistiques qui a \u00e9t\u00e9 un point important du mandat qui s\u2019est \u00e9coul\u00e9. Cette\ngarantie de la libert\u00e9 d\u2019expression et de cr\u00e9ation tranche avec les expressions\npolitiques de certaines oppositions qui virent \u00e0 la municipalisation de la\nculture.<\/p>\n\n\n\n<p><strong><em>\u00ab&nbsp;Nous voulons\ndonner du sens \u00e0 nos vies<\/em><\/strong><em>,\n\u00eatre soi, faire commun et exercer notre libert\u00e9 d\u2019expression et de cr\u00e9ation.\nGrandir encore et toujours, par l\u2019intuition des mondes possibles, par la\nreconnaissance de l\u2019autre dans sa capacit\u00e9 \u00e0 agir, au croisement de multiples\ncommunaut\u00e9s, par la participation \u00e0 la vie culturelle comme fondement de\nl\u2019exercice de la citoyennet\u00e9.<\/em><\/p>\n\n\n\n<!--more-->\n\n\n\n<p><strong><em>Construire nos vies\npar une recherche permanente du sens<\/em><\/strong><em>, par un double rapport au monde dans le domaine du sensible : \u00e0 la\nfois exprimer et ressentir une \u00e9motion, \u00eatre affect\u00e9 par l\u2019autre, et affecter\nl\u2019autre. Se voir inviter par les choses et pouvoir agir sur elles. Nous portons\nen nous l\u2019\u00e9mergence de la culture comme une condition de la relation \u00e0 l\u2019autre,\nde la relation aux choses et au vivant.<\/em><\/p>\n\n\n\n<p><strong><em>Grenoble est cette\nville de la rencontre, ville de l\u2019alt\u00e9rit\u00e9, ville de l\u2019\u00e9ducation populaire<\/em><\/strong><em>. Territoire d\u2019une large diversit\u00e9 des expressions\nculturelles, riche d\u2019un patrimoine et d\u2019un matrimoine mat\u00e9riel et immat\u00e9riel,\nelle est dot\u00e9e de nombreux lieux culturels issus de la d\u00e9centralisation. <\/em><\/p>\n\n\n\n<p><strong><em>Nous voulons faire de\nnotre histoire le point de d\u00e9part d\u2019une nouvelle politique qu\u2019il convient de\nplacer au c\u0153ur du projet municipal.<\/em><\/strong><\/p>\n\n\n\n<p><strong><em>Une politique\nculturelle construite en responsabilit\u00e9 avec les habitant-es et les acteurs et\nactrices de la culture,<\/em><\/strong><em>\nreposant sur la reconnaissance de leur dignit\u00e9, de leur richesse, de leur\ncapacit\u00e9 \u00e0 cr\u00e9er, \u00e0 voir, \u00e0 \u00e9couter, \u00e0 sentir, \u00e0 d\u00e9battre, \u00e0 cultiver le corps\net l\u2019esprit. Nous voulons que l\u2019action culturelle donne \u00e0 chacun et chacune les\nmoyens de trouver son propre mode d\u2019expression et de relation dans les\ndiff\u00e9rents domaines de sa vie, permette \u00e0 chaque Grenobloise et Grenoblois\nd\u2019\u00eatre porteur d\u2019un r\u00e9seau d\u2019\u00e9change aux intersections du social, de\nl\u2019\u00e9conomique, de l\u2019artistique et de l\u2019humain. <\/em><\/p>\n\n\n\n<p><strong><em>Nous croyons que\nl\u2019\u00e9ducation populaire est la matrice de cette action culturelle<\/em><\/strong><em> dans toutes les politiques publiques de la Ville et\nqu\u2019une nouvelle organisation locale des ressources et des dispositifs est une\ndes conditions principales d\u2019amor\u00e7age de cet objectif ambitieux. Car penser la\nrelation, c\u2019est mettre en partage les ressources en donnant les possibilit\u00e9s d\u2019exercer\nun pouvoir d\u2019agir. C\u2019est s\u00e9curiser l\u2019acc\u00e8s \u00e0 ces ressources \u00e0 moyen terme pour\nles \u00e9quipes engag\u00e9es \u00e0 les utiliser. C\u2019est aussi dresser une cartographie\npermanente du r\u00e9seau des acteurs culturels qui montre les liens que ces acteurs\nencouragent entre eux et avec les personnes.<\/em><\/p>\n\n\n\n<p><strong><em>En multipliant les\npossibilit\u00e9s pour chacun-e de d\u00e9velopper ses modes d\u2019expressions culturels, de\nparticiper \u00e0 la vie culturelle et d\u2019y faire son chemin, nous voulons que le\nlien entre les habitant-es devienne alors le centre de l\u2019action publique et que\nl\u2019art retrouve sa dimension relationnelle.&nbsp;\u00bb<\/em><\/strong><strong><em><\/em><\/strong><\/p>\n\n\n\n<p>Des propositions concr\u00e8tes&nbsp;:<\/p>\n\n\n\n<p><em>\u00ab&nbsp;4 PROJETS CL\u00c9S\nPOUR LES CULTURES<\/em><em><\/em><\/p>\n\n\n\n<p><em>UNE NOUVELLE BIBLIOTH\u00c8QUE\n\u00ab C\u0152UR DE R\u00c9SEAU \u00bb Ouvrir un grand \u00e9quipement m\u00ealant calme et convivialit\u00e9, aux\nhoraires adapt\u00e9s \u00e0 toutes et tous, portant une attention particuli\u00e8re aux\nnon-lecteurs et non-lectrices, et comportant des espaces d\u00e9di\u00e9s au public\nadolescent.&nbsp; <\/em><\/p>\n\n\n\n<p><em>DES ESPACES VACANTS\nOUVERTS \u00c0 LA CR\u00c9ATION ARTISTIQUE ET \u00c0 L\u2019HOSPITALIT\u00c9 Ouvrir des lieux publics et\ndes b\u00e2timents temporairement vacants pour l\u2019expression d\u2019\u00e9quipes artistiques,\nen lien avec des actions d\u2019hospitalit\u00e9.<\/em><\/p>\n\n\n\n<p><em>1% CULTUREL DANS LES\nCHANTIERS URBAINS R\u00e9server une partie du budget des chantiers de transformation\nurbaine et des grands projets d\u2019espaces publics \u00e0 la r\u00e9alisation de projets\nartistiques et culturels s\u2019attachant notamment au lien entre les diff\u00e9rents\nquartiers de la ville.&nbsp; <\/em><\/p>\n\n\n\n<p><em>UN NOUVEAU PROJET POUR LA MC2 Porter, avec l\u2019Etat et les autres partenaires publics, un projet ouvert \u00e0 une large coop\u00e9ration avec les acteurs culturels et aux pratiques du plus grand nombre, y compris sur les temps du quotidien.\u00a0\u00bb<\/em><\/p>\n\n\n\n<p>Pour d\u00e9couvrir les propositions pr\u00e9cises, cliquer <a href=\"https:\/\/www.grenobleencommun.fr\/wp-content\/uploads\/2020\/02\/Tract-Cultures.pdf\" target=\"_blank\" rel=\"noreferrer noopener\" aria-label=\"ici (s\u2019ouvre dans un nouvel onglet)\">ici<\/a>.<\/p>\n","protected":false},"excerpt":{"rendered":"<p>La liste Grenoble en commun, avec Eric Piolle a pr\u00e9sent\u00e9 le manifeste&nbsp;: \u00ab&nbsp;Partager une politique de la rencontre&nbsp;\u00bb qui fixe les grandes orientations de la politique culturelle pour le prochain mandat. Dans les propositions figure la r\u00e9affirmation de la garantie de la libert\u00e9 et de la diversit\u00e9 des expressions artistiques qui a \u00e9t\u00e9 un point [&hellip;]<\/p>\n","protected":false},"author":1,"featured_media":0,"comment_status":"closed","ping_status":"open","sticky":false,"template":"","format":"standard","meta":{"twitterCardType":"","cardImageID":0,"cardImage":"","cardTitle":"","cardDesc":"","cardImageAlt":"","cardPlayer":"","cardPlayerWidth":0,"cardPlayerHeight":0,"cardPlayerStream":"","cardPlayerCodec":"","footnotes":""},"categories":[62,11],"tags":[96,333,327],"class_list":["post-16946","post","type-post","status-publish","format-standard","hentry","category-le-rouge-le-vert-hebdo","category-politique-locale","tag-culture","tag-grenoble-en-commun","tag-municipales-2020"],"_links":{"self":[{"href":"https:\/\/www.ades-grenoble.org\/wordpress\/wp-json\/wp\/v2\/posts\/16946","targetHints":{"allow":["GET"]}}],"collection":[{"href":"https:\/\/www.ades-grenoble.org\/wordpress\/wp-json\/wp\/v2\/posts"}],"about":[{"href":"https:\/\/www.ades-grenoble.org\/wordpress\/wp-json\/wp\/v2\/types\/post"}],"author":[{"embeddable":true,"href":"https:\/\/www.ades-grenoble.org\/wordpress\/wp-json\/wp\/v2\/users\/1"}],"replies":[{"embeddable":true,"href":"https:\/\/www.ades-grenoble.org\/wordpress\/wp-json\/wp\/v2\/comments?post=16946"}],"version-history":[{"count":1,"href":"https:\/\/www.ades-grenoble.org\/wordpress\/wp-json\/wp\/v2\/posts\/16946\/revisions"}],"predecessor-version":[{"id":16947,"href":"https:\/\/www.ades-grenoble.org\/wordpress\/wp-json\/wp\/v2\/posts\/16946\/revisions\/16947"}],"wp:attachment":[{"href":"https:\/\/www.ades-grenoble.org\/wordpress\/wp-json\/wp\/v2\/media?parent=16946"}],"wp:term":[{"taxonomy":"category","embeddable":true,"href":"https:\/\/www.ades-grenoble.org\/wordpress\/wp-json\/wp\/v2\/categories?post=16946"},{"taxonomy":"post_tag","embeddable":true,"href":"https:\/\/www.ades-grenoble.org\/wordpress\/wp-json\/wp\/v2\/tags?post=16946"}],"curies":[{"name":"wp","href":"https:\/\/api.w.org\/{rel}","templated":true}]}}