{"id":16986,"date":"2020-03-20T11:49:16","date_gmt":"2020-03-20T10:49:16","guid":{"rendered":"https:\/\/www.ades-grenoble.org\/wordpress\/?p=16986"},"modified":"2020-03-20T14:35:19","modified_gmt":"2020-03-20T13:35:19","slug":"proteger-les-oiseaux-menaces-dextinction-la-lpo-agit-en-isere","status":"publish","type":"post","link":"https:\/\/www.ades-grenoble.org\/wordpress\/2020\/03\/20\/proteger-les-oiseaux-menaces-dextinction-la-lpo-agit-en-isere\/","title":{"rendered":"Prot\u00e9ger les oiseaux menac\u00e9s d\u2019extinction : la LPO agit en Is\u00e8re"},"content":{"rendered":"\n<div class=\"wp-block-image\"><figure class=\"alignleft\"><img loading=\"lazy\" decoding=\"async\" width=\"115\" height=\"115\" src=\"https:\/\/www.ades-grenoble.org\/wordpress\/wp-content\/uploads\/2015\/05\/LPO.jpg\" alt=\"\" class=\"wp-image-10221\"\/><\/figure><\/div>\n\n\n\n<p>Il n\u2019y a pas que la protection\ndu busard cendr\u00e9 qui est importante, la LPO attire l\u2019attention sur la\nprotection de l\u2019\u0153dicn\u00e8me criard dans la\nplaine de la Bi\u00e8vre<\/p>\n\n\n\n<p><em>\u00ab&nbsp;L\u2019\u0153dicn\u00e8me\ncriard, un oiseau pas plus grand qu\u2019un go\u00e9land et au plumage brun et cr\u00e8me lui\nconf\u00e9rant un camouflage id\u00e9al dans les champs de c\u00e9r\u00e9ales, est une esp\u00e8ce des\nmilieux agricoles qui, tout comme le busard cendr\u00e9, niche au sol dans les terrains\nagricoles. Dans le cadre du Contrat Vert et Bleu du Pays de Bi\u00e8vre-Valloire, la\nLPO m\u00e8ne une action de protection des nich\u00e9es dans les plaines de Bi\u00e8vre et du\nLiers avec l\u2019appui de la Chambre d\u2019Agriculture\u2026&nbsp;<\/em><\/p>\n\n\n\n<p><em>Les\npratiques agricoles actuelles (pesticides\u2026) et l\u2019urbanisation (perte d\u2019habitat)\nam\u00e8nent cette esp\u00e8ce \u00e0 \u00eatre class\u00e9e \u00ab en danger d\u2019extinction \u00bb sur les listes\nrouges de l\u2019Is\u00e8re et \u00ab vuln\u00e9rable \u00bb en Rh\u00f4ne-Alpes.<\/em><\/p>\n\n\n\n<!--more-->\n\n\n\n<p><strong><em>Depuis\nl\u2019ann\u00e9e derni\u00e8re, la LPO AuRA d\u00e9l\u00e9gation Is\u00e8re m\u00e8ne un plan d\u2019actions dans les\nplaines de Bi\u00e8vre et du Liers pour prot\u00e9ger les nich\u00e9es d\u2019\u0153dicn\u00e8mes criards,\nqui, install\u00e9es le plus souvent dans des cultures, sont menac\u00e9es par le passage\ndes engins agricoles.<\/em><\/strong><\/p>\n\n\n\n<p><em>Ainsi,\nl\u2019association agit directement pour prot\u00e9ger les nich\u00e9es, m\u00e8ne un suivi des populations\net tente de sensibiliser au maximum les agriculteurs et le grand public \u00e0 cette\nprobl\u00e9matique.<\/em><\/p>\n\n\n\n<p><strong><em>L\u2019ann\u00e9e derni\u00e8re, vingt-trois couples ont \u00e9t\u00e9 recens\u00e9s et neuf nids ont pu \u00eatre prot\u00e9g\u00e9s, en concertation avec les exploitants, afin d\u2019emp\u00eacher l\u2019\u00e9crasement in\u00e9vitable des \u0153ufs par les machines.<\/em><\/strong><\/p>\n\n\n\n<p>Pour lire le communiqu\u00e9 complet, cliquer <a href=\"https:\/\/418tl.r.a.d.sendibm1.com\/mk\/mr\/q2oO2nXKtRj9LsVw88f7AI52hcn_6DVFkV018bTXzTjTRce6J8l4CSnNZ078nwBrm_BxcrRmPe4nynhrgu3RcNnZ7zVG0tzHUnTkrdh703eF-f-roA\" target=\"_blank\" rel=\"noreferrer noopener\" aria-label=\"ici (s\u2019ouvre dans un nouvel onglet)\">ici<\/a>.<\/p>\n","protected":false},"excerpt":{"rendered":"<p>Il n\u2019y a pas que la protection du busard cendr\u00e9 qui est importante, la LPO attire l\u2019attention sur la protection de l\u2019\u0153dicn\u00e8me criard dans la plaine de la Bi\u00e8vre \u00ab&nbsp;L\u2019\u0153dicn\u00e8me criard, un oiseau pas plus grand qu\u2019un go\u00e9land et au plumage brun et cr\u00e8me lui conf\u00e9rant un camouflage id\u00e9al dans les champs de c\u00e9r\u00e9ales, est [&hellip;]<\/p>\n","protected":false},"author":1,"featured_media":0,"comment_status":"closed","ping_status":"open","sticky":false,"template":"","format":"standard","meta":{"twitterCardType":"","cardImageID":0,"cardImage":"","cardTitle":"","cardDesc":"","cardImageAlt":"","cardPlayer":"","cardPlayerWidth":0,"cardPlayerHeight":0,"cardPlayerStream":"","cardPlayerCodec":"","footnotes":""},"categories":[62,11],"tags":[145,175],"class_list":["post-16986","post","type-post","status-publish","format-standard","hentry","category-le-rouge-le-vert-hebdo","category-politique-locale","tag-biodiversite","tag-environnement"],"_links":{"self":[{"href":"https:\/\/www.ades-grenoble.org\/wordpress\/wp-json\/wp\/v2\/posts\/16986","targetHints":{"allow":["GET"]}}],"collection":[{"href":"https:\/\/www.ades-grenoble.org\/wordpress\/wp-json\/wp\/v2\/posts"}],"about":[{"href":"https:\/\/www.ades-grenoble.org\/wordpress\/wp-json\/wp\/v2\/types\/post"}],"author":[{"embeddable":true,"href":"https:\/\/www.ades-grenoble.org\/wordpress\/wp-json\/wp\/v2\/users\/1"}],"replies":[{"embeddable":true,"href":"https:\/\/www.ades-grenoble.org\/wordpress\/wp-json\/wp\/v2\/comments?post=16986"}],"version-history":[{"count":1,"href":"https:\/\/www.ades-grenoble.org\/wordpress\/wp-json\/wp\/v2\/posts\/16986\/revisions"}],"predecessor-version":[{"id":16987,"href":"https:\/\/www.ades-grenoble.org\/wordpress\/wp-json\/wp\/v2\/posts\/16986\/revisions\/16987"}],"wp:attachment":[{"href":"https:\/\/www.ades-grenoble.org\/wordpress\/wp-json\/wp\/v2\/media?parent=16986"}],"wp:term":[{"taxonomy":"category","embeddable":true,"href":"https:\/\/www.ades-grenoble.org\/wordpress\/wp-json\/wp\/v2\/categories?post=16986"},{"taxonomy":"post_tag","embeddable":true,"href":"https:\/\/www.ades-grenoble.org\/wordpress\/wp-json\/wp\/v2\/tags?post=16986"}],"curies":[{"name":"wp","href":"https:\/\/api.w.org\/{rel}","templated":true}]}}