{"id":17004,"date":"2020-03-20T14:15:12","date_gmt":"2020-03-20T13:15:12","guid":{"rendered":"https:\/\/www.ades-grenoble.org\/wordpress\/?p=17004"},"modified":"2020-03-20T14:36:02","modified_gmt":"2020-03-20T13:36:02","slug":"report-du-deuxieme-tour-des-elections-avant-fin-juin-2020","status":"publish","type":"post","link":"https:\/\/www.ades-grenoble.org\/wordpress\/2020\/03\/20\/report-du-deuxieme-tour-des-elections-avant-fin-juin-2020\/","title":{"rendered":"Report du deuxi\u00e8me tour des \u00e9lections avant fin juin 2020 ?"},"content":{"rendered":"\n<div class=\"wp-block-image\"><figure class=\"alignleft\"><img loading=\"lazy\" decoding=\"async\" width=\"300\" height=\"200\" src=\"https:\/\/www.ades-grenoble.org\/wordpress\/wp-content\/uploads\/2014\/04\/Vote2eTourPresid.jpg\" alt=\"\" class=\"wp-image-8434\" srcset=\"https:\/\/www.ades-grenoble.org\/wordpress\/wp-content\/uploads\/2014\/04\/Vote2eTourPresid.jpg 300w, https:\/\/www.ades-grenoble.org\/wordpress\/wp-content\/uploads\/2014\/04\/Vote2eTourPresid-150x100.jpg 150w\" sizes=\"auto, (max-width: 300px) 100vw, 300px\" \/><\/figure><\/div>\n\n\n\n<p>Au Conseil des ministres du 17 mars 2020,\nle ministre de l\u2019int\u00e9rieur a pr\u00e9sent\u00e9 un d\u00e9cret portant report du second tour\ndu renouvellement des conseillers municipaux et communautaires. D\u00e9cret publi\u00e9\nle 18 mars au journal officiel.<\/p>\n\n\n\n<p>Lors du conseil des ministres du 18\nmars, le Premier ministre a pr\u00e9sent\u00e9 un projet de loi organique et un projet de\nloi ordinaire pour prendre en compte l\u2019urgence pour faire face \u00e0 l\u2019\u00e9pid\u00e9mie de\nCovid-19.<\/p>\n\n\n\n<p>Les&nbsp;<strong>lois organiques<\/strong>&nbsp;ont pour objet\nde pr\u00e9ciser l\u2019organisation et le fonctionnement des pouvoirs publics. L\u2019article\n46 de la Constitution pr\u00e9cise que <em>\u00ab&nbsp;<\/em><em>faute d&rsquo;accord entre les deux\nassembl\u00e9es, le texte ne peut \u00eatre adopt\u00e9 par l&rsquo;Assembl\u00e9e nationale en derni\u00e8re\nlecture qu&rsquo;\u00e0 la majorit\u00e9 absolue de ses membres\u2026<\/em><em>Les lois organiques ne peuvent \u00eatre promulgu\u00e9es\nqu&rsquo;apr\u00e8s la d\u00e9claration par le Conseil constitutionnel de leur conformit\u00e9 \u00e0 la\nConstitution.&nbsp;\u00bb<\/em><\/p>\n\n\n\n<!--more-->\n\n\n\n<p>Cette loi organique entend suspendre les d\u00e9lais impos\u00e9s\n\u00e0 la justice pour examiner les Questions Prioritaires de Constitutionnalit\u00e9\n(QPC).<\/p>\n\n\n\n<p>Le projet de loi ordinaire pr\u00e9voit\nqu\u2019en attendant le 2<sup>\u00e8me<\/sup> tour des \u00e9lections municipales (avant fin juin\n2020), les nouveaux \u00e9lus se r\u00e9uniront pour mettre en place les nouveaux\nex\u00e9cutifs et les conseils communautaires se r\u00e9uniront prochainement \u00e9tant\ncompos\u00e9 des nouveaux \u00e9lus et des anciens \u00e9lus des communes en ballotage.<\/p>\n\n\n\n<p>Loi organique&nbsp; \u00e0 lire <a rel=\"noreferrer noopener\" aria-label=\"ici (s\u2019ouvre dans un nouvel onglet)\" href=\"http:\/\/www.senat.fr\/leg\/pjl19-377.html\" target=\"_blank\">ici<\/a>; loi ordinaire <a href=\"http:\/\/www.senat.fr\/leg\/pjl19-376.html\" target=\"_blank\" rel=\"noreferrer noopener\" aria-label=\"l\u00e0 (s\u2019ouvre dans un nouvel onglet)\">l\u00e0<\/a>. <\/p>\n\n\n\n<p>Cette pr\u00e9cipitation est critiqu\u00e9e par de nombreux \u00e9lus (nouveaux ou anciens) dont le maire de Grenoble qui estiment que r\u00e9unir toutes ces institutions tr\u00e8s prochainement en pleine extension de l\u2019\u00e9pid\u00e9mie dans cette p\u00e9riode de confinement n\u2019est pas acceptable. <a href=\"https:\/\/www.ledauphine.com\/sante\/2020\/03\/18\/eric-piolle-que-les-regles-de-monsieur-et-madame-tout-le-monde-s-appliquent-aux-elus\" target=\"_blank\" rel=\"noreferrer noopener\" aria-label=\"Le maire de Grenoble d\u00e9clare au Dauphin\u00e9 Lib\u00e9r\u00e9 (s\u2019ouvre dans un nouvel onglet)\">Le maire de Grenoble d\u00e9clare au Dauphin\u00e9 Lib\u00e9r\u00e9<\/a>&nbsp;: <em>\u00ab&nbsp;Que les r\u00e8gles de monsieur et madame tout le monde s\u2019appliquent aux \u00e9lus ! \u00bb <\/em><\/p>\n\n\n\n<p>Le premier ministre a suivi ces\ndemandes et les nouveaux conseils municipaux attendront pour se r\u00e9unir au plus\nt\u00f4t en mai.<\/p>\n\n\n\n<p>Le Conseil d\u2019Etat dans son avis sur le projet de loi ordinaire&nbsp;pr\u00e9cise que si le deuxi\u00e8me tour n\u2019a pas lieu avant l\u2019\u00e9t\u00e9, l\u2019\u00e9lection devra \u00eatre recommenc\u00e9e compl\u00e8tement&nbsp;pour les communes o\u00f9 il y a ballotage : <em>\u00ab puisque le projet pr\u00e9voit que la repr\u00e9sentation nationale se verra communiquer au plus tard le 10 mai 2020 par le Gouvernement un rapport \u00e9manant de scientifiques lui permettant d\u2019\u00e9valuer l\u2019\u00e9volution de l\u2019\u00e9pid\u00e9mie et les risques sanitaires attach\u00e9s. Le Conseil d\u2019Etat observe que si la crise persiste \u00e0 cette \u00e9ch\u00e9ance, contraint \u00e0 prolonger les mesures d\u2019urgence sanitaire et rend impossible l\u2019organisation du deuxi\u00e8me tour avant l\u2019\u00e9t\u00e9, il appartiendra aux pouvoirs publics de reprendre l\u2019ensemble des op\u00e9rations \u00e9lectorales dans les communes o\u00f9 les conseils municipaux sont incomplets.<\/em><\/p>\n\n\n\n<p>L&rsquo;avis du Conseil d&rsquo;\u00c9tat est <a rel=\"noreferrer noopener\" aria-label=\"\u00e0 lire ici (s\u2019ouvre dans un nouvel onglet)\" href=\"https:\/\/www.conseil-etat.fr\/ressources\/avis-aux-pouvoirs-publics\/derniers-avis-publies\/avis-sur-deux-projets-de-loi-d-urgence-pour-faire-face-a-l-epidemie-de-covid-19\ufeff\" target=\"_blank\">\u00e0 lire ici<\/a>.<\/p>\n","protected":false},"excerpt":{"rendered":"<p>Au Conseil des ministres du 17 mars 2020, le ministre de l\u2019int\u00e9rieur a pr\u00e9sent\u00e9 un d\u00e9cret portant report du second tour du renouvellement des conseillers municipaux et communautaires. D\u00e9cret publi\u00e9 le 18 mars au journal officiel. Lors du conseil des ministres du 18 mars, le Premier ministre a pr\u00e9sent\u00e9 un projet de loi organique et [&hellip;]<\/p>\n","protected":false},"author":1,"featured_media":0,"comment_status":"closed","ping_status":"open","sticky":false,"template":"","format":"standard","meta":{"twitterCardType":"","cardImageID":0,"cardImage":"","cardTitle":"","cardDesc":"","cardImageAlt":"","cardPlayer":"","cardPlayerWidth":0,"cardPlayerHeight":0,"cardPlayerStream":"","cardPlayerCodec":"","footnotes":""},"categories":[62,11],"tags":[206,140,166],"class_list":["post-17004","post","type-post","status-publish","format-standard","hentry","category-le-rouge-le-vert-hebdo","category-politique-locale","tag-droit","tag-elections","tag-loi"],"_links":{"self":[{"href":"https:\/\/www.ades-grenoble.org\/wordpress\/wp-json\/wp\/v2\/posts\/17004","targetHints":{"allow":["GET"]}}],"collection":[{"href":"https:\/\/www.ades-grenoble.org\/wordpress\/wp-json\/wp\/v2\/posts"}],"about":[{"href":"https:\/\/www.ades-grenoble.org\/wordpress\/wp-json\/wp\/v2\/types\/post"}],"author":[{"embeddable":true,"href":"https:\/\/www.ades-grenoble.org\/wordpress\/wp-json\/wp\/v2\/users\/1"}],"replies":[{"embeddable":true,"href":"https:\/\/www.ades-grenoble.org\/wordpress\/wp-json\/wp\/v2\/comments?post=17004"}],"version-history":[{"count":2,"href":"https:\/\/www.ades-grenoble.org\/wordpress\/wp-json\/wp\/v2\/posts\/17004\/revisions"}],"predecessor-version":[{"id":17009,"href":"https:\/\/www.ades-grenoble.org\/wordpress\/wp-json\/wp\/v2\/posts\/17004\/revisions\/17009"}],"wp:attachment":[{"href":"https:\/\/www.ades-grenoble.org\/wordpress\/wp-json\/wp\/v2\/media?parent=17004"}],"wp:term":[{"taxonomy":"category","embeddable":true,"href":"https:\/\/www.ades-grenoble.org\/wordpress\/wp-json\/wp\/v2\/categories?post=17004"},{"taxonomy":"post_tag","embeddable":true,"href":"https:\/\/www.ades-grenoble.org\/wordpress\/wp-json\/wp\/v2\/tags?post=17004"}],"curies":[{"name":"wp","href":"https:\/\/api.w.org\/{rel}","templated":true}]}}