{"id":17026,"date":"2020-03-27T11:55:37","date_gmt":"2020-03-27T10:55:37","guid":{"rendered":"https:\/\/www.ades-grenoble.org\/wordpress\/?p=17026"},"modified":"2020-03-27T14:06:55","modified_gmt":"2020-03-27T13:06:55","slug":"premiere-chronologie-de-lemergence-du-covid-19","status":"publish","type":"post","link":"https:\/\/www.ades-grenoble.org\/wordpress\/2020\/03\/27\/premiere-chronologie-de-lemergence-du-covid-19\/","title":{"rendered":"Premi\u00e8re chronologie de l\u2019\u00e9mergence du Covid-19"},"content":{"rendered":"\n<div class=\"wp-block-image\"><figure class=\"alignleft\"><img loading=\"lazy\" decoding=\"async\" width=\"300\" height=\"300\" src=\"https:\/\/www.ades-grenoble.org\/wordpress\/wp-content\/uploads\/2019\/05\/cnrs.jpg\" alt=\"\" class=\"wp-image-15761\" srcset=\"https:\/\/www.ades-grenoble.org\/wordpress\/wp-content\/uploads\/2019\/05\/cnrs.jpg 300w, https:\/\/www.ades-grenoble.org\/wordpress\/wp-content\/uploads\/2019\/05\/cnrs-150x150.jpg 150w, https:\/\/www.ades-grenoble.org\/wordpress\/wp-content\/uploads\/2019\/05\/cnrs-144x144.jpg 144w\" sizes=\"auto, (max-width: 300px) 100vw, 300px\" \/><\/figure><\/div>\n\n\n\n<p>Pascal Marichalar est chercheur au CNRS (Institut de recherche\ninterdisciplinaire sur les enjeux sociaux). Il \u00e9tudie de mani\u00e8re sociologique\net historique les questions de sant\u00e9, de travail, d\u2019environnement et de\njustice. Il vient de publier le 25 mars un article intitul\u00e9 <em>\u00ab&nbsp;Savoir et\npr\u00e9voir&nbsp;&#8211; Premi\u00e8re chronologie de l\u2019\u00e9mergence du Covid-19&nbsp;\u00bb<\/em> \u00e0\npartir de la lecture attentive du journal \u00ab&nbsp;Science&nbsp;\u00bb et des\nd\u00e9clarations de l\u2019OMS. Cet article va donner des pr\u00e9cisions utiles \u00e0 celles et\nceux qui font actuellement des recours contre le gouvernement.<\/p>\n\n\n\n<!--more-->\n\n\n\n<p><strong><em>\u00ab&nbsp;Que\npouvait-on savoir et pr\u00e9voir de l\u2019actuelle pand\u00e9mie et de son arriv\u00e9e sur le\nterritoire fran\u00e7ais&nbsp;? Premiers \u00e9l\u00e9ments de r\u00e9ponse \u00e0\npartir d\u2019un corpus bien d\u00e9fini&nbsp;: le tr\u00e8s r\u00e9put\u00e9 magazine \u00ab&nbsp;Science&nbsp;\u00bb, et les\nd\u00e9clarations de l\u2019OMS depuis fin d\u00e9cembre\n2019.<\/em><\/strong><\/p>\n\n\n\n<p><em>Depuis <a href=\"https:\/\/www.lemonde.fr\/politique\/article\/2020\/03\/17\/entre-campagne-municipale-et-crise-du-coronavirus-le-chemin-de-croix-d-agnes-buzyn_6033395_823448.html\">l\u2019interview d\u2019Agn\u00e8s Buzyn au Monde mardi 17&nbsp;mars<\/a>, les\ncritiques pleuvent de toutes parts sur le\ngouvernement fran\u00e7ais. La d\u00e9claration de l\u2019ex-ministre de la sant\u00e9, selon\nlaquelle d\u00e8s janvier elle aurait pr\u00e9venu le Premier ministre de la gravit\u00e9\npotentielle de l\u2019\u00e9pid\u00e9mie de nouveau coronavirus \u2013 le mettant m\u00eame en garde sur\nle fait qu\u2019il faudrait peut-\u00eatre reporter les \u00e9lections municipales \u2013 a \u00e9t\u00e9\ninterpr\u00e9t\u00e9e comme un aveu terrible&nbsp;: la ministre de la Sant\u00e9 et le reste\ndu gouvernement savaient ce qui risquait d\u2019arriver, et pourtant ils n\u2019auraient\npas agi \u00e0 la hauteur du risque. Depuis, chaque jour qui passe, avec son cort\u00e8ge\nd\u2019informations sur la p\u00e9nurie de tests de d\u00e9pistage et de masque pour les personnels\nsoignants, ne fait que renforcer le discr\u00e9dit d\u2019un pouvoir politique dont la\ncote de confiance \u00e9tait d\u00e9j\u00e0 largement entam\u00e9e par la crise des gilets jaunes\net la r\u00e9forme des retraites\u2026<\/em><\/p>\n\n\n\n<p><strong>Et voici sa conclusion&nbsp;:<\/strong><\/p>\n\n\n\n<p><em>\u00ab&nbsp;Cette\nbr\u00e8ve esquisse permet de d\u00e9crire quatre moments dans l\u2019appr\u00e9hension de\nl\u2019\u00e9pid\u00e9mie du coronavirus Covid-19 pour qui lit Science. <strong>D\u00e9but janvier 2020<\/strong>, on apprend l\u2019existence de cette\nnouvelle maladie dont les caract\u00e9ristiques sont inconnues. <strong>D\u00e9but f\u00e9vrier<\/strong>, on doit se rendre \u00e0 l\u2019\u00e9vidence&nbsp;:\nles sp\u00e9cialistes ne peuvent exclure le sc\u00e9nario de la pand\u00e9mie, voire semblent\npenser que ce sc\u00e9nario est le plus probable des deux (l\u2019autre \u00e9tant la r\u00e9ussite\ndu containment). <strong>Le 25&nbsp;f\u00e9vrier<\/strong>,\nil est d\u00e9sormais \u00e9tabli que la pand\u00e9mie l\u2019a emport\u00e9. <strong>Le\n2&nbsp;mars<\/strong>, l\u2019analyse du rapport de la visite de l\u2019OMS montre deux choses&nbsp;: il est\npossible d\u2019arr\u00eater la course folle du virus<\/em><em>&nbsp;<\/em><em>; la mani\u00e8re de le faire est de proc\u00e9der \u00e0 des d\u00e9pistages massifs et\nultra-rapides, avec tra\u00e7age et isolement imm\u00e9diat des contacts des personnes\npositives.<\/em><\/p>\n\n\n\n<p><em>Soulignons\nau passage que d\u00e8s <strong>le 11&nbsp;f\u00e9vrier<\/strong>, les lecteurs de\nScience sont alert\u00e9s sur la possible p\u00e9nurie de tests\nbiologiques de d\u00e9pistage. Le rapport de l\u2019OMS\ndu 28&nbsp;f\u00e9vrier confirme qu\u2019il existe d\u2019autres techniques, \u00e0 allier ou \u00e0\nsubstituer aux tests biologiques de d\u00e9pistage en fonction des\ncirconstances&nbsp;: la prise r\u00e9guli\u00e8re des temp\u00e9ratures, l\u2019examen des poumons\npar scanner.<\/em><\/p>\n\n\n\n<p><em>Cette\nchronologie appelle \u00e0 \u00eatre compl\u00e9t\u00e9e. Il sera int\u00e9ressant, notamment, de\nretracer l\u2019historique en se pla\u00e7ant \u00e0 l\u2019int\u00e9rieur de l\u2019espace de la France, en\nregardant par exemple ce qu\u2019ont dit et \u00e9crit les institutions sp\u00e9cialis\u00e9es en\nmaladies infectieuses telles que l\u2019Institut Pasteur, ou encore les chercheuses\net chercheurs sp\u00e9cialistes de ces questions en France.<\/em><\/p>\n\n\n\n<p><em>D\u2019autres\ntravaux permettront aussi, je l\u2019esp\u00e8re, de mettre en regard cette esquisse de\nchronologie avec ce qu\u2019a fait et ce que n\u2019a pas fait le gouvernement fran\u00e7ais.\nJe me permettrai une seule remarque sur ce point.<\/em><\/p>\n\n\n\n<p><em>Le <strong>28&nbsp;f\u00e9vrier<\/strong> est publi\u00e9 le rapport crucial de l\u2019OMS sur ce qui a \u00e9t\u00e9 fait en Chine. Il\nmontre que seule une mobilisation de \u00ab<\/em><em>&nbsp;<\/em><em>tout le\ngouvernement<\/em><em>&nbsp;<\/em><em>\u00bb (all-of-government) et \u00ab<\/em><em>&nbsp;<\/em><em>toute la soci\u00e9t\u00e9<\/em><em>&nbsp;<\/em><em>\u00bb (all-of-society) permet\nde vaincre l\u2019\u00e9pid\u00e9mie. On se souviendra sans doute longtemps du fait que le lendemain,\nle <strong>samedi 29&nbsp;f\u00e9vrier<\/strong> d\u2019une ann\u00e9e bissextile, le\npremier ministre \u00c9douard Philippe a d\u00e9cid\u00e9 de d\u00e9tourner un conseil des\nministres \u00ab<\/em><em>&nbsp;<\/em><em>exceptionnel d\u00e9di\u00e9 au Covid-19<\/em><em>&nbsp;<\/em><em>\u00bb pour annoncer l\u2019utilisation de l\u2019article 49.3 de la Constitution afin\nd\u2019adopter sans vote la r\u00e9forme des retraites. Alors que l\u2019OMS d\u00e9montrait l\u2019urgence de l\u2019action\ncollective et solidaire face \u00e0 une pand\u00e9mie bient\u00f4t incontr\u00f4lable, le\ngouvernement s\u2019est dit que le plus urgent \u00e9tait de profiter de la derni\u00e8re\nfen\u00eatre de tir pour faire passer son projet de loi tant d\u00e9cri\u00e9.<\/em><\/p>\n\n\n\n<p><em>Lorsque le temps de la justice et des comptes sera venu, il nous faudra comprendre comment nous en sommes arriv\u00e9s \u00e0 la situation actuelle\u00a0: une p\u00e9nurie absolue de masques, ne permettant pas de prot\u00e9ger convenablement les soignant.es qui sont au front \u2013 qui sont infect\u00e9.es, et infectent \u00e0 leur tour \u2013, bien trop peu de tests de d\u00e9pistage (ce qui semble avoir \u00e9t\u00e9 une d\u00e9cision assum\u00e9e, y compris aux temps o\u00f9 l\u2019\u00e9pid\u00e9mie \u00e9tait encore balbutiante en France, et n\u2019est pas une fatalit\u00e9 en Europe, comme le montre l\u2019exemple de l\u2019Allemagne), et finalement la d\u00e9cision de dernier ressort de confiner toute la population pour une p\u00e9riode ind\u00e9termin\u00e9e, une arme non discriminante qui est terriblement co\u00fbteuse en termes humains, sanitaires (sant\u00e9 mentale) et \u00e9conomiques.\u00a0\u00bb<\/em> <\/p>\n\n\n\n<p>Pour lire l\u2019article cliquer <a href=\"https:\/\/laviedesidees.fr\/Savoir-et-prevoir.html\" target=\"_blank\" rel=\"noreferrer noopener\" aria-label=\"ici (s\u2019ouvre dans un nouvel onglet)\">ici<\/a>. <\/p>\n","protected":false},"excerpt":{"rendered":"<p>Pascal Marichalar est chercheur au CNRS (Institut de recherche interdisciplinaire sur les enjeux sociaux). Il \u00e9tudie de mani\u00e8re sociologique et historique les questions de sant\u00e9, de travail, d\u2019environnement et de justice. Il vient de publier le 25 mars un article intitul\u00e9 \u00ab&nbsp;Savoir et pr\u00e9voir&nbsp;&#8211; Premi\u00e8re chronologie de l\u2019\u00e9mergence du Covid-19&nbsp;\u00bb \u00e0 partir de la lecture [&hellip;]<\/p>\n","protected":false},"author":1,"featured_media":0,"comment_status":"closed","ping_status":"open","sticky":false,"template":"","format":"standard","meta":{"twitterCardType":"","cardImageID":0,"cardImage":"","cardTitle":"","cardDesc":"","cardImageAlt":"","cardPlayer":"","cardPlayerWidth":0,"cardPlayerHeight":0,"cardPlayerStream":"","cardPlayerCodec":"","footnotes":""},"categories":[62,11],"tags":[69,99],"class_list":["post-17026","post","type-post","status-publish","format-standard","hentry","category-le-rouge-le-vert-hebdo","category-politique-locale","tag-ens-superieur-et-recherche","tag-sante"],"_links":{"self":[{"href":"https:\/\/www.ades-grenoble.org\/wordpress\/wp-json\/wp\/v2\/posts\/17026","targetHints":{"allow":["GET"]}}],"collection":[{"href":"https:\/\/www.ades-grenoble.org\/wordpress\/wp-json\/wp\/v2\/posts"}],"about":[{"href":"https:\/\/www.ades-grenoble.org\/wordpress\/wp-json\/wp\/v2\/types\/post"}],"author":[{"embeddable":true,"href":"https:\/\/www.ades-grenoble.org\/wordpress\/wp-json\/wp\/v2\/users\/1"}],"replies":[{"embeddable":true,"href":"https:\/\/www.ades-grenoble.org\/wordpress\/wp-json\/wp\/v2\/comments?post=17026"}],"version-history":[{"count":1,"href":"https:\/\/www.ades-grenoble.org\/wordpress\/wp-json\/wp\/v2\/posts\/17026\/revisions"}],"predecessor-version":[{"id":17027,"href":"https:\/\/www.ades-grenoble.org\/wordpress\/wp-json\/wp\/v2\/posts\/17026\/revisions\/17027"}],"wp:attachment":[{"href":"https:\/\/www.ades-grenoble.org\/wordpress\/wp-json\/wp\/v2\/media?parent=17026"}],"wp:term":[{"taxonomy":"category","embeddable":true,"href":"https:\/\/www.ades-grenoble.org\/wordpress\/wp-json\/wp\/v2\/categories?post=17026"},{"taxonomy":"post_tag","embeddable":true,"href":"https:\/\/www.ades-grenoble.org\/wordpress\/wp-json\/wp\/v2\/tags?post=17026"}],"curies":[{"name":"wp","href":"https:\/\/api.w.org\/{rel}","templated":true}]}}