{"id":17032,"date":"2020-03-27T13:40:37","date_gmt":"2020-03-27T12:40:37","guid":{"rendered":"https:\/\/www.ades-grenoble.org\/wordpress\/?p=17032"},"modified":"2020-03-27T14:07:05","modified_gmt":"2020-03-27T13:07:05","slug":"france-urbaine-appelle-le-gouvernement-a-donner-des-marges-de-manoeuvre-aux-territoires-pour-faire-face-a-la-crise","status":"publish","type":"post","link":"https:\/\/www.ades-grenoble.org\/wordpress\/2020\/03\/27\/france-urbaine-appelle-le-gouvernement-a-donner-des-marges-de-manoeuvre-aux-territoires-pour-faire-face-a-la-crise\/","title":{"rendered":"\u00ab France urbaine \u00bb appelle le gouvernement \u00e0 donner des marges de man\u0153uvre aux territoires pour faire face \u00e0 la crise"},"content":{"rendered":"\n<div class=\"wp-block-image\"><figure class=\"alignleft\"><img loading=\"lazy\" decoding=\"async\" width=\"240\" height=\"120\" src=\"https:\/\/www.ades-grenoble.org\/wordpress\/wp-content\/uploads\/2016\/02\/france-urbaine.jpg\" alt=\"\" class=\"wp-image-11270\" srcset=\"https:\/\/www.ades-grenoble.org\/wordpress\/wp-content\/uploads\/2016\/02\/france-urbaine.jpg 240w, https:\/\/www.ades-grenoble.org\/wordpress\/wp-content\/uploads\/2016\/02\/france-urbaine-150x75.jpg 150w\" sizes=\"auto, (max-width: 240px) 100vw, 240px\" \/><\/figure><\/div>\n\n\n\n<p><em>France urbaine<\/em> est l\u2019association des \u00e9lus des\ngrandes villes, des m\u00e9tropoles, des communaut\u00e9s\nurbaines et d\u2019agglom\u00e9ration.<\/p>\n\n\n\n<p>Dans un communiqu\u00e9 du 23 mars elle en appelle au gouvernement pour qu\u2019il\npr\u00e9cise de nombreux aspects de la prise en compte sp\u00e9cifiques des activit\u00e9s des\ninstitutions locales pendant cette crise. Elle insiste comme Eric Piolle sur la\nn\u00e9cessit\u00e9 d\u2019ouvrir les aides non seulement aux soignants mais \u00e0 tous les \u00ab&nbsp;<em>premiers\nde corv\u00e9e<\/em>&nbsp;\u00bb qui font tourner les services essentiels au p\u00e9ril de leur\nsant\u00e9&nbsp;: <em>\u00ab&nbsp;caissi\u00e8res, \u00e9boueurs, livreurs, gardes d&rsquo;enfants\u2026 :\nles \u00ab\u00a0premier.e.s de corv\u00e9e\u00a0\u00bb sont nos h\u00e9ro\u00efnes et h\u00e9ros du quotidien.\nIls, et surtout elles, doivent \u00eatre int\u00e9gr\u00e9.e.s au plan du Gouvernement pour\nnos premi\u00e8res lignes.&nbsp;\u00bb<\/em><em><\/em><\/p>\n\n\n\n<p><em>\u00ab&nbsp;Alors que la France traverse une crise\nsanitaire sans pr\u00e9c\u00e9dent, les \u00e9lus urbains sont pleinement mobilis\u00e9s aux c\u00f4t\u00e9s\nde l\u2019Etat pour faire appliquer les mesures d\u2019urgence et de confinement\nd\u00e9cr\u00e9t\u00e9es par le Gouvernement depuis le 16 mars 2020. C\u2019est le sens de leur\nmandat et de leur engagement. <\/em><em><\/em><\/p>\n\n\n\n<!--more-->\n\n\n\n<p><em>France urbaine tient tout d\u2019abord \u00e0 saluer les mesures\nprises par le Gouvernement concernant le report du second tour des \u00e9lections\nmunicipales et intercommunales \u00e0 \u00e9ch\u00e9ance du mois de juin ainsi que la prorogation\ndes mandats municipaux et communautaires dans l\u2019entre-deux tours pour assurer\nla stabilit\u00e9 et l\u2019efficacit\u00e9 essentielles face \u00e0 la crise. Ces d\u00e9cisions\npermettent ainsi aux \u00e9lus des territoires urbains de rester pleinement\nmobilis\u00e9s, aux c\u00f4t\u00e9s de l\u2019Etat et au service des citoyens. <\/em><em><\/em><\/p>\n\n\n\n<p><em>Toutefois, suite \u00e0 la r\u00e9union extraordinaire organis\u00e9e\nle 21 mars 2020 avec les maires des grandes villes et les pr\u00e9sidents d\u2019EPCI, et\nafin de faire face efficacement \u00e0 la crise durant cette p\u00e9riode, France urbaine\na adress\u00e9 un courrier au Premier ministre le 23 mars appelant le Gouvernement \u00e0\ndonner aux territoires, via les ordonnances du projet de loi d\u2019urgence, des\nmarges de man\u0153uvre et un cadre juridique s\u00e9curis\u00e9s, pour : <\/em><em><\/em><\/p>\n\n\n\n<ul class=\"wp-block-list\"><li><em>\u00ab <strong>Assurer la continuit\u00e9 des services publics essentiels<\/strong>, bien entendu m\u00e9dicaux et sanitaires mais aussi notamment ceux relevant des forces de s\u00e9curit\u00e9, notamment les policiers municipaux, des transports en commun, des services d\u2019eau et d\u2019assainissement, de la collecte des d\u00e9chets, des gardes d\u2019enfants de ceux qui doivent aller travailler pour prot\u00e9ger les autres ; <\/em><\/li><li><em><strong>R\u00e9pondre \u00e0 l\u2019inqui\u00e9tude l\u00e9gitime des agents de ces services essentiels et vitaux <\/strong>concernant leur protection. Nous ne disposons notamment pas des masques qu\u2019ils nous demandent. Pr\u00e9voyez-vous d\u2019\u00e9tendre leur mise \u00e0 disposition \u00e0 ces personnes ? ; <\/em><\/li><li><em><strong>Elargir les solutions de gardes d\u2019enfants et d\u2019accueil \u00e0 l\u2019\u00e9cole <\/strong>\u2013 d\u00e9j\u00e0 mises en place par les territoires urbains en mobilisant leurs capacit\u00e9s d\u2019accueil \u2013 aux forces de l\u2019ordre nationale ou locale (police et gendarmerie nationale, police municipale\u2026), aux personnels du secteur de l\u2019alimentation (commer\u00e7ants, caissiers\u2026) ou des services vitaux (collecte des d\u00e9chets, eau potable, assainissement\u2026), en premi\u00e8re ligne face \u00e0 l\u2019\u00e9pid\u00e9mie ; <\/em><\/li><li><em><strong>Donner les moyens aux Pr\u00e9fets pour prot\u00e9ger de mani\u00e8re efficace et rapide les populations les plus pr\u00e9caires, <\/strong>ainsi que les personnes victimes de violences conjugales et familiales, pour lesquelles le confinement soul\u00e8ve de graves dangers, avec l\u2019appui de nos collectivit\u00e9s, en mobilisant entre autres les Directions D\u00e9partementales de la Coh\u00e9sion Sociale (DDCS) ; <\/em><\/li><li><em><strong>Assurer la mobilisation des personnels de l\u2019Education nationale<\/strong>, en soutien aux agents des collectivit\u00e9s en mesure d\u2019assurer un accueil minimal et non-\u00e9ducatif, pour accueillir notamment des enfants lors des prochaines vacances scolaires et ce, dans des locaux mis \u00e0 disposition par les \u00e9lus urbains ; <\/em><\/li><li><em><strong>Faciliter l\u2019action des maires et pr\u00e9sidents d\u2019intercommunalit\u00e9s <\/strong>dans un contexte o\u00f9 des d\u00e9cisions inhabituelles devront \u00eatre prises et o\u00f9 la r\u00e9union des instances d\u00e9lib\u00e9rantes s\u2019av\u00e8re particuli\u00e8rement complexe et risqu\u00e9e sur le plan sanitaire ; <\/em><\/li><li><em><strong>Accompagner les commerces et entreprises<\/strong>. Les entreprises de vente en ligne devraient \u00eatre sollicit\u00e9es, eu \u00e9gard \u00e0 l\u2019augmentation de leur chiffre d\u2019affaires, pour participer \u00e0 l\u2019effort de solidarit\u00e9 ; <\/em><\/li><li><em><strong>Soutenir les maires pour assurer l\u2019ordre public, <\/strong>\u00e0 l\u2019heure o\u00f9 le confinement vide l\u2019espace public, parfois au profit d\u2019actes de d\u00e9linquance qui se traduisent par une r\u00e9apparition du trafic de stup\u00e9fiants ; <\/em><\/li><li><em><strong>Clarifier les modalit\u00e9s de communication en p\u00e9riode \u00e9lectorale. <\/strong>L\u2019information et la communication essentielles qu\u2019il nous faut d\u00e9ployer dans le cadre de la lutte contre le Covid-19 doivent \u00eatre autoris\u00e9es pendant toute la dur\u00e9e de la crise, en ce qu\u2019elles concernent exclusivement les mesures pour lutter contre l\u2019\u00e9pid\u00e9mie. Elles doivent \u00eatre exclues des restrictions de communication applicables en p\u00e9riode \u00e9lectorale. \u00bb Engag\u00e9s, solidaires et responsables, les \u00e9lus des m\u00e9tropoles, communaut\u00e9s urbaines, d\u2019agglom\u00e9ration et des grandes villes, par la voix de France urbaine, assurent l\u2019Etat et le Gouvernement de leur enti\u00e8re mobilisation pour faire face collectivement \u00e0 l\u2019\u00e9pid\u00e9mie et prot\u00e9ger les Fran\u00e7ais sur l\u2019ensemble du territoire.&nbsp;\u00bb<\/em><\/li><\/ul>\n","protected":false},"excerpt":{"rendered":"<p>France urbaine est l\u2019association des \u00e9lus des grandes villes, des m\u00e9tropoles, des communaut\u00e9s urbaines et d\u2019agglom\u00e9ration. Dans un communiqu\u00e9 du 23 mars elle en appelle au gouvernement pour qu\u2019il pr\u00e9cise de nombreux aspects de la prise en compte sp\u00e9cifiques des activit\u00e9s des institutions locales pendant cette crise. Elle insiste comme Eric Piolle sur la n\u00e9cessit\u00e9 [&hellip;]<\/p>\n","protected":false},"author":1,"featured_media":0,"comment_status":"closed","ping_status":"open","sticky":false,"template":"","format":"standard","meta":{"twitterCardType":"","cardImageID":0,"cardImage":"","cardTitle":"","cardDesc":"","cardImageAlt":"","cardPlayer":"","cardPlayerWidth":0,"cardPlayerHeight":0,"cardPlayerStream":"","cardPlayerCodec":"","footnotes":""},"categories":[62,11],"tags":[226,169,99],"class_list":["post-17032","post","type-post","status-publish","format-standard","hentry","category-le-rouge-le-vert-hebdo","category-politique-locale","tag-collectivites","tag-elu","tag-sante"],"_links":{"self":[{"href":"https:\/\/www.ades-grenoble.org\/wordpress\/wp-json\/wp\/v2\/posts\/17032","targetHints":{"allow":["GET"]}}],"collection":[{"href":"https:\/\/www.ades-grenoble.org\/wordpress\/wp-json\/wp\/v2\/posts"}],"about":[{"href":"https:\/\/www.ades-grenoble.org\/wordpress\/wp-json\/wp\/v2\/types\/post"}],"author":[{"embeddable":true,"href":"https:\/\/www.ades-grenoble.org\/wordpress\/wp-json\/wp\/v2\/users\/1"}],"replies":[{"embeddable":true,"href":"https:\/\/www.ades-grenoble.org\/wordpress\/wp-json\/wp\/v2\/comments?post=17032"}],"version-history":[{"count":1,"href":"https:\/\/www.ades-grenoble.org\/wordpress\/wp-json\/wp\/v2\/posts\/17032\/revisions"}],"predecessor-version":[{"id":17033,"href":"https:\/\/www.ades-grenoble.org\/wordpress\/wp-json\/wp\/v2\/posts\/17032\/revisions\/17033"}],"wp:attachment":[{"href":"https:\/\/www.ades-grenoble.org\/wordpress\/wp-json\/wp\/v2\/media?parent=17032"}],"wp:term":[{"taxonomy":"category","embeddable":true,"href":"https:\/\/www.ades-grenoble.org\/wordpress\/wp-json\/wp\/v2\/categories?post=17032"},{"taxonomy":"post_tag","embeddable":true,"href":"https:\/\/www.ades-grenoble.org\/wordpress\/wp-json\/wp\/v2\/tags?post=17032"}],"curies":[{"name":"wp","href":"https:\/\/api.w.org\/{rel}","templated":true}]}}