{"id":17052,"date":"2020-04-03T11:28:35","date_gmt":"2020-04-03T09:28:35","guid":{"rendered":"https:\/\/www.ades-grenoble.org\/wordpress\/?p=17052"},"modified":"2020-04-04T11:03:12","modified_gmt":"2020-04-04T09:03:12","slug":"coronavirus-des-plaintes-contre-des-ministres-et-contre-x","status":"publish","type":"post","link":"https:\/\/www.ades-grenoble.org\/wordpress\/2020\/04\/03\/coronavirus-des-plaintes-contre-des-ministres-et-contre-x\/","title":{"rendered":"Coronavirus : des plaintes contre des ministres et contre X\u2026"},"content":{"rendered":"\n<p><\/p>\n\n\n\n<div class=\"wp-block-image\"><figure class=\"alignleft\"><img loading=\"lazy\" decoding=\"async\" width=\"250\" height=\"258\" src=\"https:\/\/www.ades-grenoble.org\/wordpress\/wp-content\/uploads\/2015\/01\/balance-justice-e1559311237157.jpg\" alt=\"\" class=\"wp-image-9565\"\/><figcaption>zy<\/figcaption><\/figure><\/div>\n\n\n\n<p>n, Olivier V\u00e9ran et Nicole Belloubet, pour incurie du gouvernement face \u00e0 la crise du coronavirus.<br>Par exemple, un collectif de plus de 600 m\u00e9decins a port\u00e9 plainte contre l\u2019ancienne ministre de la Sant\u00e9 Agn\u00e8s Buzyn et le Premier ministre \u00c9douard Philippe, accus\u00e9s de mensonge d\u2019\u00c9tat. <\/p>\n\n\n\n<p><a rel=\"noreferrer noopener\" aria-label=\"Une enqu\u00eate de M\u00e9diapart (s\u2019ouvre dans un nouvel onglet)\" href=\"https:\/\/www.mediapart.fr\/journal\/france\/020420\/masques-les-preuves-d-un-mensonge-d-etat\" target=\"_blank\">Une enqu\u00eate de M\u00e9diapart<\/a> vient apporter le 2 avril des \u00e9l\u00e9ments pr\u00e9cis sur la mauvaise gestion des masques par le gouvernement : <\/p>\n\n\n\n<p><em>\u00ab Masques : les preuves d\u2019un mensonge d\u2019\u00c9tat<\/em><\/p>\n\n\n\n<!--more-->\n\n\n\n<p><em>P\u00e9nurie cach\u00e9e, consignes sanitaires fantaisistes, propositions d\u2019importations n\u00e9glig\u00e9es, stocks toujours insuffisants, entreprises privil\u00e9gi\u00e9es&nbsp;: bas\u00e9e sur de nombreux t\u00e9moignages et documents confidentiels, une enqu\u00eate de Mediapart r\u00e9v\u00e8le la gestion chaotique au sommet de l\u2019\u00c9tat, entre janvier et aujourd\u2019hui, sur la question cruciale des masques. Et les mensonges qui l\u2019ont accompagn\u00e9e. Les soignants, eux, sont contamin\u00e9s par centaines.&nbsp;\u00bbP\u00e9nurie cach\u00e9e, consignes sanitaires fantaisistes, propositions d\u2019importations n\u00e9glig\u00e9es, stocks toujours insuffisants, entreprises privil\u00e9gi\u00e9es&nbsp;: bas\u00e9e sur de nombreux t\u00e9moignages et documents confidentiels, une enqu\u00eate de Mediapart r\u00e9v\u00e8le la gestion chaotique au sommet de l\u2019\u00c9tat, entre janvier et aujourd\u2019hui, sur la question cruciale des masques. Et les mensonges qui l\u2019ont accompagn\u00e9e. Les soignants, eux, sont contamin\u00e9s par centaines.&nbsp;\u00bb<\/em><\/p>\n\n\n\n<p>Des plaintes dirig\u00e9es contre X peuvent \u00eatre aussi d\u00e9pos\u00e9es aupr\u00e8s du procureur de la R\u00e9publique. Un site r\u00e9alis\u00e9 par des juristes propose des mod\u00e8les de plaintes, pour le personnel m\u00e9dical et leurs syndicats professionnels, pour une personne malade et pour une personne non malade qui voudraient mettre en cause la gestion de la crise.<\/p>\n\n\n\n<p>\u00ab&nbsp;<em>Alors que partout l&rsquo;\u00e9pid\u00e9mie d&rsquo;infections au coronavirus progresse, et malgr\u00e9 les avertissements des instances sanitaires internationales, l&rsquo;\u00c9tat fran\u00e7ais n&rsquo;a pas pris \u00e0 temps les mesures n\u00e9cessaires pour prot\u00e9ger les personnes sur son sol. Les mesures prises r\u00e9cemment sont tardives, insuffisantes et incoh\u00e9rentes. De ce fait, de nombreuses personnes, dont du personnel m\u00e9dical, ont \u00e9t\u00e9 et sont toujours expos\u00e9es \u00e0 des risques sanitaires, sont tomb\u00e9es malades ou sont d\u00e9c\u00e9d\u00e9es. <br>Le droit fran\u00e7ais prot\u00e8ge les personnes de ces n\u00e9gligences, mises en danger et violences. Selon la situation dans laquelle vous vous trouvez, ce site vise \u00e0 faciliter le d\u00e9p\u00f4t d&rsquo;une plainte contre X \u00e0 l&rsquo;aide de dossiers pr\u00e9-rempli assorti d&rsquo;une notice explicative.<\/em> \u00bb<br><a rel=\"noreferrer noopener\" aria-label=\" (s\u2019ouvre dans un nouvel onglet)\" href=\"https:\/\/plaintecovid.fr\/\" target=\"_blank\">Le site<\/a> a enregistr\u00e9 plus de 100&nbsp;000 visites&nbsp;!<\/p>\n","protected":false},"excerpt":{"rendered":"<p>n, Olivier V\u00e9ran et Nicole Belloubet, pour incurie du gouvernement face \u00e0 la crise du coronavirus.Par exemple, un collectif de plus de 600 m\u00e9decins a port\u00e9 plainte contre l\u2019ancienne ministre de la Sant\u00e9 Agn\u00e8s Buzyn et le Premier ministre \u00c9douard Philippe, accus\u00e9s de mensonge d\u2019\u00c9tat. Une enqu\u00eate de M\u00e9diapart vient apporter le 2 avril des [&hellip;]<\/p>\n","protected":false},"author":1,"featured_media":0,"comment_status":"closed","ping_status":"open","sticky":false,"template":"","format":"standard","meta":{"twitterCardType":"","cardImageID":0,"cardImage":"","cardTitle":"","cardDesc":"","cardImageAlt":"","cardPlayer":"","cardPlayerWidth":0,"cardPlayerHeight":0,"cardPlayerStream":"","cardPlayerCodec":"","footnotes":""},"categories":[62,11],"tags":[196,243,99],"class_list":["post-17052","post","type-post","status-publish","format-standard","hentry","category-le-rouge-le-vert-hebdo","category-politique-locale","tag-etat","tag-justice","tag-sante"],"_links":{"self":[{"href":"https:\/\/www.ades-grenoble.org\/wordpress\/wp-json\/wp\/v2\/posts\/17052","targetHints":{"allow":["GET"]}}],"collection":[{"href":"https:\/\/www.ades-grenoble.org\/wordpress\/wp-json\/wp\/v2\/posts"}],"about":[{"href":"https:\/\/www.ades-grenoble.org\/wordpress\/wp-json\/wp\/v2\/types\/post"}],"author":[{"embeddable":true,"href":"https:\/\/www.ades-grenoble.org\/wordpress\/wp-json\/wp\/v2\/users\/1"}],"replies":[{"embeddable":true,"href":"https:\/\/www.ades-grenoble.org\/wordpress\/wp-json\/wp\/v2\/comments?post=17052"}],"version-history":[{"count":2,"href":"https:\/\/www.ades-grenoble.org\/wordpress\/wp-json\/wp\/v2\/posts\/17052\/revisions"}],"predecessor-version":[{"id":17080,"href":"https:\/\/www.ades-grenoble.org\/wordpress\/wp-json\/wp\/v2\/posts\/17052\/revisions\/17080"}],"wp:attachment":[{"href":"https:\/\/www.ades-grenoble.org\/wordpress\/wp-json\/wp\/v2\/media?parent=17052"}],"wp:term":[{"taxonomy":"category","embeddable":true,"href":"https:\/\/www.ades-grenoble.org\/wordpress\/wp-json\/wp\/v2\/categories?post=17052"},{"taxonomy":"post_tag","embeddable":true,"href":"https:\/\/www.ades-grenoble.org\/wordpress\/wp-json\/wp\/v2\/tags?post=17052"}],"curies":[{"name":"wp","href":"https:\/\/api.w.org\/{rel}","templated":true}]}}