{"id":17072,"date":"2020-04-03T12:19:23","date_gmt":"2020-04-03T10:19:23","guid":{"rendered":"https:\/\/www.ades-grenoble.org\/wordpress\/?p=17072"},"modified":"2020-04-03T12:22:35","modified_gmt":"2020-04-03T10:22:35","slug":"dispositions-funeraires-pendant-letat-durgence","status":"publish","type":"post","link":"https:\/\/www.ades-grenoble.org\/wordpress\/2020\/04\/03\/dispositions-funeraires-pendant-letat-durgence\/","title":{"rendered":"Dispositions fun\u00e9raires pendant l\u2019\u00c9tat d\u2019urgence"},"content":{"rendered":"\n<div class=\"wp-block-image\"><figure class=\"alignleft\"><img loading=\"lazy\" decoding=\"async\" width=\"250\" height=\"160\" src=\"https:\/\/www.ades-grenoble.org\/wordpress\/wp-content\/uploads\/2018\/08\/etat.jpg\" alt=\"\" class=\"wp-image-14640\" srcset=\"https:\/\/www.ades-grenoble.org\/wordpress\/wp-content\/uploads\/2018\/08\/etat.jpg 250w, https:\/\/www.ades-grenoble.org\/wordpress\/wp-content\/uploads\/2018\/08\/etat-150x96.jpg 150w\" sizes=\"auto, (max-width: 250px) 100vw, 250px\" \/><\/figure><\/div>\n\n\n\n<p>La situation critique impose des\nd\u00e9cisions douloureuses pour les familles des victimes que <em>\u00ab\u00a0Le Rouge et\nle Vert\u00a0\u00bb<\/em> a le regret de rappeler&nbsp;:<\/p>\n\n\n\n<p>Par d\u00e9cret n\u00b02020-384 du 1<sup>er<\/sup> avril 2020 dans le cadre de l&rsquo;\u00e9tat d&rsquo;urgence\nsanitaire&nbsp;qui compl\u00e8te le d\u00e9cret n\u00b0 2020-384 du 23 mars&nbsp;: \u00ab&nbsp;<em>Jusqu\u2019au\n30 avril 2020<\/em><\/p>\n\n\n\n<ul class=\"wp-block-list\"><li><em>les soins de conservation sont interdits sur le corps des personnes d\u00e9c\u00e9d\u00e9es ;<\/em><\/li><li><em>les d\u00e9funts atteints ou probablement atteints du covid-19 au moment de leur d\u00e9c\u00e8s font l&rsquo;objet d&rsquo;une <strong>mise en bi\u00e8re imm\u00e9diate<\/strong>. La pratique de la toilette mortuaire est interdite pour ces d\u00e9funts.\u00a0\u00bb<\/em><\/li><\/ul>\n\n\n\n<p>&nbsp;Et le Pr\u00e9fet a des pouvoirs \u00e9tendus&nbsp;: <em>\u00ab&nbsp;Afin\nde garantir la bonne ex\u00e9cution des op\u00e9rations fun\u00e9raires, le repr\u00e9sentant de\nl&rsquo;Etat dans le d\u00e9partement est habilit\u00e9 \u00e0 proc\u00e9der \u00e0 la r\u00e9quisition de tout\nop\u00e9rateur participant au service ext\u00e9rieur des pompes fun\u00e8bres ainsi que de\ntout bien, service ou personne n\u00e9cessaire \u00e0 l&rsquo;exercice de l&rsquo;activit\u00e9 de ces\nop\u00e9rateurs.&nbsp;\u00bb<\/em><em><\/em><\/p>\n","protected":false},"excerpt":{"rendered":"<p>La situation critique impose des d\u00e9cisions douloureuses pour les familles des victimes que \u00ab\u00a0Le Rouge et le Vert\u00a0\u00bb a le regret de rappeler&nbsp;: Par d\u00e9cret n\u00b02020-384 du 1er avril 2020 dans le cadre de l&rsquo;\u00e9tat d&rsquo;urgence sanitaire&nbsp;qui compl\u00e8te le d\u00e9cret n\u00b0 2020-384 du 23 mars&nbsp;: \u00ab&nbsp;Jusqu\u2019au 30 avril 2020 les soins de conservation sont interdits [&hellip;]<\/p>\n","protected":false},"author":1,"featured_media":0,"comment_status":"closed","ping_status":"open","sticky":false,"template":"","format":"standard","meta":{"twitterCardType":"","cardImageID":0,"cardImage":"","cardTitle":"","cardDesc":"","cardImageAlt":"","cardPlayer":"","cardPlayerWidth":0,"cardPlayerHeight":0,"cardPlayerStream":"","cardPlayerCodec":"","footnotes":""},"categories":[62,11],"tags":[196,99],"class_list":["post-17072","post","type-post","status-publish","format-standard","hentry","category-le-rouge-le-vert-hebdo","category-politique-locale","tag-etat","tag-sante"],"_links":{"self":[{"href":"https:\/\/www.ades-grenoble.org\/wordpress\/wp-json\/wp\/v2\/posts\/17072","targetHints":{"allow":["GET"]}}],"collection":[{"href":"https:\/\/www.ades-grenoble.org\/wordpress\/wp-json\/wp\/v2\/posts"}],"about":[{"href":"https:\/\/www.ades-grenoble.org\/wordpress\/wp-json\/wp\/v2\/types\/post"}],"author":[{"embeddable":true,"href":"https:\/\/www.ades-grenoble.org\/wordpress\/wp-json\/wp\/v2\/users\/1"}],"replies":[{"embeddable":true,"href":"https:\/\/www.ades-grenoble.org\/wordpress\/wp-json\/wp\/v2\/comments?post=17072"}],"version-history":[{"count":2,"href":"https:\/\/www.ades-grenoble.org\/wordpress\/wp-json\/wp\/v2\/posts\/17072\/revisions"}],"predecessor-version":[{"id":17074,"href":"https:\/\/www.ades-grenoble.org\/wordpress\/wp-json\/wp\/v2\/posts\/17072\/revisions\/17074"}],"wp:attachment":[{"href":"https:\/\/www.ades-grenoble.org\/wordpress\/wp-json\/wp\/v2\/media?parent=17072"}],"wp:term":[{"taxonomy":"category","embeddable":true,"href":"https:\/\/www.ades-grenoble.org\/wordpress\/wp-json\/wp\/v2\/categories?post=17072"},{"taxonomy":"post_tag","embeddable":true,"href":"https:\/\/www.ades-grenoble.org\/wordpress\/wp-json\/wp\/v2\/tags?post=17072"}],"curies":[{"name":"wp","href":"https:\/\/api.w.org\/{rel}","templated":true}]}}