{"id":17087,"date":"2020-04-10T11:44:14","date_gmt":"2020-04-10T09:44:14","guid":{"rendered":"https:\/\/www.ades-grenoble.org\/wordpress\/?p=17087"},"modified":"2020-04-10T15:46:37","modified_gmt":"2020-04-10T13:46:37","slug":"accompagnement-des-personnes-en-situation-de-handicap","status":"publish","type":"post","link":"https:\/\/www.ades-grenoble.org\/wordpress\/2020\/04\/10\/accompagnement-des-personnes-en-situation-de-handicap\/","title":{"rendered":"Accompagnement des personnes en situation de handicap"},"content":{"rendered":"\n<div class=\"wp-block-image\"><figure class=\"alignleft\"><img loading=\"lazy\" decoding=\"async\" width=\"360\" height=\"205\" src=\"https:\/\/www.ades-grenoble.org\/wordpress\/wp-content\/uploads\/2015\/02\/handicap.jpg\" alt=\"\" class=\"wp-image-9683\" srcset=\"https:\/\/www.ades-grenoble.org\/wordpress\/wp-content\/uploads\/2015\/02\/handicap.jpg 360w, https:\/\/www.ades-grenoble.org\/wordpress\/wp-content\/uploads\/2015\/02\/handicap-150x85.jpg 150w, https:\/\/www.ades-grenoble.org\/wordpress\/wp-content\/uploads\/2015\/02\/handicap-300x171.jpg 300w\" sizes=\"auto, (max-width: 360px) 100vw, 360px\" \/><\/figure><\/div>\n\n\n\n<p>Le 30 mars, le Haut Conseil de\nla sant\u00e9 publique (HCSP) a analys\u00e9 dans le cadre de l\u2019\u00e9pid\u00e9mie de Covid-19 les\npossibilit\u00e9s de r\u00e9ouverture des externats et des accueils de jour pour\nl\u2019accompagnement de certaines cat\u00e9gories de personnes en situation de handicap,\net la balance b\u00e9n\u00e9fices-risques au niveau individuel et collectif entre le\nconfinement et la rupture de l\u2019accompagnement habituel.<\/p>\n\n\n\n<p><em>Les\ndifficult\u00e9s, les limites et les risques en lien avec le confinement et\nl\u2019\u00e9pid\u00e9mie de Covid-19 y sont d\u00e9clin\u00e9s pour les personnes en situation de\nhandicap, les aidants, les professionnels de l\u2019accompagnement social et des\nsoins.<\/em><\/p>\n\n\n\n<p><em>Le HCSP\nrappelle 3 principes g\u00e9n\u00e9raux a) proposer des solutions pour toute forme de\nsituation de handicap, b) graduer et agir par subsidiarit\u00e9, c) garantir le respect\ndu droit des personnes en situation de handicap et des aidants \u00e0 participer \u00e0\nla co-construction des solutions.<\/em><\/p>\n\n\n\n<!--more-->\n\n\n\n<p><em>\u00ab&nbsp;<a href=\"https:\/\/www.hcsp.fr\/explore.cgi\/avisrapportsdomaine?clefr=789\" target=\"_blank\" rel=\"noreferrer noopener\" aria-label=\"Le HCSP recommande (s\u2019ouvre dans un nouvel onglet)\">Le HCSP recommande<\/a> de&nbsp;:<\/em><\/p>\n\n\n\n<ul class=\"wp-block-list\"><li><em>Organiser de fa\u00e7on gradu\u00e9e la continuit\u00e9\n     d\u2019accompagnement et la gestion des Covid-19 pour les personnes en situation\n     de handicap pouvant, en dernier recours et pour des cas exceptionnels,\n     n\u00e9cessiter la r\u00e9ouverture d\u2019externats\/accueils de jour<\/em><\/li><li><em>Favoriser la continuit\u00e9 de l\u2019accompagnement au\n     domicile<\/em><\/li><li><em>Outiller, rassurer et informer les personnes\n     en situation de handicap, les aidants, les professionnels de\n     l\u2019accompagnement social, les soignants<\/em><\/li><li><em>Organiser et s\u00e9curiser les transports, par une\n     sensibilisation au risque et une conduite \u00e0 tenir aupr\u00e8s des personnes,\n     professionnels et aidants professionnels<\/em><\/li><li><em>Veiller aux situations\n     \u00e9thiquement ou socialement complexes&nbsp;\u00bb<\/em><\/li><\/ul>\n\n\n\n<p>De son c\u00f4t\u00e9, au m\u00eame moment, le <a href=\"https:\/\/www.apf-francehandicap.org\/actualite\/covid-19-le-collectif-handicaps-lance-un-cri-alerte-27108\" target=\"_blank\" rel=\"noreferrer noopener\" aria-label=\"Collectif APF-Handicaps formule trois urgences (s\u2019ouvre dans un nouvel onglet)\">Collectif APF-Handicaps formule trois urgences<\/a> :<\/p>\n\n\n\n<ul class=\"wp-block-list\"><li><strong><em>Assurer la continuit\u00e9 et l\u2019effectivit\u00e9 des droits des personnes<\/em><\/strong><em>&nbsp;notamment par un soutien renforc\u00e9 des MDPH (proc\u00e9dures d\u2019urgence,\nPCH\u2026) et des informations accessibles \u00e0 toutes les personnes en situation de\nhandicap, en particulier les personnes aveugles. La communication sur la situation,\nles mesures de confinement et les d\u00e9rogations ne sont pas ais\u00e9es \u00e0 comprendre\net\/ou \u00e0 accepter pour les personnes d\u00e9ficientes intellectuelles ou pr\u00e9sentant\nun handicap psychique s\u00e9v\u00e8re.<\/em><\/li><li><strong><em>Accompagner les personnes en situation de handicap et les familles \u00e0\ndomicile<\/em><\/strong><em>&nbsp;: des personnes ne\nb\u00e9n\u00e9ficient d\u00e9j\u00e0 plus d\u2019intervention d\u2019une aide \u00e0 domicile ou d\u2019une continuit\u00e9\nde soins indispensables (kin\u00e9, psychologue, soins hospitaliers, \u2026). Des\nsolutions de r\u00e9pit doivent \u00eatre organis\u00e9s pour \u00e9viter l\u2019\u00e9puisement des familles<\/em><\/li><li><strong><em>Garantir la continuit\u00e9 des accompagnements en \u00e9tablissements<\/em><\/strong><em>&nbsp;: les associations gestionnaires sont dans l\u2019impossibilit\u00e9 de fournir\n\u00e0 leurs professionnels et \u00e0 leurs usagers les \u00e9quipements de protection indispensables.\nIl appara\u00eet maintenant urgent que les pouvoirs publics mettent au point des\nplans d\u2019actions r\u00e9gionaux sp\u00e9cifiques en appui des \u00e9tablissements et services\nm\u00e9dico-sociaux accueillant ou accompagnant des personnes en situation de\nhandicap avec des protocoles de liaison et de prises en charge dans (ou en lien\navec) les \u00e9tablissements de sant\u00e9. La vague arrive et les plus grandes\nincertitudes p\u00e8sent encore sur les conditions effectives de prise en charge des\npersonnes en situation de handicap.<\/em><\/li><\/ul>\n\n\n\n<p><em>Conscient du contexte de cette\ncrise sans pr\u00e9c\u00e9dent, nous rappelons avec le Collectif Handicaps que l\u2019Etat a\npris des engagements forts pour assurer la sauvegarde des personnes handicap\u00e9es\nen situation de risque et d\u2019urgence humanitaire en ratifiant la Convention des\nNations unies relative aux droits des personnes handicap\u00e9es.<\/em><\/p>\n\n\n\n<p><em>Nous demandons instamment au\ngouvernement de cr\u00e9er sans d\u00e9lai les conditions de s\u00e9curit\u00e9 des personnes et de\nreconnaissance des professionnels pour que les unes et les autres puissent\ntenir d\u00e9cemment dans la dur\u00e9e.<\/em><\/p>\n\n\n\n<p><em>Nous r\u00e9clamons les moyens et\nconditions pour garantir la continuit\u00e9 des actions entreprises.<\/em><\/p>\n\n\n\n<p><em>Enfin nous demandons \u00e9galement\naux pouvoirs publics de saluer l\u2019engagement des \u00e9quipes professionnelles et\nb\u00e9n\u00e9voles accompagnantes car leur engagement est \u00e0 la hauteur de la formidable\nmobilisation des soignants du secteur sanitaire.&nbsp;\u00bb<\/em><\/p>\n","protected":false},"excerpt":{"rendered":"<p>Le 30 mars, le Haut Conseil de la sant\u00e9 publique (HCSP) a analys\u00e9 dans le cadre de l\u2019\u00e9pid\u00e9mie de Covid-19 les possibilit\u00e9s de r\u00e9ouverture des externats et des accueils de jour pour l\u2019accompagnement de certaines cat\u00e9gories de personnes en situation de handicap, et la balance b\u00e9n\u00e9fices-risques au niveau individuel et collectif entre le confinement et [&hellip;]<\/p>\n","protected":false},"author":1,"featured_media":0,"comment_status":"closed","ping_status":"open","sticky":false,"template":"","format":"standard","meta":{"twitterCardType":"","cardImageID":0,"cardImage":"","cardTitle":"","cardDesc":"","cardImageAlt":"","cardPlayer":"","cardPlayerWidth":0,"cardPlayerHeight":0,"cardPlayerStream":"","cardPlayerCodec":"","footnotes":""},"categories":[62,11],"tags":[225,99,182],"class_list":["post-17087","post","type-post","status-publish","format-standard","hentry","category-le-rouge-le-vert-hebdo","category-politique-locale","tag-handicap","tag-sante","tag-solidarite"],"_links":{"self":[{"href":"https:\/\/www.ades-grenoble.org\/wordpress\/wp-json\/wp\/v2\/posts\/17087","targetHints":{"allow":["GET"]}}],"collection":[{"href":"https:\/\/www.ades-grenoble.org\/wordpress\/wp-json\/wp\/v2\/posts"}],"about":[{"href":"https:\/\/www.ades-grenoble.org\/wordpress\/wp-json\/wp\/v2\/types\/post"}],"author":[{"embeddable":true,"href":"https:\/\/www.ades-grenoble.org\/wordpress\/wp-json\/wp\/v2\/users\/1"}],"replies":[{"embeddable":true,"href":"https:\/\/www.ades-grenoble.org\/wordpress\/wp-json\/wp\/v2\/comments?post=17087"}],"version-history":[{"count":2,"href":"https:\/\/www.ades-grenoble.org\/wordpress\/wp-json\/wp\/v2\/posts\/17087\/revisions"}],"predecessor-version":[{"id":17118,"href":"https:\/\/www.ades-grenoble.org\/wordpress\/wp-json\/wp\/v2\/posts\/17087\/revisions\/17118"}],"wp:attachment":[{"href":"https:\/\/www.ades-grenoble.org\/wordpress\/wp-json\/wp\/v2\/media?parent=17087"}],"wp:term":[{"taxonomy":"category","embeddable":true,"href":"https:\/\/www.ades-grenoble.org\/wordpress\/wp-json\/wp\/v2\/categories?post=17087"},{"taxonomy":"post_tag","embeddable":true,"href":"https:\/\/www.ades-grenoble.org\/wordpress\/wp-json\/wp\/v2\/tags?post=17087"}],"curies":[{"name":"wp","href":"https:\/\/api.w.org\/{rel}","templated":true}]}}