{"id":17089,"date":"2020-04-10T11:48:36","date_gmt":"2020-04-10T09:48:36","guid":{"rendered":"https:\/\/www.ades-grenoble.org\/wordpress\/?p=17089"},"modified":"2020-04-10T15:43:53","modified_gmt":"2020-04-10T13:43:53","slug":"outre-les-consequences-sanitaires-et-sociales-limpact-economique-de-lepidemie-de-covid-19","status":"publish","type":"post","link":"https:\/\/www.ades-grenoble.org\/wordpress\/2020\/04\/10\/outre-les-consequences-sanitaires-et-sociales-limpact-economique-de-lepidemie-de-covid-19\/","title":{"rendered":"Outre les cons\u00e9quences sanitaires et sociales, l&rsquo;impact \u00e9conomique de l&rsquo;\u00e9pid\u00e9mie de Covid-19"},"content":{"rendered":"\n<div class=\"wp-block-image\"><figure class=\"alignleft\"><img loading=\"lazy\" decoding=\"async\" width=\"214\" height=\"87\" src=\"https:\/\/www.ades-grenoble.org\/wordpress\/wp-content\/uploads\/2015\/10\/ofce.jpg\" alt=\"\" class=\"wp-image-10874\" srcset=\"https:\/\/www.ades-grenoble.org\/wordpress\/wp-content\/uploads\/2015\/10\/ofce.jpg 214w, https:\/\/www.ades-grenoble.org\/wordpress\/wp-content\/uploads\/2015\/10\/ofce-150x61.jpg 150w\" sizes=\"auto, (max-width: 214px) 100vw, 214px\" \/><\/figure><\/div>\n\n\n\n<p>Ce qui\nnous pr\u00e9occupe, ce sont d&rsquo;abord les cons\u00e9quences sanitaires et sociales de la\npand\u00e9mie. Pour le gouvernement de droite c&rsquo;est d&rsquo;abord les entreprises et leurs\nactionnaires, en n\u2019arr\u00eatant pas les activit\u00e9s non-essentielles.<\/p>\n\n\n\n<p>Mais il\nest aussi utile d&rsquo;avoir des donn\u00e9es sur les activit\u00e9s et leurs cons\u00e9quences\nsociales en terme d&#8217;emplois et d&rsquo;activit\u00e9s essentielles, activit\u00e9s essentielles\nque le gouvernement n&rsquo;a toujours pas d\u00e9finies malgr\u00e9 sa promesse (non tenue).<\/p>\n\n\n\n<p>Apr\u00e8s l\u2019INSEE, l\u2019Observatoire Fran\u00e7ais des Conjonctures Economiques (OFCE)\na publi\u00e9 une \u00e9tude sur l\u2019\u00ab<em>\u00c9valuation\nau 30 mars 2020 de l&rsquo;impact \u00e9conomique de la pand\u00e9mie de COVID-19&nbsp; et des mesures de confinement en\nFrance&nbsp;\u00bb.<\/em><\/p>\n\n\n\n<!--more-->\n\n\n\n<p>Pour l\u2019OFCE, l\u2019\u00e9pid\u00e9mie\nprovoque une perte de 60 milliards d\u2019euros de PIB en France, par mois de\nconfinement. <\/p>\n\n\n\n<p><em>\u00ab&nbsp;Les mesures de r\u00e9action \u00e0 l&rsquo;\u00e9pid\u00e9mie de\nCOVID-19 sur le territoire fran\u00e7ais vont avoir un impact \u00e9conomique\nconsid\u00e9rable du fait des mesures sanitaires absolument n\u00e9cessaires. Nous estimons\nque l&rsquo;impact du confinement serait d&rsquo;un peu plus de 30 points de PIB mensuel\npar mois de confinement, soit une perte de 2,6 points de PIB annuel, soit 60\nmilliards d&rsquo;euros par mois de confinement. <\/em><\/p>\n\n\n\n<p><em>Cette \u00e9valuation ne constitue qu&rsquo;une premi\u00e8re \u00e9tape dans\nle chiffrage d&rsquo;un choc \u00e9conomique et social in\u00e9dit. Notre \u00e9valuation sera\nr\u00e9vis\u00e9e r\u00e9guli\u00e8rement en int\u00e9grant des effets non pris en compte \u00e0 ce stade\nmais aussi sur la base de nouvelles donn\u00e9es disponibles au fur et \u00e0 mesure, permettant\nainsi de mieux calibrer les chocs pris en compte. La d\u00e9composition de l&rsquo;impact\n\u00e9conomique selon diff\u00e9rents canaux est la suivante (Fiche 4 et tableau 1) : <\/em><\/p>\n\n\n\n<p><em>\u25a0 1,0 point de PIB d\u00e9coule de la modification des\ncomportements de consommation des m\u00e9nages li\u00e9es aux mesures de confinement\ntouchant particuli\u00e8rement les activit\u00e9s impliquant des contacts (Fiche 1) ; <\/em><\/p>\n\n\n\n<p><em>\u25a0 0,7 point de PIB li\u00e9 \u00e0 la baisse de l&rsquo;investissement\n(Fiche 2) ; <\/em><\/p>\n\n\n\n<p><em>\u25a0 0,2 point de PIB r\u00e9sulte d&rsquo;autres effets de demande,\ndont l&rsquo;impact sur le solde commercial dont le tourisme (Fiche 5) ;<\/em><\/p>\n\n\n\n<p><em>&nbsp;\u25a0 0,3 point de\nPIB d\u00e9coule de la fermeture des \u00e9coles (Fiche 7). 12 millions d&rsquo;\u00e9l\u00e8ves sont\nconcern\u00e9s, et 1,2 million de salari\u00e9s (soit \u00e0 peu pr\u00e8s 5 % de la force de\ntravail en emploi) seraient emp\u00each\u00e9s de travailler pour cause de garde\nd&rsquo;enfants, en recourant \u00e0 des arr\u00eats de travail ou en provoquant de\nl&rsquo;absent\u00e9isme ; <\/em><\/p>\n\n\n\n<p><em>\u25a0 0,4 point de PIB provient de l&rsquo;effet du confinement de la main-d&rsquo;\u0153uvre et de la possibilit\u00e9 limit\u00e9e du t\u00e9l\u00e9travail pour certaines activit\u00e9s (Fiche 6), les difficult\u00e9s de l&rsquo;acc\u00e8s aux sites de travail, les proc\u00e9dures particuli\u00e8res ou l&rsquo;absent\u00e9isme pour diverses raisons (droit de retrait notamment), ainsi que l&#8217;emp\u00eachement de la production de certaines consommations interm\u00e9diaires.\u00a0\u00bb<\/em><\/p>\n\n\n\n<p>Pour lire le rapport complet cliquer <a href=\"https:\/\/www.ofce.sciences-po.fr\/pdf\/pbrief\/2020\/OFCEpbrief65.pdf\" target=\"_blank\" rel=\"noreferrer noopener\" aria-label=\"ici (s\u2019ouvre dans un nouvel onglet)\">ici<\/a>.<\/p>\n","protected":false},"excerpt":{"rendered":"<p>Ce qui nous pr\u00e9occupe, ce sont d&rsquo;abord les cons\u00e9quences sanitaires et sociales de la pand\u00e9mie. Pour le gouvernement de droite c&rsquo;est d&rsquo;abord les entreprises et leurs actionnaires, en n\u2019arr\u00eatant pas les activit\u00e9s non-essentielles. Mais il est aussi utile d&rsquo;avoir des donn\u00e9es sur les activit\u00e9s et leurs cons\u00e9quences sociales en terme d&#8217;emplois et d&rsquo;activit\u00e9s essentielles, activit\u00e9s [&hellip;]<\/p>\n","protected":false},"author":1,"featured_media":0,"comment_status":"closed","ping_status":"open","sticky":false,"template":"","format":"standard","meta":{"twitterCardType":"","cardImageID":0,"cardImage":"","cardTitle":"","cardDesc":"","cardImageAlt":"","cardPlayer":"","cardPlayerWidth":0,"cardPlayerHeight":0,"cardPlayerStream":"","cardPlayerCodec":"","footnotes":""},"categories":[62,11],"tags":[104,285],"class_list":["post-17089","post","type-post","status-publish","format-standard","hentry","category-le-rouge-le-vert-hebdo","category-politique-locale","tag-economie","tag-insee"],"_links":{"self":[{"href":"https:\/\/www.ades-grenoble.org\/wordpress\/wp-json\/wp\/v2\/posts\/17089","targetHints":{"allow":["GET"]}}],"collection":[{"href":"https:\/\/www.ades-grenoble.org\/wordpress\/wp-json\/wp\/v2\/posts"}],"about":[{"href":"https:\/\/www.ades-grenoble.org\/wordpress\/wp-json\/wp\/v2\/types\/post"}],"author":[{"embeddable":true,"href":"https:\/\/www.ades-grenoble.org\/wordpress\/wp-json\/wp\/v2\/users\/1"}],"replies":[{"embeddable":true,"href":"https:\/\/www.ades-grenoble.org\/wordpress\/wp-json\/wp\/v2\/comments?post=17089"}],"version-history":[{"count":1,"href":"https:\/\/www.ades-grenoble.org\/wordpress\/wp-json\/wp\/v2\/posts\/17089\/revisions"}],"predecessor-version":[{"id":17090,"href":"https:\/\/www.ades-grenoble.org\/wordpress\/wp-json\/wp\/v2\/posts\/17089\/revisions\/17090"}],"wp:attachment":[{"href":"https:\/\/www.ades-grenoble.org\/wordpress\/wp-json\/wp\/v2\/media?parent=17089"}],"wp:term":[{"taxonomy":"category","embeddable":true,"href":"https:\/\/www.ades-grenoble.org\/wordpress\/wp-json\/wp\/v2\/categories?post=17089"},{"taxonomy":"post_tag","embeddable":true,"href":"https:\/\/www.ades-grenoble.org\/wordpress\/wp-json\/wp\/v2\/tags?post=17089"}],"curies":[{"name":"wp","href":"https:\/\/api.w.org\/{rel}","templated":true}]}}