{"id":1716,"date":"2010-05-20T21:35:05","date_gmt":"2010-05-20T19:35:05","guid":{"rendered":"http:\/\/www.ades-grenoble.org\/wordpress\/?p=1716"},"modified":"2010-06-10T21:03:19","modified_gmt":"2010-06-10T19:03:19","slug":"rocade-nord-le-maire-renoncerait-au-debat-a-huis-clos","status":"publish","type":"post","link":"https:\/\/www.ades-grenoble.org\/wordpress\/2010\/05\/20\/rocade-nord-le-maire-renoncerait-au-debat-a-huis-clos\/","title":{"rendered":"Rocade nord : le maire renoncerait au d\u00e9bat \u00e0 huis-clos !"},"content":{"rendered":"<p><img loading=\"lazy\" decoding=\"async\" class=\"alignleft size-thumbnail wp-image-575\" style=\"margin: 5px; float: left;\" title=\"nitunnelniviaduc\" src=\"http:\/\/www.ades-grenoble.org\/wordpress\/wp-content\/uploads\/2009\/07\/nitunnelniviaduc-150x150.jpg\" alt=\"nitunnelniviaduc\" width=\"150\" height=\"150\" \/><a href=\"http:\/\/www.ades-grenoble.org\/wordpress\/2010\/05\/14\/rocade-nord-debat-a-huis-clos\/\" target=\"_self\">Le d\u00e9bat \u00e0 huis-clos sur la rocade serait abandonn\u00e9 <\/a>et une d\u00e9lib\u00e9ration sera pr\u00e9sent\u00e9e au conseil municipal du 14 juin 2010.<\/p>\n<p>Les grandes man\u0153uvres politiques continuent. Le Pr\u00e9sident du Conseil g\u00e9n\u00e9ral ne veut pas prendre position avant d\u2019avoir interrog\u00e9 la M\u00e9tro et la Ville de Grenoble.<\/p>\n<p>Bizarre, il ne demande pas l\u2019avis des communes de St Martin le Vinoux et de la Tronche, qui sont pourtant les premi\u00e8res int\u00e9ress\u00e9es\u00a0! Il ne demande pas l\u2019avis des habitants, pourtant il avait d\u00e9pens\u00e9 des centaines de milliers d\u2019euros pour une <a href=\"http:\/\/www.ades-grenoble.org\/wordpress\/2007\/07\/28\/la-parodie-de-consultation-en-cours-sur-la-rocade-nord-est-illegale\/\" target=\"_self\">consultation bidon lors de l\u2019\u00e9t\u00e9 2007<\/a>. Vous vous souvenez\u00a0: pr\u00e9f\u00e9rez vous \u00eatre riche et bien portant que pauvre et malade ?!<\/p>\n<p>En fait il s\u2019agit de se refiler le mistigri. Nos grands \u00e9lus ne savent pas comment se d\u00e9p\u00eatrer de ce projet qui ne tient pas la route et chacun voudrait que ce soit l\u2019autre qui dise non, pour ne pas avoir \u00e0 se d\u00e9juger devant son \u00e9lectorat, et surtout devant la Chambre de commerce.<\/p>\n<p>A La M\u00e9tro, M. Ba\u00efetto va r\u00e9affirmer le 28 mai qu\u2019il faut une rocade, mais \u00e9videmment sans s\u2019engager \u00e0 participer \u00e0 son financement. Les \u00e9lus grenoblois vont voter \u00e0 la M\u00e9tro avant de prendre position \u00e0 la Ville (le 14 juin),  c\u2019est la d\u00e9mocratie \u00e0 l\u2019envers.<\/p>\n","protected":false},"excerpt":{"rendered":"<p>Le d\u00e9bat \u00e0 huis-clos sur la rocade serait abandonn\u00e9 et une d\u00e9lib\u00e9ration sera pr\u00e9sent\u00e9e au conseil municipal du 14 juin 2010. Les grandes man\u0153uvres politiques continuent. Le Pr\u00e9sident du Conseil g\u00e9n\u00e9ral ne veut pas prendre position avant d\u2019avoir interrog\u00e9 la M\u00e9tro et la Ville de Grenoble. Bizarre, il ne demande pas l\u2019avis des communes de [&hellip;]<\/p>\n","protected":false},"author":1,"featured_media":0,"comment_status":"open","ping_status":"open","sticky":false,"template":"","format":"standard","meta":{"twitterCardType":"","cardImageID":0,"cardImage":"","cardTitle":"","cardDesc":"","cardImageAlt":"","cardPlayer":"","cardPlayerWidth":0,"cardPlayerHeight":0,"cardPlayerStream":"","cardPlayerCodec":"","footnotes":""},"categories":[62,41],"tags":[22,67,5,32,24],"class_list":["post-1716","post","type-post","status-publish","format-standard","hentry","category-le-rouge-le-vert-hebdo","category-rocade-nord-deplacements","tag-conseil-general-de-lisere","tag-conseil-municipal","tag-deplacements","tag-metro","tag-rocade-nord"],"_links":{"self":[{"href":"https:\/\/www.ades-grenoble.org\/wordpress\/wp-json\/wp\/v2\/posts\/1716","targetHints":{"allow":["GET"]}}],"collection":[{"href":"https:\/\/www.ades-grenoble.org\/wordpress\/wp-json\/wp\/v2\/posts"}],"about":[{"href":"https:\/\/www.ades-grenoble.org\/wordpress\/wp-json\/wp\/v2\/types\/post"}],"author":[{"embeddable":true,"href":"https:\/\/www.ades-grenoble.org\/wordpress\/wp-json\/wp\/v2\/users\/1"}],"replies":[{"embeddable":true,"href":"https:\/\/www.ades-grenoble.org\/wordpress\/wp-json\/wp\/v2\/comments?post=1716"}],"version-history":[{"count":7,"href":"https:\/\/www.ades-grenoble.org\/wordpress\/wp-json\/wp\/v2\/posts\/1716\/revisions"}],"predecessor-version":[{"id":1898,"href":"https:\/\/www.ades-grenoble.org\/wordpress\/wp-json\/wp\/v2\/posts\/1716\/revisions\/1898"}],"wp:attachment":[{"href":"https:\/\/www.ades-grenoble.org\/wordpress\/wp-json\/wp\/v2\/media?parent=1716"}],"wp:term":[{"taxonomy":"category","embeddable":true,"href":"https:\/\/www.ades-grenoble.org\/wordpress\/wp-json\/wp\/v2\/categories?post=1716"},{"taxonomy":"post_tag","embeddable":true,"href":"https:\/\/www.ades-grenoble.org\/wordpress\/wp-json\/wp\/v2\/tags?post=1716"}],"curies":[{"name":"wp","href":"https:\/\/api.w.org\/{rel}","templated":true}]}}