{"id":17160,"date":"2020-04-24T13:46:00","date_gmt":"2020-04-24T11:46:00","guid":{"rendered":"https:\/\/www.ades-grenoble.org\/wordpress\/?p=17160"},"modified":"2020-04-24T14:53:15","modified_gmt":"2020-04-24T12:53:15","slug":"plus-jamais-ca-preparons-le-jour-dapres","status":"publish","type":"post","link":"https:\/\/www.ades-grenoble.org\/wordpress\/2020\/04\/24\/plus-jamais-ca-preparons-le-jour-dapres\/","title":{"rendered":"Plus jamais \u00e7a : pr\u00e9parons le jour d\u2019apr\u00e8s !"},"content":{"rendered":"\n<div class=\"wp-block-image\"><figure class=\"alignleft\"><img loading=\"lazy\" decoding=\"async\" width=\"380\" height=\"190\" src=\"https:\/\/www.ades-grenoble.org\/wordpress\/wp-content\/uploads\/2020\/04\/PlusJamaisCa.jpg\" alt=\"\" class=\"wp-image-17161\" srcset=\"https:\/\/www.ades-grenoble.org\/wordpress\/wp-content\/uploads\/2020\/04\/PlusJamaisCa.jpg 380w, https:\/\/www.ades-grenoble.org\/wordpress\/wp-content\/uploads\/2020\/04\/PlusJamaisCa-150x75.jpg 150w, https:\/\/www.ades-grenoble.org\/wordpress\/wp-content\/uploads\/2020\/04\/PlusJamaisCa-300x150.jpg 300w\" sizes=\"auto, (max-width: 380px) 100vw, 380px\" \/><\/figure><\/div>\n\n\n\n<p>Des organisations ont lanc\u00e9 le\n7 avril un appel et une p\u00e9tition nationale pour proposer des mesures urgentes\net \u00e0 plus long terme, porteuses de profonds changements politiques. Cet appel\nest sign\u00e9 par : ATTAC, la CGT, les Amis de la Terre, la FSU, la Conf\u00e9d\u00e9ration\npaysanne, Greenpeace, Oxfam France, Solidaires, 350.org, ANV-COP21, CCFD Terre\nsolidaire, Alternatiba, Convergence Services publics, Copernic, Reclaim France,\nUNEF.<\/p>\n\n\n\n<p>Pour lire l\u2019appel cliquez <a rel=\"noreferrer noopener\" aria-label=\"ici (s\u2019ouvre dans un nouvel onglet)\" href=\"https:\/\/www.francetvinfo.fr\/sante\/maladie\/coronavirus\/tribune-plus-jamais-ca-18responsables-d-organisations-syndicales-associatives-et-environnementales-appellent-a-preparer-le-jour-dapres_3886345.html\" target=\"_blank\">ici<\/a><\/p>\n\n\n\n<p>Ces\norganisations, rejointes par d\u2019autres lancent maintenant une p\u00e9tition pour un jour d\u2019apr\u00e8s \u00e9cologique,\nf\u00e9ministe et social&nbsp;!<\/p>\n\n\n\n<!--more-->\n\n\n\n<p><em>\u00ab&nbsp;<\/em><strong><em>Face \u00e0\nl\u2019urgence sanitaire, des mesures de rupture sont n\u00e9cessaires.<\/em><\/strong><em>&nbsp;A la suite de la tribune \u00ab Plus jamais \u00e7a,\npr\u00e9parons le jour d\u2019apr\u00e8s \u00bb, les signataires de cette p\u00e9tition demandent au\ngouvernement de prendre imm\u00e9diatement 4 mesures :<\/em><\/p>\n\n\n\n<ol class=\"wp-block-list\"><li><em>L\u2019<strong>arr\u00eat\nimm\u00e9diat des activit\u00e9s non indispensables<\/strong>&nbsp;pour faire face \u00e0\nl\u2019\u00e9pid\u00e9mie.<\/em><\/li><li><em>Les&nbsp;<strong>r\u00e9quisitions\ndes \u00e9tablissements m\u00e9dicaux priv\u00e9s et des entreprises<\/strong>&nbsp;afin de produire\ndans l\u2019urgence masques, respirateurs et tout le mat\u00e9riel n\u00e9cessaire pour sauver\ndes vies.<\/em><\/li><li><em>La&nbsp;<strong>suspension\nimm\u00e9diate du versement par les entreprises de dividendes, rachats d\u2019actions et\nbonus aux PDG<\/strong>.<\/em><\/li><li><em>La\nd\u00e9cision de ne pas utiliser les&nbsp;<strong>750 milliards d\u2019euros de la BCE<\/strong>&nbsp;pour\nalimenter les march\u00e9s financiers mais uniquement pour&nbsp;<strong>financer les\nbesoins sociaux et \u00e9cologiques des populations<\/strong>.<\/em><\/li><\/ol>\n\n\n\n<p><em>Il ne s&rsquo;agit pas ensuite de relancer une \u00e9conomie profond\u00e9ment\ninsoutenable \u00e9cologiquement et socialement ! Nous demandons que s\u2019engagent sans\nplus attendre des politiques publiques de long terme pour ne plus jamais\nrevivre \u00e7a :<\/em><\/p>\n\n\n\n<ol class=\"wp-block-list\"><li><em>Un plan\nde&nbsp;<strong>d\u00e9veloppement de tous les services publics<\/strong>&nbsp; &nbsp;<\/em><\/li><li><em>Une&nbsp;<strong>fiscalit\u00e9 bien plus juste et\nredistributive<\/strong>, un imp\u00f4t sur les grandes fortunes, une taxe sur les\ntransactions financi\u00e8res et une v\u00e9ritable lutte contre l\u2019\u00e9vasion fiscale.&nbsp;<\/em><\/li><li><em>Un plan de&nbsp;<strong>r\u00e9orientation et de relocalisation\nsolidaire de l&rsquo;agriculture, de l&rsquo;industrie et des services<\/strong>, pour les rendre\nplus justes socialement, en mesure de satisfaire les besoins essentiels des\npopulations, de r\u00e9pondre \u00e0 la crise \u00e9cologique.<\/em><\/li><\/ol>\n\n\n\n<p><em>Mobilisons-nous d\u00e8s maintenant et donnons-nous rendez-vous le \u00ab\u00a0jour d&rsquo;apr\u00e8s\u00a0\u00bb pour r\u00e9investir les lieux publics pour&nbsp;<strong>reconstruire ensemble un futur, \u00e9cologique, social et d\u00e9mocratique, en rupture avec les politiques men\u00e9es<\/strong>.<\/em><\/p>\n\n\n\n<p>Pour signer la p\u00e9tition, voir <a rel=\"noreferrer noopener\" aria-label=\"l\u00e0 (s\u2019ouvre dans un nouvel onglet)\" href=\"https:\/\/france.attac.org\/se-mobiliser\/que-faire-face-au-coronavirus\/article\/petition-plus-jamais-ca-signons-pour-le-jour-d-apres\" target=\"_blank\">l\u00e0<\/a>.<\/p>\n","protected":false},"excerpt":{"rendered":"<p>Des organisations ont lanc\u00e9 le 7 avril un appel et une p\u00e9tition nationale pour proposer des mesures urgentes et \u00e0 plus long terme, porteuses de profonds changements politiques. Cet appel est sign\u00e9 par : ATTAC, la CGT, les Amis de la Terre, la FSU, la Conf\u00e9d\u00e9ration paysanne, Greenpeace, Oxfam France, Solidaires, 350.org, ANV-COP21, CCFD Terre [&hellip;]<\/p>\n","protected":false},"author":1,"featured_media":0,"comment_status":"closed","ping_status":"open","sticky":false,"template":"","format":"standard","meta":{"twitterCardType":"","cardImageID":0,"cardImage":"","cardTitle":"","cardDesc":"","cardImageAlt":"","cardPlayer":"","cardPlayerWidth":0,"cardPlayerHeight":0,"cardPlayerStream":"","cardPlayerCodec":"","footnotes":""},"categories":[62,11],"tags":[12,99,33],"class_list":["post-17160","post","type-post","status-publish","format-standard","hentry","category-le-rouge-le-vert-hebdo","category-politique-locale","tag-mobilisations","tag-sante","tag-social"],"_links":{"self":[{"href":"https:\/\/www.ades-grenoble.org\/wordpress\/wp-json\/wp\/v2\/posts\/17160","targetHints":{"allow":["GET"]}}],"collection":[{"href":"https:\/\/www.ades-grenoble.org\/wordpress\/wp-json\/wp\/v2\/posts"}],"about":[{"href":"https:\/\/www.ades-grenoble.org\/wordpress\/wp-json\/wp\/v2\/types\/post"}],"author":[{"embeddable":true,"href":"https:\/\/www.ades-grenoble.org\/wordpress\/wp-json\/wp\/v2\/users\/1"}],"replies":[{"embeddable":true,"href":"https:\/\/www.ades-grenoble.org\/wordpress\/wp-json\/wp\/v2\/comments?post=17160"}],"version-history":[{"count":2,"href":"https:\/\/www.ades-grenoble.org\/wordpress\/wp-json\/wp\/v2\/posts\/17160\/revisions"}],"predecessor-version":[{"id":17197,"href":"https:\/\/www.ades-grenoble.org\/wordpress\/wp-json\/wp\/v2\/posts\/17160\/revisions\/17197"}],"wp:attachment":[{"href":"https:\/\/www.ades-grenoble.org\/wordpress\/wp-json\/wp\/v2\/media?parent=17160"}],"wp:term":[{"taxonomy":"category","embeddable":true,"href":"https:\/\/www.ades-grenoble.org\/wordpress\/wp-json\/wp\/v2\/categories?post=17160"},{"taxonomy":"post_tag","embeddable":true,"href":"https:\/\/www.ades-grenoble.org\/wordpress\/wp-json\/wp\/v2\/tags?post=17160"}],"curies":[{"name":"wp","href":"https:\/\/api.w.org\/{rel}","templated":true}]}}