{"id":17199,"date":"2020-05-01T11:23:24","date_gmt":"2020-05-01T09:23:24","guid":{"rendered":"https:\/\/www.ades-grenoble.org\/wordpress\/?p=17199"},"modified":"2020-05-01T14:36:12","modified_gmt":"2020-05-01T12:36:12","slug":"pollution-atmospherique-un-decret-concernant-les-plans-de-protection-de-latmosphere","status":"publish","type":"post","link":"https:\/\/www.ades-grenoble.org\/wordpress\/2020\/05\/01\/pollution-atmospherique-un-decret-concernant-les-plans-de-protection-de-latmosphere\/","title":{"rendered":"Pollution atmosph\u00e9rique : un d\u00e9cret concernant les plans de protection de l\u2019atmosph\u00e8re"},"content":{"rendered":"\n<div class=\"wp-block-image\"><figure class=\"alignleft\"><img loading=\"lazy\" decoding=\"async\" width=\"307\" height=\"229\" src=\"https:\/\/www.ades-grenoble.org\/wordpress\/wp-content\/uploads\/2015\/04\/pollution-cuvette.jpg\" alt=\"\" class=\"wp-image-10041\" srcset=\"https:\/\/www.ades-grenoble.org\/wordpress\/wp-content\/uploads\/2015\/04\/pollution-cuvette.jpg 307w, https:\/\/www.ades-grenoble.org\/wordpress\/wp-content\/uploads\/2015\/04\/pollution-cuvette-150x112.jpg 150w, https:\/\/www.ades-grenoble.org\/wordpress\/wp-content\/uploads\/2015\/04\/pollution-cuvette-300x224.jpg 300w\" sizes=\"auto, (max-width: 307px) 100vw, 307px\" \/><\/figure><\/div>\n\n\n\n<p>Le\nd\u00e9cret n\u00b0 2020-483 du&nbsp;27 avril 2020&nbsp;modifie le code de\nl&rsquo;environnement en ce qui concerne les plans de protection de l&rsquo;atmosph\u00e8re\n(PPA), il impose une obligation de limiter les p\u00e9riodes de d\u00e9passement des\nnormes de qualit\u00e9 de l&rsquo;air \u00e0 la dur\u00e9e la plus courte possible&nbsp;!<\/p>\n\n\n\n<p>La\nnotice pr\u00e9cise&nbsp;: <em>\u00ab&nbsp;le d\u00e9cret renforce la mise en \u0153uvre des plans\nde protection de l&rsquo;atmosph\u00e8re et compl\u00e8te la transposition de l&rsquo;article 23 de\nla directive 2008\/50\/CE du Parlement europ\u00e9en et du Conseil modifi\u00e9e du 21 mai\n2008 concernant la qualit\u00e9 de l&rsquo;air ambiant et un air pur pour l&rsquo;Europe.&nbsp;\u00bb<\/em><\/p>\n\n\n\n<!--more-->\n\n\n\n<p>Les PPA tiennent lieu de plans\nrelatifs \u00e0 la qualit\u00e9 de l&rsquo;air pr\u00e9vus par l&rsquo;article 23 de la directive 2008\/50.\nArr\u00eat\u00e9s par les pr\u00e9fets, ils d\u00e9finissent les objectifs et les mesures,\npermettant de ramener, \u00e0 l\u2019int\u00e9rieur des agglom\u00e9rations de plus de\n250.000&nbsp;habitants et des zones o\u00f9 les valeurs cibles sont d\u00e9pass\u00e9es ou\nrisquent de l\u2019\u00eatre, les concentrations en polluants atmosph\u00e9riques \u00e0 des niveaux\ninf\u00e9rieurs aux normes fix\u00e9es \u00e0 l\u2019article R. 221.1 du code de\nl\u2019environnement.&nbsp;<\/p>\n\n\n\n<p>Il\ns\u2019agit pour le gouvernement de se prot\u00e9ger de la justice europ\u00e9enne car il a\n\u00e9t\u00e9 condamn\u00e9 par la Cour de Justice de l\u2019Union Europ\u00e9enne (CJUE) le 24 octobre\n2019 qui jugeait que la France avait manqu\u00e9 \u00e0\nson obligation de mise \u00e0 ex\u00e9cution de mesures \u00ab\u00a0<em>appropri\u00e9es et efficaces<\/em>\u00a0\u00bb\nd\u00e9taill\u00e9es par les plans d\u2019action relatifs \u00e0 la qualit\u00e9 de l\u2019air pour que la\np\u00e9riode de d\u00e9passement \u00ab\u00a0<em>soit la plus courte possible<\/em>\u00ab\u00a0.<\/p>\n\n\n\n<p>Le\nConseil d\u2019Etat avait lui aussi rappel\u00e9 \u00e0 l\u2019ordre le gouvernement en lui\nenjoignant d&rsquo;agir dans les meilleurs d\u00e9lais contre la pollution de l&rsquo;air aux\nparticules fines PM10 et au dioxyde d\u2019azote dans chacune des zones concern\u00e9es\npar des d\u00e9passements.&nbsp;<\/p>\n\n\n\n<p>Condamnation par la CJUE\u00a0 \u00e0 lire <a href=\"http:\/\/curia.europa.eu\/juris\/document\/document.jsf;jsessionid=8F8268F303A296B8836F555CFCDB79BB?text=&amp;docid=219452&amp;pageIndex=0&amp;doclang=fr&amp;mode=req&amp;dir=&amp;occ=first&amp;part=1&amp;cid=7302176\" target=\"_blank\" rel=\"noreferrer noopener\" aria-label=\"ici (s\u2019ouvre dans un nouvel onglet)\">ici<\/a>. <\/p>\n\n\n\n<p>L\u2019arr\u00eat du Conseil d\u2019Etat du 12 juillet 2017 est <a href=\"https:\/\/www.legifrance.gouv.fr\/affichJuriAdmin.do?oldAction=rechJuriAdmin&amp;idTexte=CETATEXT000035179854&amp;fastReqId=196706758&amp;fastPos=1\" target=\"_blank\" rel=\"noreferrer noopener\" aria-label=\"l\u00e0 (s\u2019ouvre dans un nouvel onglet)\">l\u00e0<\/a>.<\/p>\n\n\n\n<p>Le d\u00e9cret du 27 avril 2020 <a href=\"https:\/\/www.legifrance.gouv.fr\/eli\/decret\/2020\/4\/27\/TRER1923302D\/jo\/texte\" target=\"_blank\" rel=\"noreferrer noopener\" aria-label=\"en ligne (s\u2019ouvre dans un nouvel onglet)\">en ligne<\/a>.<br><\/p>\n","protected":false},"excerpt":{"rendered":"<p>Le d\u00e9cret n\u00b0 2020-483 du&nbsp;27 avril 2020&nbsp;modifie le code de l&rsquo;environnement en ce qui concerne les plans de protection de l&rsquo;atmosph\u00e8re (PPA), il impose une obligation de limiter les p\u00e9riodes de d\u00e9passement des normes de qualit\u00e9 de l&rsquo;air \u00e0 la dur\u00e9e la plus courte possible&nbsp;! La notice pr\u00e9cise&nbsp;: \u00ab&nbsp;le d\u00e9cret renforce la mise en \u0153uvre [&hellip;]<\/p>\n","protected":false},"author":1,"featured_media":0,"comment_status":"closed","ping_status":"open","sticky":false,"template":"","format":"standard","meta":{"twitterCardType":"","cardImageID":0,"cardImage":"","cardTitle":"","cardDesc":"","cardImageAlt":"","cardPlayer":"","cardPlayerWidth":0,"cardPlayerHeight":0,"cardPlayerStream":"","cardPlayerCodec":"","footnotes":""},"categories":[62,11],"tags":[196,122,99],"class_list":["post-17199","post","type-post","status-publish","format-standard","hentry","category-le-rouge-le-vert-hebdo","category-politique-locale","tag-etat","tag-pollution-atmospherique","tag-sante"],"_links":{"self":[{"href":"https:\/\/www.ades-grenoble.org\/wordpress\/wp-json\/wp\/v2\/posts\/17199","targetHints":{"allow":["GET"]}}],"collection":[{"href":"https:\/\/www.ades-grenoble.org\/wordpress\/wp-json\/wp\/v2\/posts"}],"about":[{"href":"https:\/\/www.ades-grenoble.org\/wordpress\/wp-json\/wp\/v2\/types\/post"}],"author":[{"embeddable":true,"href":"https:\/\/www.ades-grenoble.org\/wordpress\/wp-json\/wp\/v2\/users\/1"}],"replies":[{"embeddable":true,"href":"https:\/\/www.ades-grenoble.org\/wordpress\/wp-json\/wp\/v2\/comments?post=17199"}],"version-history":[{"count":1,"href":"https:\/\/www.ades-grenoble.org\/wordpress\/wp-json\/wp\/v2\/posts\/17199\/revisions"}],"predecessor-version":[{"id":17200,"href":"https:\/\/www.ades-grenoble.org\/wordpress\/wp-json\/wp\/v2\/posts\/17199\/revisions\/17200"}],"wp:attachment":[{"href":"https:\/\/www.ades-grenoble.org\/wordpress\/wp-json\/wp\/v2\/media?parent=17199"}],"wp:term":[{"taxonomy":"category","embeddable":true,"href":"https:\/\/www.ades-grenoble.org\/wordpress\/wp-json\/wp\/v2\/categories?post=17199"},{"taxonomy":"post_tag","embeddable":true,"href":"https:\/\/www.ades-grenoble.org\/wordpress\/wp-json\/wp\/v2\/tags?post=17199"}],"curies":[{"name":"wp","href":"https:\/\/api.w.org\/{rel}","templated":true}]}}