{"id":17208,"date":"2020-05-01T11:46:31","date_gmt":"2020-05-01T09:46:31","guid":{"rendered":"https:\/\/www.ades-grenoble.org\/wordpress\/?p=17208"},"modified":"2020-05-01T14:36:55","modified_gmt":"2020-05-01T12:36:55","slug":"action-fonciere-de-la-metropole-pour-le-logement","status":"publish","type":"post","link":"https:\/\/www.ades-grenoble.org\/wordpress\/2020\/05\/01\/action-fonciere-de-la-metropole-pour-le-logement\/","title":{"rendered":"Action fonci\u00e8re de la m\u00e9tropole pour le logement"},"content":{"rendered":"\n<div class=\"wp-block-image\"><figure class=\"alignleft\"><img loading=\"lazy\" decoding=\"async\" width=\"400\" height=\"165\" src=\"https:\/\/www.ades-grenoble.org\/wordpress\/wp-content\/uploads\/2017\/10\/lettrePLH.jpg\" alt=\"\" class=\"wp-image-13467\" srcset=\"https:\/\/www.ades-grenoble.org\/wordpress\/wp-content\/uploads\/2017\/10\/lettrePLH.jpg 400w, https:\/\/www.ades-grenoble.org\/wordpress\/wp-content\/uploads\/2017\/10\/lettrePLH-150x62.jpg 150w, https:\/\/www.ades-grenoble.org\/wordpress\/wp-content\/uploads\/2017\/10\/lettrePLH-300x124.jpg 300w\" sizes=\"auto, (max-width: 400px) 100vw, 400px\" \/><\/figure><\/div>\n\n\n\n<p>Dat\u00e9e\nde mars 2020, la 7<sup>\u00e8me<\/sup> lettre du PLH (Programme Local de l\u2019Habitat) de la\nm\u00e9tropole expose les outils de la strat\u00e9gie et de la r\u00e9gulation fonci\u00e8re\nutilis\u00e9s et mis \u00e0 disposition de tous.<\/p>\n\n\n\n<p>Cette\nlettre de 24 pages est organis\u00e9e en 5 parties&nbsp;: <\/p>\n\n\n\n<!--more-->\n\n\n\n<ol class=\"wp-block-list\"><li> L\u2019introduction traite de la ma\u00eetrise publique du foncier au service d\u2019une politique de l\u2019habitat syst\u00e9mique et globale <\/li><li>Pr\u00e9sentation de la strat\u00e9gie fonci\u00e8re globale de Grenoble-Alpes M\u00e9tropole<\/li><li>Les outils de la planification au service de la production de logements sociaux neufs : le PLH et le PLUi, les outils du PLUi pour la mixit\u00e9 sociale et pour anticiper l\u2019am\u00e9nagement du territoire : la zone d\u2019am\u00e9nagement diff\u00e9r\u00e9e (ZAD) <\/li><li>L\u2019action fonci\u00e8re au service de la production de logements sociaux neufs : acqu\u00e9rir du foncier ; accompagner financi\u00e8rement les projets : le fonds de minoration fonci\u00e8re de l&rsquo;EPFL ; aider \u00e0 l\u2019accession sociale \u00e0 la propri\u00e9t\u00e9 avec l\u2019Organisme de Foncier Solidaire (OFS) : le foncier bien commun, l\u2019avenir du logement abordable ? <\/li><li>Accompagner le renouvellement du parc priv\u00e9 existant : soutenir le renouvellement urbain du parc priv\u00e9 existant ; l\u2019intervention dans les quartiers anciens.<\/li><li><\/li><\/ol>\n\n\n\n<p>Pour lire la lettre compl\u00e8te cliquer <a href=\"https:\/\/www.grenoblealpesmetropole.fr\/269-l-observatoire-de-l-habitat.htm\" target=\"_blank\" rel=\"noreferrer noopener\" aria-label=\"ici (s\u2019ouvre dans un nouvel onglet)\">ici<\/a>.<\/p>\n","protected":false},"excerpt":{"rendered":"<p>Dat\u00e9e de mars 2020, la 7\u00e8me lettre du PLH (Programme Local de l\u2019Habitat) de la m\u00e9tropole expose les outils de la strat\u00e9gie et de la r\u00e9gulation fonci\u00e8re utilis\u00e9s et mis \u00e0 disposition de tous. Cette lettre de 24 pages est organis\u00e9e en 5 parties&nbsp;:<\/p>\n","protected":false},"author":1,"featured_media":0,"comment_status":"closed","ping_status":"open","sticky":false,"template":"","format":"standard","meta":{"twitterCardType":"","cardImageID":0,"cardImage":"","cardTitle":"","cardDesc":"","cardImageAlt":"","cardPlayer":"","cardPlayerWidth":0,"cardPlayerHeight":0,"cardPlayerStream":"","cardPlayerCodec":"","footnotes":""},"categories":[62,11],"tags":[66,280],"class_list":["post-17208","post","type-post","status-publish","format-standard","hentry","category-le-rouge-le-vert-hebdo","category-politique-locale","tag-logement","tag-metropole"],"_links":{"self":[{"href":"https:\/\/www.ades-grenoble.org\/wordpress\/wp-json\/wp\/v2\/posts\/17208","targetHints":{"allow":["GET"]}}],"collection":[{"href":"https:\/\/www.ades-grenoble.org\/wordpress\/wp-json\/wp\/v2\/posts"}],"about":[{"href":"https:\/\/www.ades-grenoble.org\/wordpress\/wp-json\/wp\/v2\/types\/post"}],"author":[{"embeddable":true,"href":"https:\/\/www.ades-grenoble.org\/wordpress\/wp-json\/wp\/v2\/users\/1"}],"replies":[{"embeddable":true,"href":"https:\/\/www.ades-grenoble.org\/wordpress\/wp-json\/wp\/v2\/comments?post=17208"}],"version-history":[{"count":1,"href":"https:\/\/www.ades-grenoble.org\/wordpress\/wp-json\/wp\/v2\/posts\/17208\/revisions"}],"predecessor-version":[{"id":17209,"href":"https:\/\/www.ades-grenoble.org\/wordpress\/wp-json\/wp\/v2\/posts\/17208\/revisions\/17209"}],"wp:attachment":[{"href":"https:\/\/www.ades-grenoble.org\/wordpress\/wp-json\/wp\/v2\/media?parent=17208"}],"wp:term":[{"taxonomy":"category","embeddable":true,"href":"https:\/\/www.ades-grenoble.org\/wordpress\/wp-json\/wp\/v2\/categories?post=17208"},{"taxonomy":"post_tag","embeddable":true,"href":"https:\/\/www.ades-grenoble.org\/wordpress\/wp-json\/wp\/v2\/tags?post=17208"}],"curies":[{"name":"wp","href":"https:\/\/api.w.org\/{rel}","templated":true}]}}