{"id":17225,"date":"2020-05-01T14:19:40","date_gmt":"2020-05-01T12:19:40","guid":{"rendered":"https:\/\/www.ades-grenoble.org\/wordpress\/?p=17225"},"modified":"2020-05-01T14:50:01","modified_gmt":"2020-05-01T12:50:01","slug":"avis-du-haut-conseil-de-la-sante-publique-24-avril","status":"publish","type":"post","link":"https:\/\/www.ades-grenoble.org\/wordpress\/2020\/05\/01\/avis-du-haut-conseil-de-la-sante-publique-24-avril\/","title":{"rendered":"Avis du Haut Conseil de la Sant\u00e9 Publique (24 avril)"},"content":{"rendered":"\n<div class=\"wp-block-image\"><figure class=\"alignleft\"><img loading=\"lazy\" decoding=\"async\" width=\"336\" height=\"175\" src=\"https:\/\/www.ades-grenoble.org\/wordpress\/wp-content\/uploads\/2020\/05\/HCSP.jpg\" alt=\"\" class=\"wp-image-17226\" srcset=\"https:\/\/www.ades-grenoble.org\/wordpress\/wp-content\/uploads\/2020\/05\/HCSP.jpg 336w, https:\/\/www.ades-grenoble.org\/wordpress\/wp-content\/uploads\/2020\/05\/HCSP-150x78.jpg 150w, https:\/\/www.ades-grenoble.org\/wordpress\/wp-content\/uploads\/2020\/05\/HCSP-300x156.jpg 300w\" sizes=\"auto, (max-width: 336px) 100vw, 336px\" \/><\/figure><\/div>\n\n\n\n<p><a href=\"https:\/\/www.hcsp.fr\/Explore.cgi\/avisrapportsdomaine?clefr=806\" target=\"_blank\" rel=\"noreferrer noopener\" aria-label=\"L'avis du HCSP, dat\u00e9 du 24 avril (s\u2019ouvre dans un nouvel onglet)\">L&rsquo;avis du HCSP, dat\u00e9 du 24 avril<\/a>, regroupe de nombreuses pr\u00e9conisations \u00ab\u00a0<em>relatives \u00e0 l\u2019adaptation des mesures barri\u00e8res et de distanciation sociale \u00e0 mettre en \u0153uvre hors champs sanitaire et m\u00e9dico-social\u00a0<\/em>\u00bb. <\/p>\n\n\n\n<p>Ces mesures\norganis\u00e9es en 20 chapitres&nbsp;sont tr\u00e8s utiles pour les collectivit\u00e9s locales.<\/p>\n\n\n\n<!--more-->\n\n\n\n<p>Par\nexemple&nbsp;: <\/p>\n\n\n\n<p><strong>Pour les transports en commun.\u00a0<\/strong><\/p>\n\n\n\n<p>Port\nsyst\u00e9matique d&rsquo;un masque grand public par les professionnels et les passagers\n\u00ab\u00a0<em>d\u00e8s lors que la distance d\u2019un m\u00e8tre ne pourrait \u00eatre respect\u00e9e<\/em>\u00ab\u00a0,\na\u00e9ration r\u00e9guli\u00e8re des espaces de transports, v\u00e9rification des syst\u00e8mes de\nventilation et de climatisation, nettoyage de chaque v\u00e9hicule lors du retour au\nterminal, mise \u00e0 disposition des distributeurs de produits hydro-alcooliques dans\nles transports en commun ou dans les abris bus, condamner un si\u00e8ge sur deux en\nquinconce\u2026 et \u00ab\u00a0<em>limiter l\u2019acc\u00e8s des moyens de transports aux personnes devant\nvraiment se d\u00e9placer\u00a0\u00bb.<\/em><\/p>\n\n\n\n<p><strong>Pour la restauration collective.\u00a0<\/strong><\/p>\n\n\n\n<p>Qu&rsquo;il\ns&rsquo;agisse de cantines scolaires ou d&rsquo;autres lieux de restauration collective, le\nHCSP \u00e9voque l&rsquo;opportunit\u00e9 d&rsquo;installer des \u00e9crans de type plexiglas. Au-del\u00e0 des\nop\u00e9rations de nettoyage, il \u00e9voque les sp\u00e9cificit\u00e9s de locaux rest\u00e9s vacants\npendant de longues semaines, vacance qui implique des op\u00e9rations d\u2019entretien et\nde purge du r\u00e9seau d\u2019eau froide et chaude (en suivant le m\u00eame protocole que\npour la surveillance des l\u00e9gionelles).<\/p>\n\n\n\n<p><strong><em>\u00ab&nbsp;Mesures barri\u00e8res et de distanciation physique en population\ng\u00e9n\u00e9rale<\/em><\/strong><\/p>\n\n\n\n<p><em>Le HCSP a\n\u00e9t\u00e9 interrog\u00e9 sur l\u2019adaptation des mesures barri\u00e8res et de distanciation\nsociale (hors champ sanitaire et m\u00e9dico-social), lors de la sortie du\nconfinement. Le HCSP demande de respecter les gestes barri\u00e8res, la distanciation\nphysique, les mesures d\u2019hygi\u00e8ne et les organisations individuelles et\ncollectives.<\/em><\/p>\n\n\n\n<p><em>Le HCSP\npr\u00e9cise que le port d\u2019un masque grand public, r\u00e9pondant aux sp\u00e9cifications\nnormatives, qu\u2019il soit fabriqu\u00e9 par des industriels ou par des particuliers,\nest une mesure compl\u00e9mentaire des mesures de distanciation physique, des autres\ngestes barri\u00e8res, d\u2019hygi\u00e8ne des mains, d\u2019a\u00e9ration des locaux et de nettoyage-d\u00e9sinfection\ndes surfaces. Le port de ces masques grand public trouve une justification en\npopulation g\u00e9n\u00e9rale pour des espaces clos, notamment mal a\u00e9r\u00e9s ou insuffisamment\nventil\u00e9s ou en milieu ext\u00e9rieur si la distance physique d\u2019au moins 1 m\u00e8tre ne\npeut \u00eatre respect\u00e9e ou garantie. <\/em><\/p>\n\n\n\n<p><em>Le HCSP\nd\u00e9taille dans son avis les mesures suivantes&nbsp;:<\/em><\/p>\n\n\n\n<ul class=\"wp-block-list\"><li><em>Distanciation physique hors activit\u00e9 physique<\/em><\/li><li><em>R\u00e9glementation des activit\u00e9s sportives<\/em><\/li><li><em>Limitation en nombre de personnes en espaces collectifs<\/em><\/li><li><em>Mesures barri\u00e8res<\/em><\/li><li><em>Hygi\u00e8ne des mains (HDM)<\/em><\/li><li><em>Masques grand public<\/em><\/li><li><em>Prise en charge du linge et le nettoyage\/d\u00e9sinfection des locaux<\/em><\/li><li><em>Mesures d\u2019\u00e9limination des d\u00e9chets<\/em><\/li><li><em>Mesures de gestion des effluents<\/em><\/li><li><em>Mesures sp\u00e9cifiques de nettoyage\/d\u00e9sinfection des espaces publics<\/em><\/li><li><em>Mesures d\u2019a\u00e9ration et de modification des syst\u00e8mes de ventilation<\/em><\/li><li><em>Nettoyage\/d\u00e9sinfection des locaux avant r\u00e9ouverture des \u00e9tablissements recevant du public (ERP)<\/em><\/li><li><em>Mesures sp\u00e9cifiques pour les transports en commun<\/em><\/li><li><em>Mesures dans les petites et grandes surfaces commerciales et march\u00e9s<\/em><\/li><li><em>Mesures sp\u00e9cifiques pour les piscines publiques<\/em><\/li><li><em>Mesures sp\u00e9cifiques pour le milieu scolaire<\/em><\/li><li><em>Mesures sp\u00e9cifiques pour le milieu professionnel<\/em><\/li><li><em>Mesures sp\u00e9cifiques pour la restauration collective<\/em><\/li><li><em>Mesures sp\u00e9cifiques pour lieux accueillants des personnes infect\u00e9es par le SARS-CoV-2<\/em><\/li><li><em>Mesures sp\u00e9cifiques pour les personnes \u00e0 forme grave de Covid-19 recevant des visites \u00e0 domicile \u00bb<\/em><\/li><\/ul>\n","protected":false},"excerpt":{"rendered":"<p>L&rsquo;avis du HCSP, dat\u00e9 du 24 avril, regroupe de nombreuses pr\u00e9conisations \u00ab\u00a0relatives \u00e0 l\u2019adaptation des mesures barri\u00e8res et de distanciation sociale \u00e0 mettre en \u0153uvre hors champs sanitaire et m\u00e9dico-social\u00a0\u00bb. Ces mesures organis\u00e9es en 20 chapitres&nbsp;sont tr\u00e8s utiles pour les collectivit\u00e9s locales.<\/p>\n","protected":false},"author":1,"featured_media":0,"comment_status":"closed","ping_status":"open","sticky":false,"template":"","format":"standard","meta":{"twitterCardType":"","cardImageID":0,"cardImage":"","cardTitle":"","cardDesc":"","cardImageAlt":"","cardPlayer":"","cardPlayerWidth":0,"cardPlayerHeight":0,"cardPlayerStream":"","cardPlayerCodec":"","footnotes":""},"categories":[62,11],"tags":[196,256,99],"class_list":["post-17225","post","type-post","status-publish","format-standard","hentry","category-le-rouge-le-vert-hebdo","category-politique-locale","tag-etat","tag-prevention","tag-sante"],"_links":{"self":[{"href":"https:\/\/www.ades-grenoble.org\/wordpress\/wp-json\/wp\/v2\/posts\/17225","targetHints":{"allow":["GET"]}}],"collection":[{"href":"https:\/\/www.ades-grenoble.org\/wordpress\/wp-json\/wp\/v2\/posts"}],"about":[{"href":"https:\/\/www.ades-grenoble.org\/wordpress\/wp-json\/wp\/v2\/types\/post"}],"author":[{"embeddable":true,"href":"https:\/\/www.ades-grenoble.org\/wordpress\/wp-json\/wp\/v2\/users\/1"}],"replies":[{"embeddable":true,"href":"https:\/\/www.ades-grenoble.org\/wordpress\/wp-json\/wp\/v2\/comments?post=17225"}],"version-history":[{"count":1,"href":"https:\/\/www.ades-grenoble.org\/wordpress\/wp-json\/wp\/v2\/posts\/17225\/revisions"}],"predecessor-version":[{"id":17227,"href":"https:\/\/www.ades-grenoble.org\/wordpress\/wp-json\/wp\/v2\/posts\/17225\/revisions\/17227"}],"wp:attachment":[{"href":"https:\/\/www.ades-grenoble.org\/wordpress\/wp-json\/wp\/v2\/media?parent=17225"}],"wp:term":[{"taxonomy":"category","embeddable":true,"href":"https:\/\/www.ades-grenoble.org\/wordpress\/wp-json\/wp\/v2\/categories?post=17225"},{"taxonomy":"post_tag","embeddable":true,"href":"https:\/\/www.ades-grenoble.org\/wordpress\/wp-json\/wp\/v2\/tags?post=17225"}],"curies":[{"name":"wp","href":"https:\/\/api.w.org\/{rel}","templated":true}]}}