{"id":17228,"date":"2020-05-01T14:24:26","date_gmt":"2020-05-01T12:24:26","guid":{"rendered":"https:\/\/www.ades-grenoble.org\/wordpress\/?p=17228"},"modified":"2020-05-01T14:50:04","modified_gmt":"2020-05-01T12:50:04","slug":"lavis-du-conseil-scientifique-20-avril","status":"publish","type":"post","link":"https:\/\/www.ades-grenoble.org\/wordpress\/2020\/05\/01\/lavis-du-conseil-scientifique-20-avril\/","title":{"rendered":"L\u2019avis du conseil scientifique (20 avril)"},"content":{"rendered":"\n<div class=\"wp-block-image\"><figure class=\"alignleft\"><img loading=\"lazy\" decoding=\"async\" width=\"380\" height=\"67\" src=\"https:\/\/www.ades-grenoble.org\/wordpress\/wp-content\/uploads\/2020\/05\/MinistereSante.jpg\" alt=\"\" class=\"wp-image-17229\" srcset=\"https:\/\/www.ades-grenoble.org\/wordpress\/wp-content\/uploads\/2020\/05\/MinistereSante.jpg 380w, https:\/\/www.ades-grenoble.org\/wordpress\/wp-content\/uploads\/2020\/05\/MinistereSante-150x26.jpg 150w, https:\/\/www.ades-grenoble.org\/wordpress\/wp-content\/uploads\/2020\/05\/MinistereSante-300x53.jpg 300w\" sizes=\"auto, (max-width: 380px) 100vw, 380px\" \/><\/figure><\/div>\n\n\n\n<p>Les membres du\n\u00ab\u00a0conseil scientifique\u00a0\u00bb plac\u00e9 aupr\u00e8s du gouvernement ont rendu le 20\navril un avis intitul\u00e9 \u00ab&nbsp;<em>Sortie progressive de confinement, pr\u00e9requis\net mesures phares<\/em>&nbsp;\u00bb &nbsp;(qui n\u2019a\n\u00e9t\u00e9 rendu public que 6 jours apr\u00e8s) ont produit le 24 avril une <em>\u00ab\u00a0note\ntransmise aux autorit\u00e9s nationales<\/em>\u00a0\u00bb sur \u00ab&nbsp;<em>Enfants, \u00e9coles et\nenvironnement familial dans le contexte de la crise COVID-19<\/em>&nbsp;\u00bb, rendue\npublique le 26 avril.<\/p>\n\n\n\n<p>Avec beaucoup\nde diplomatie, cet avis du conseil scientifique a clairement contest\u00e9 la\nd\u00e9cision irresponsable Macron prise le 13 avril 2020&nbsp;: <em>\u00ab&nbsp;Les\nmilieux scolaires et universitaires sont des lieux \u00e0 risque important de\ncontamination\u2026 Le Conseil scientifique estime n\u00e9cessaire de maintenir ferm\u00e9s ou\ninterdits tous les lieux et \u00e9v\u00e9nements qui ont pour objet ou cons\u00e9quence de\nrassembler du public en nombre important, qu\u2019il s\u2019agisse de salles ferm\u00e9es ou\nde lieux en plein air\u2026<\/em><\/p>\n\n\n\n<p><strong><em>En cons\u00e9quence, la Conseil scientifique\npropose de maintenir les cr\u00e8ches, les \u00e9coles, les coll\u00e8ges, les lyc\u00e9es et les\nuniversit\u00e9s ferm\u00e9s jusqu\u2019au mois de septembre.&nbsp;\u00bb<\/em><\/strong><em><\/em><\/p>\n\n\n\n<!--more-->\n\n\n\n<p>Quelques extraits de l\u2019avis et de la note du Conseil\nscientifique<\/p>\n\n\n\n<p>Avis&nbsp;:<\/p>\n\n\n\n<p><em>\u00ab&nbsp;Pr\u00e9requis\n1. Une gouvernance nationale unifi\u00e9e et coh\u00e9rente, y compris en cas de\nd\u00e9clinaisons r\u00e9gionales.<\/em><\/p>\n\n\n\n<p><em>Pr\u00e9requis\n2. Des h\u00f4pitaux et des services sanitaires reconstitu\u00e9s<\/em><\/p>\n\n\n\n<p><em>Pr\u00e9requis\n3. Des capacit\u00e9s d\u2019identification rapide des cas, de leurs contacts, et\nd\u2019isolement des patients et de tous les porteurs sains contagieux<\/em><\/p>\n\n\n\n<p><em>Pr\u00e9requis\n4. Un syst\u00e8me de surveillance \u00e9pid\u00e9miologique capable de d\u00e9tecter les nouveaux\ncas et une reprise de l\u2019\u00e9pid\u00e9mie<\/em><\/p>\n\n\n\n<p><em>Pr\u00e9requis\n5. Crit\u00e8res \u00e9pid\u00e9miologiques Le pilotage de la lev\u00e9e de confinement doit se\nfaire en monitorant des param\u00e8tres \u00e9pid\u00e9miologiques permettant d\u2019\u00e9valuer la\nperformance du nouveau syst\u00e8me d\u2019identification des cas, le risque \u00e9pid\u00e9mique\net le risque sanitaire<\/em><\/p>\n\n\n\n<p><em>Pr\u00e9requis\n6. Des stocks de protection mat\u00e9rielle pour l\u2019ensemble de la population\u2026<\/em><\/p>\n\n\n\n<p><em>&nbsp;Le gouvernement devra s\u2019assurer que l\u2019ensemble\ndes pr\u00e9requis tels que d\u00e9taill\u00e9s ci-dessus soient op\u00e9rationnels au moment de la\nsortie du confinement\u2026<\/em><\/p>\n\n\n\n<p><em>Trois\nsc\u00e9narios sont envisageables :<\/em><\/p>\n\n\n\n<p><em>i.\nLe confinement strict poursuivi jusqu\u2019\u00e0 l\u2019extinction du nombre de nouveaux cas\n;<\/em><\/p>\n\n\n\n<p><em>ii.\nLa sortie totale du confinement permettant d\u2019acqu\u00e9rir une immunit\u00e9 collective\nmais avec un risque inacceptable d\u2019une mortalit\u00e9 extr\u00eamement importante ;<\/em><\/p>\n\n\n\n<p><em>iii.\nLa poursuite de la strat\u00e9gie avec une lev\u00e9e progressive, prudente et monitor\u00e9e\ndu confinement et adaptation des mesures en fonction des r\u00e9sultats\n\u00e9pid\u00e9miologiques.<\/em><\/p>\n\n\n\n<p><em>Seul\nce dernier sc\u00e9nario a \u00e9t\u00e9 retenu par le Conseil scientifique et est pr\u00e9sent\u00e9\nci-dessous\u2026<\/em><\/p>\n\n\n\n<p><em>2.\nLes r\u00e8gles g\u00e9n\u00e9rales de la lev\u00e9e de confinement : maintien de la distanciation\nsociale et renforcement des gestes barri\u00e8res<\/em><\/p>\n\n\n\n<p><em>Seul\nle respect de r\u00e8gles limitant strictement la circulation du virus permet\nd\u2019envisager la lev\u00e9e du confinement\u2026<\/em><\/p>\n\n\n\n<p><em>b)\nLes lieux qui sont en espaces clos\u2026<\/em><\/p>\n\n\n\n<p><em>Le\nConseil scientifique appelle l\u2019attention des autorit\u00e9s sur la question\nparticuli\u00e8re des transports en commun et des transports collectifs. Le non respect\ndes r\u00e8gles de distance physique d\u2019un m\u00e8tre de part et d\u2019autre que les usagers\nportent ou non un masque de protection, constitue un vecteur important de la\ntransmission du virus, tant en termes de vitesse que de volume, ce qui pourrait\nconduire \u00e0 la reprise incontr\u00f4lable de l\u2019\u00e9pid\u00e9mie.<\/em><\/p>\n\n\n\n<p><em>c)\nMaintien de la fermeture des lieux de rassemblement du public<\/em><\/p>\n\n\n\n<p><em>Le\nConseil scientifique estime n\u00e9cessaire de maintenir ferm\u00e9s ou interdits tous\nles lieux et \u00e9v\u00e9nements qui ont pour objet ou cons\u00e9quence de rassembler du public\nen nombre important, qu\u2019il s\u2019agisse de salles ferm\u00e9es ou de lieux en plein air\u2026<\/em><\/p>\n\n\n\n<p><em>4.\nLes r\u00e8gles applicables \u00e0 des populations particuli\u00e8res \u00e0 risque de formes\ngraves et\/ou risque de transmission&#8230;<\/em><\/p>\n\n\n\n<p><em>&nbsp;b) Les populations de moins de 25 ans<\/em><\/p>\n\n\n\n<p><em>En\nl\u2019\u00e9tat actuel des connaissances au plan \u00e9pid\u00e9mique, le risque de formes graves\nest faible dans cette population. Le risque de contagiosit\u00e9 individuelle chez\nles jeunes enfants est incertain, mais parait faible. A l\u2019inverse, le risque de\ntransmission est important dans les lieux de regroupement massif que sont les\n\u00e9coles et les universit\u00e9s, avec des mesures barri\u00e8res particuli\u00e8rement\ndifficiles \u00e0 mettre en \u0153uvre chez les plus jeunes.<\/em><\/p>\n\n\n\n<p><em>En\ncons\u00e9quence, la Conseil scientifique propose de maintenir les cr\u00e8ches, les\n\u00e9coles, les coll\u00e8ges, les lyc\u00e9es et les universit\u00e9s ferm\u00e9s jusqu\u2019au mois de\nseptembre.<\/em><\/p>\n\n\n\n<p><em>Fiche\n2\u2026 Les jeunes en milieu scolaire ou universitaire<\/em><\/p>\n\n\n\n<p><em>Cette\npopulation (15 millions de personnes) est peu \u00e0 risque de formes graves mais est\nexpos\u00e9e \u00e0 un fort risque de contamination et peut repr\u00e9senter un vecteur de\ncontamination vers les personnes plus \u00e2g\u00e9es. Les milieux scolaires et\nuniversitaires sont des lieux \u00e0 risque important de contamination.&nbsp;\u00bb<\/em><\/p>\n\n\n\n<p><em>Fiche\n5\u2026 La sortie du confinement devra s\u2019appuyer sur un syst\u00e8me de surveillance\n\u00e9pid\u00e9miologique op\u00e9rationnel, r\u00e9actif, et fiable&nbsp;\u00bb<\/em><\/p>\n\n\n\n<p>Le Conseil\nscientifique a \u00e9t\u00e9 contraint d\u2019\u00e9mettre une note \u00ab&nbsp;Enfants, \u00e9coles et\nenvironnement familial dans le contexte de la crise COVID-19&nbsp;\u00bb&nbsp;:<\/p>\n\n\n\n<p><em>\u00ab&nbsp;Le\nConseil scientifique a pris acte de la d\u00e9cision politique de r\u00e9ouverture\nprudente et progressive des \u00e9tablissements scolaires \u00e0 partir du 11 mai prenant\nen compte les enjeux sanitaires mais aussi soci\u00e9taux et \u00e9conomiques. Il incombe\naux autorit\u00e9s de s\u2019assurer que les mesures sanitaires d\u00e9taill\u00e9es ci-dessous\nsoient op\u00e9rationnelles au moment de l\u2019ouverture de chaque \u00e9tablissement\nscolaire et d\u2019assurer la coordination entre l\u2019\u00e9ducation nationale et les autres\nacteurs intervenant en milieu scolaire (mairies, conseils d\u00e9partementaux,\nconseils r\u00e9gionaux\u2026).&nbsp;\u00bb<\/em><\/p>\n\n\n\n<p>Pour lire l\u2019int\u00e9gralit\u00e9 de l\u2019avis et de la note voir <a href=\"https:\/\/solidarites-sante.gouv.fr\/actualites\/presse\/dossiers-de-presse\/article\/covid-19-conseil-scientifique-covid-19\" target=\"_blank\" rel=\"noreferrer noopener\" aria-label=\"ici (s\u2019ouvre dans un nouvel onglet)\">ici<\/a>. <\/p>\n","protected":false},"excerpt":{"rendered":"<p>Les membres du \u00ab\u00a0conseil scientifique\u00a0\u00bb plac\u00e9 aupr\u00e8s du gouvernement ont rendu le 20 avril un avis intitul\u00e9 \u00ab&nbsp;Sortie progressive de confinement, pr\u00e9requis et mesures phares&nbsp;\u00bb &nbsp;(qui n\u2019a \u00e9t\u00e9 rendu public que 6 jours apr\u00e8s) ont produit le 24 avril une \u00ab\u00a0note transmise aux autorit\u00e9s nationales\u00a0\u00bb sur \u00ab&nbsp;Enfants, \u00e9coles et environnement familial dans le contexte de [&hellip;]<\/p>\n","protected":false},"author":1,"featured_media":0,"comment_status":"closed","ping_status":"open","sticky":false,"template":"","format":"standard","meta":{"twitterCardType":"","cardImageID":0,"cardImage":"","cardTitle":"","cardDesc":"","cardImageAlt":"","cardPlayer":"","cardPlayerWidth":0,"cardPlayerHeight":0,"cardPlayerStream":"","cardPlayerCodec":"","footnotes":""},"categories":[62,11],"tags":[196,99],"class_list":["post-17228","post","type-post","status-publish","format-standard","hentry","category-le-rouge-le-vert-hebdo","category-politique-locale","tag-etat","tag-sante"],"_links":{"self":[{"href":"https:\/\/www.ades-grenoble.org\/wordpress\/wp-json\/wp\/v2\/posts\/17228","targetHints":{"allow":["GET"]}}],"collection":[{"href":"https:\/\/www.ades-grenoble.org\/wordpress\/wp-json\/wp\/v2\/posts"}],"about":[{"href":"https:\/\/www.ades-grenoble.org\/wordpress\/wp-json\/wp\/v2\/types\/post"}],"author":[{"embeddable":true,"href":"https:\/\/www.ades-grenoble.org\/wordpress\/wp-json\/wp\/v2\/users\/1"}],"replies":[{"embeddable":true,"href":"https:\/\/www.ades-grenoble.org\/wordpress\/wp-json\/wp\/v2\/comments?post=17228"}],"version-history":[{"count":1,"href":"https:\/\/www.ades-grenoble.org\/wordpress\/wp-json\/wp\/v2\/posts\/17228\/revisions"}],"predecessor-version":[{"id":17230,"href":"https:\/\/www.ades-grenoble.org\/wordpress\/wp-json\/wp\/v2\/posts\/17228\/revisions\/17230"}],"wp:attachment":[{"href":"https:\/\/www.ades-grenoble.org\/wordpress\/wp-json\/wp\/v2\/media?parent=17228"}],"wp:term":[{"taxonomy":"category","embeddable":true,"href":"https:\/\/www.ades-grenoble.org\/wordpress\/wp-json\/wp\/v2\/categories?post=17228"},{"taxonomy":"post_tag","embeddable":true,"href":"https:\/\/www.ades-grenoble.org\/wordpress\/wp-json\/wp\/v2\/tags?post=17228"}],"curies":[{"name":"wp","href":"https:\/\/api.w.org\/{rel}","templated":true}]}}