{"id":17235,"date":"2020-05-01T14:35:47","date_gmt":"2020-05-01T12:35:47","guid":{"rendered":"https:\/\/www.ades-grenoble.org\/wordpress\/?p=17235"},"modified":"2020-05-01T14:50:14","modified_gmt":"2020-05-01T12:50:14","slug":"le-deconfinement-doit-etre-defini-et-assume-par-le-gouvernement","status":"publish","type":"post","link":"https:\/\/www.ades-grenoble.org\/wordpress\/2020\/05\/01\/le-deconfinement-doit-etre-defini-et-assume-par-le-gouvernement\/","title":{"rendered":"Le d\u00e9confinement doit \u00eatre d\u00e9fini et assum\u00e9 par le gouvernement"},"content":{"rendered":"\n<div class=\"wp-block-image\"><figure class=\"alignleft\"><img loading=\"lazy\" decoding=\"async\" width=\"293\" height=\"258\" src=\"https:\/\/www.ades-grenoble.org\/wordpress\/wp-content\/uploads\/2017\/04\/Logo-Ades-web.jpg\" alt=\"\" class=\"wp-image-12873\" srcset=\"https:\/\/www.ades-grenoble.org\/wordpress\/wp-content\/uploads\/2017\/04\/Logo-Ades-web.jpg 293w, https:\/\/www.ades-grenoble.org\/wordpress\/wp-content\/uploads\/2017\/04\/Logo-Ades-web-150x132.jpg 150w\" sizes=\"auto, (max-width: 293px) 100vw, 293px\" \/><\/figure><\/div>\n\n\n\n<p>Alors que\nl\u2019ex\u00e9cutif gouvernemental avait soumis ses d\u00e9cisions aux pr\u00e9conisations des\nscientifiques pour organiser le confinement, maintenant, de par la volont\u00e9 jupit\u00e9rienne\ndu Pr\u00e9sident de la R\u00e9publique Macron ce sera la grande d\u00e9brouille pour d\u00e9marrer\nun d\u00e9confinement partiel le 11 mai. Le Premier ministre a \u00e9t\u00e9 plus prudent en\nindiquant que si la situation sanitaire ne le permettait pas, il n\u2019y aurait pas\nde d\u00e9confinement le 11 mai.<\/p>\n\n\n\n<p>Avant de\nd\u00e9finir une politique publique du d\u00e9confinement il est n\u00e9cessaire de disposer\net prendre connaissance des donn\u00e9es sanitaires, \u00e9pid\u00e9miologiques et des donn\u00e9es\nsur les moyens humains et en \u00e9quipements, ainsi que des analyses du Haut Conseil\nde la Sant\u00e9 Publique, du Conseil scientifique d\u00e9cid\u00e9 par Macron (voir articles\n\u00e0 ce sujet). Il faudrait aussi avoir connaissance des donn\u00e9es concernant les\ncommandes, actes de livraisons, \u00e9tat des stocks des masques, des lunettes, des\nblouses, des tests, des respirateurs, des m\u00e9dicaments\u2026 C\u2019est toujours le plus\ngrand flou.<\/p>\n\n\n\n<!--more-->\n\n\n\n<p>La\nd\u00e9cision de r\u00e9ouverture des cr\u00e8ches et classes annonc\u00e9e le 13 avril 2020 par\nMacron sans analyse pr\u00e9alable s\u00e9rieuse et sans m\u00eame consulter son Conseil\nscientifique qu\u2019il s\u2019\u00e9tait engag\u00e9 \u00e0 consulter (et qui \u00e9mettra un avis ferme le\n20 avril 2020 pour repousser en septembre toutes les r\u00e9ouvertures), a mis sous\ncontrainte ses ministres qui ont eux-m\u00eames renvoy\u00e9 la responsabilit\u00e9 aux \u00e9lu\u00b7es\nlocaux et chefs d\u2019\u00e9tablissements (bravo l\u2019hypocrisie de la d\u00e9centralisation).<\/p>\n\n\n\n<p>Les\nconditions sanitaires, en personnels et moyens, sociales, de telles\nr\u00e9ouvertures ne sont pas actuellement remplies. Une seule bonne nouvelle annonc\u00e9e\npar le Premier ministre, le report de l\u2019application num\u00e9rique StopCovid (voir\narticle). Le gouvernement a pr\u00e9vu de nouvelles lois et des d\u00e9crets qui vont\npr\u00e9ciser les dispositions pr\u00e9vues et m\u00eame probablement une nouvelle loi sur\nl\u2019urgence sanitaire qui serait prolong\u00e9e de deux mois apr\u00e8s fin mai.<\/p>\n\n\n\n<p>Il est\nclair qu\u2019il n\u2019y aura pas de d\u00e9finition de grandes lignes d\u2019un monde d\u2019apr\u00e8s, le\ngouvernement navigue \u00e0 vue pour remettre aussi vite que possible sur pied le\nmonde d\u2019avant. Les ministres de droite, de l\u2019\u00e9conomie et du travail, ont clairement\nannonc\u00e9 que le but de cette mise en \u00e9cole des enfants \u00e9tait de remettre au\ntravail les parents. <\/p>\n\n\n\n<p>Rien,\ndans le discours du Premier ministre sur le renforcement des services publics\nvitaux et essentiels, rien sur la r\u00e9orientation des politiques sociales\n(augmentation du ch\u00f4mage, difficult\u00e9s d\u2019alimentation et de logement pour les\nplus pr\u00e9caires, difficult\u00e9s pour les bailleurs sociaux\u2026) et aucune proposition\npour s\u2019attaquer aux in\u00e9galit\u00e9s notamment celles de notre syst\u00e8me d\u2019\u00e9ducation. <\/p>\n\n\n\n<p>L\u2019appel\nau volontariat des parents pour remettre ou non leurs enfants \u00e0 l\u2019\u00e9cole va \u00e0\nl\u2019encontre de la n\u00e9cessit\u00e9 imp\u00e9rieuse de privil\u00e9gier des crit\u00e8res \u00e9ducatifs et\nsociaux, les enfants qui ont d\u00e9croch\u00e9 et que les enseignants connaissent.\nL\u2019\u00e9ducation est une obligation de l\u2019Etat comme l\u2019indique le pr\u00e9ambule de la&nbsp;Constitution&nbsp;du 27 octobre\n1946 qui fait partie du bloc constitutionnel&nbsp;:<em> \u00ab&nbsp;l&rsquo;organisation de\nl&rsquo;enseignement public gratuit et la\u00efque \u00e0 tous les degr\u00e9s est un devoir de\nl&rsquo;\u00c9tat<\/em>&nbsp;\u00bb.<\/p>\n\n\n\n<p>On a bien\ncompris dans les propos du premier ministre qu\u2019il voulait transf\u00e9rer sur les\nacteurs locaux, la responsabilit\u00e9 de prendre les mesures concr\u00e8tes : ex\u00e9cutifs\nlocaux, responsables locaux des services publics, directeurs d\u2019\u00e9cole, de\ncr\u00e8ches\u2026 Alors que suite \u00e0 un dialogue local n\u00e9cessaire ce doit \u00eatre aux\npr\u00e9fets et aux recteurs d\u2019arr\u00eater les dispositifs choisis et d\u2019en assumer la\nresponsabilit\u00e9 pour le gouvernement.<\/p>\n\n\n\n<p>Les \u00e9lu\u00b7es\nlocaux doivent \u00eatre tr\u00e8s prudent\u00b7es et exiger un cadre r\u00e8glementaire clair pour\norganiser le d\u00e9but d\u2019un d\u00e9confinement quand la situation sanitaire le permettra\net quand les conditions en personnel et moyens seront remplies, dont le\nfinancement des surco\u00fbts qui n\u2019est toujours pas pris en compte par le gouvernement.<\/p>\n\n\n\n<p>Au lieu\ndu grand et risqu\u00e9 bricolage propos\u00e9 par le gouvernement, c\u2019est le moment de\nr\u00e9fl\u00e9chir et de faire des propositions pour organiser le monde des semaines et\nmois qui viennent, dans les conditions nouvelles en pr\u00e9sence du coronavirus, et\nle monde d\u2019apr\u00e8s.<\/p>\n\n\n\n<p>Une pr\u00e9cision \u00e0 propos de la distribution des masques \u00e0 la population, la CNIL donne ses recommandations le 28 avril quant \u00e0 la mobilisation de fichiers existants et la constitution de nouveaux traitements de donn\u00e9es : \u00e0 lire <a href=\"https:\/\/www.cnil.fr\/fr\/covid-19-les-traitements-de-donnees-associes-aux-operations-de-distribution-de-masques\" target=\"_blank\" rel=\"noreferrer noopener\" aria-label=\"ici (s\u2019ouvre dans un nouvel onglet)\">ici<\/a>.<a href=\"https:\/\/www.cnil.fr\/fr\/covid-19-les-traitements-de-donnees-associes-aux-operations-de-distribution-de-masques\"><\/a><\/p>\n","protected":false},"excerpt":{"rendered":"<p>Alors que l\u2019ex\u00e9cutif gouvernemental avait soumis ses d\u00e9cisions aux pr\u00e9conisations des scientifiques pour organiser le confinement, maintenant, de par la volont\u00e9 jupit\u00e9rienne du Pr\u00e9sident de la R\u00e9publique Macron ce sera la grande d\u00e9brouille pour d\u00e9marrer un d\u00e9confinement partiel le 11 mai. Le Premier ministre a \u00e9t\u00e9 plus prudent en indiquant que si la situation sanitaire [&hellip;]<\/p>\n","protected":false},"author":1,"featured_media":0,"comment_status":"closed","ping_status":"open","sticky":false,"template":"","format":"standard","meta":{"twitterCardType":"","cardImageID":0,"cardImage":"","cardTitle":"","cardDesc":"","cardImageAlt":"","cardPlayer":"","cardPlayerWidth":0,"cardPlayerHeight":0,"cardPlayerStream":"","cardPlayerCodec":"","footnotes":""},"categories":[62,11],"tags":[143,163,99],"class_list":["post-17235","post","type-post","status-publish","format-standard","hentry","category-le-rouge-le-vert-hebdo","category-politique-locale","tag-ades","tag-ecoles","tag-sante"],"_links":{"self":[{"href":"https:\/\/www.ades-grenoble.org\/wordpress\/wp-json\/wp\/v2\/posts\/17235","targetHints":{"allow":["GET"]}}],"collection":[{"href":"https:\/\/www.ades-grenoble.org\/wordpress\/wp-json\/wp\/v2\/posts"}],"about":[{"href":"https:\/\/www.ades-grenoble.org\/wordpress\/wp-json\/wp\/v2\/types\/post"}],"author":[{"embeddable":true,"href":"https:\/\/www.ades-grenoble.org\/wordpress\/wp-json\/wp\/v2\/users\/1"}],"replies":[{"embeddable":true,"href":"https:\/\/www.ades-grenoble.org\/wordpress\/wp-json\/wp\/v2\/comments?post=17235"}],"version-history":[{"count":1,"href":"https:\/\/www.ades-grenoble.org\/wordpress\/wp-json\/wp\/v2\/posts\/17235\/revisions"}],"predecessor-version":[{"id":17236,"href":"https:\/\/www.ades-grenoble.org\/wordpress\/wp-json\/wp\/v2\/posts\/17235\/revisions\/17236"}],"wp:attachment":[{"href":"https:\/\/www.ades-grenoble.org\/wordpress\/wp-json\/wp\/v2\/media?parent=17235"}],"wp:term":[{"taxonomy":"category","embeddable":true,"href":"https:\/\/www.ades-grenoble.org\/wordpress\/wp-json\/wp\/v2\/categories?post=17235"},{"taxonomy":"post_tag","embeddable":true,"href":"https:\/\/www.ades-grenoble.org\/wordpress\/wp-json\/wp\/v2\/tags?post=17235"}],"curies":[{"name":"wp","href":"https:\/\/api.w.org\/{rel}","templated":true}]}}