{"id":17241,"date":"2020-05-08T11:23:31","date_gmt":"2020-05-08T09:23:31","guid":{"rendered":"https:\/\/www.ades-grenoble.org\/wordpress\/?p=17241"},"modified":"2020-05-08T13:16:20","modified_gmt":"2020-05-08T11:16:20","slug":"covid-19-et-encore-une-affaire-de-masques","status":"publish","type":"post","link":"https:\/\/www.ades-grenoble.org\/wordpress\/2020\/05\/08\/covid-19-et-encore-une-affaire-de-masques\/","title":{"rendered":"Covid-19 : et encore une affaire de masques"},"content":{"rendered":"\n<div class=\"wp-block-image\"><figure class=\"alignleft\"><img loading=\"lazy\" decoding=\"async\" width=\"400\" height=\"97\" src=\"https:\/\/www.ades-grenoble.org\/wordpress\/wp-content\/uploads\/2020\/05\/syndicatsTravail.jpg\" alt=\"\" class=\"wp-image-17242\" srcset=\"https:\/\/www.ades-grenoble.org\/wordpress\/wp-content\/uploads\/2020\/05\/syndicatsTravail.jpg 400w, https:\/\/www.ades-grenoble.org\/wordpress\/wp-content\/uploads\/2020\/05\/syndicatsTravail-150x36.jpg 150w, https:\/\/www.ades-grenoble.org\/wordpress\/wp-content\/uploads\/2020\/05\/syndicatsTravail-300x73.jpg 300w\" sizes=\"auto, (max-width: 400px) 100vw, 400px\" \/><\/figure><\/div>\n\n\n\n<p>L\u2019intersyndicale\nCGT-SUD-FSU du CHSCT du Minist\u00e8re du travail tire le signal d\u2019alarme depuis de\nlongues semaines sur la mise en danger des agents du Minist\u00e8re du travail. Le\nCHSCT vote le recours \u00e0 un expert suite \u00e0 la mise \u00e0 disposition des agents de\nmasques non conformes.<\/p>\n\n\n\n<p>Le 6 mai,\nl\u2019intersyndicale a fait le communiqu\u00e9 suivant&nbsp;: <\/p>\n\n\n\n<p><strong><em>\u00ab&nbsp;Nous\nvoulons des masques efficaces et conformes !<\/em><\/strong><\/p>\n\n\n\n<!--more-->\n\n\n\n<p><em>Le 23 avril\ndernier, les organisations CGT, SUD et FSU-SNUTEFE alertaient le Minist\u00e8re du\ntravail sur le fait que les 60 000 masques non sanitaires command\u00e9s pour\nprot\u00e9ger notamment les agent.es de l&rsquo;inspection du travail des contaminations\ndues au COVID 19 ne prot\u00e9geaient pas les agent.es au regard de la notice qui\nindique \u00ab ce produit ne prot\u00e8ge pas des contaminations virales ou infectieuses \u00bb.<\/em><\/p>\n\n\n\n<p><em>Il aura\nfallu onze jours pour que le secr\u00e9taire adjoint des Minist\u00e8res sociaux, reconnaisse\nle risque grave li\u00e9 \u00e0 l&rsquo;utilisation de ces masques et demande \u00ab \u00e0 suspendre\nl&rsquo;utilisation de ces masques et \u00e0 r\u00e9cup\u00e9rer ceux d&rsquo;entre eux d\u00e9j\u00e0 distribu\u00e9s \u00bb.<\/em><\/p>\n\n\n\n<p><em>Cependant, le Minist\u00e8re du travail continue \u00e0 faire la promotion des masques \u00ab grands publics \u00bb. Pire le Premier Ministre n&rsquo;h\u00e9site \u00e0 pas \u00e0 mentir en indiquant le 19 avril dernier que : \u00ab les masques grand public nous paraissent, apr\u00e8s \u00e9tude, apr\u00e8s certification, apr\u00e8s normalisation, \u00eatre \u00e0 m\u00eame de garantir la s\u00e9curit\u00e9 sanitaire de ceux qui en disposent \u00bb alors qu&rsquo;il s\u2019agit d\u2019une simple sp\u00e9cification de l&rsquo;AFNOR, pas de test de certification et encore moins d\u2019une \u00e9tude scientifique sur leur efficacit\u00e9. Laisser penser que les masques \u00ab grand public \u00bb prot\u00e8gent du coronavirus dans toutes les configurations est une politique criminelle.<\/em><\/p>\n\n\n\n<p><em>Concernant\nles agent.es du Minist\u00e8re du Travail, nos 3 syndicats ont d\u00e9montr\u00e9 en s\u00e9ance<\/em><\/p>\n\n\n\n<ul class=\"wp-block-list\"><li><em>le refus du DRH des Minist\u00e8res sociaux-Pr\u00e9sident du CHSCT-M de consulter cette instance sur le choix des masques en violation des dispositions de l\u2019article R.4323-97 du code du travail.<\/em><\/li><li><em>l\u2019inad\u00e9quation des masques fournis face aux risques rencontr\u00e9s par les agent.es de l\u2019inspection du travail en situation professionnelle de contr\u00f4le en entreprise avec risque Covid majeur (par exemple suite \u00e0 un droit d\u2019alerte de repr\u00e9sentant.es du personnel ou de salari\u00e9.es), inad\u00e9quation confirm\u00e9e par les inspecteurs.trices Sant\u00e9 S\u00e9curit\u00e9 au Travail (ISST) de l\u2019IGAS qui ont appuy\u00e9, par courrier du 30 avril dernier au DRH des Minist\u00e8re sociaux, nos demandes constantes d\u2019avoir des masques types FFP2 ou FFP3 pour ces contr\u00f4les.<\/em><\/li><\/ul>\n\n\n\n<p><em>Par\ncons\u00e9quent, le CHSCT Minist\u00e9riel a d\u00e9cid\u00e9 de voter le recours \u00e0 un expert pour\nrisque grave (cidessous) afin d\u2019obliger le minist\u00e8re du travail \u00e0 fournir \u00e0 ses\nagent.es les plus expos\u00e9.es les moyens de se prot\u00e9ger (ce que nous exigeons\nl\u00e9gitimement des employeurs du priv\u00e9, quand la DGT autorise les contr\u00f4les&#8230;).<\/em><\/p>\n\n\n\n<p><strong><em>La\np\u00e9nurie des FFP2 met en danger les agent.es de contr\u00f4le et <\/em><\/strong><em>fragilise, par la m\u00eame occasion, les conditions de travail, de sant\u00e9 et\nde s\u00e9curit\u00e9 des salari\u00e9s que ces agent.es. ont pour mission de faire respecter.\nHier encore lors d&rsquo;une inspection \u00e0 Evreux (27), la DIRECCTE distribuait des\nmasques soit-disant chirurgicaux (sans r\u00e9f\u00e9rence \u00e0 la norme NF EN 14683)\nfabriqu\u00e9s en 2009 et p\u00e9rim\u00e9s depuis 2013 !!!<\/em><\/p>\n\n\n\n<p><strong><em>Rappelons donc que pour les expositions dans un cadre professionnel seuls les masques FFP2 sont protecteurs face au risque de contamination covid 19, <\/em><\/strong><em>comme l&rsquo;indiquait le Minist\u00e8re du Travail dans une circulaire DGT en 2009 ! \u00bb<\/em><\/p>\n\n\n\n<p>Pour lire le communiqu\u00e9 complet cliquer <a href=\"https:\/\/www.snutefifsu.fr\/tefe\/ceci-nest-pas-un-masque-ou-un-nouveau-scandale-au-ministere-du-travail\/\" target=\"_blank\" rel=\"noreferrer noopener\" aria-label=\"ici (s\u2019ouvre dans un nouvel onglet)\">ici<\/a>.<\/p>\n","protected":false},"excerpt":{"rendered":"<p>L\u2019intersyndicale CGT-SUD-FSU du CHSCT du Minist\u00e8re du travail tire le signal d\u2019alarme depuis de longues semaines sur la mise en danger des agents du Minist\u00e8re du travail. Le CHSCT vote le recours \u00e0 un expert suite \u00e0 la mise \u00e0 disposition des agents de masques non conformes. Le 6 mai, l\u2019intersyndicale a fait le communiqu\u00e9 [&hellip;]<\/p>\n","protected":false},"author":1,"featured_media":0,"comment_status":"closed","ping_status":"open","sticky":false,"template":"","format":"standard","meta":{"twitterCardType":"","cardImageID":0,"cardImage":"","cardTitle":"","cardDesc":"","cardImageAlt":"","cardPlayer":"","cardPlayerWidth":0,"cardPlayerHeight":0,"cardPlayerStream":"","cardPlayerCodec":"","footnotes":""},"categories":[62,11],"tags":[256,99,76,342],"class_list":["post-17241","post","type-post","status-publish","format-standard","hentry","category-le-rouge-le-vert-hebdo","category-politique-locale","tag-prevention","tag-sante","tag-securite","tag-travail"],"_links":{"self":[{"href":"https:\/\/www.ades-grenoble.org\/wordpress\/wp-json\/wp\/v2\/posts\/17241","targetHints":{"allow":["GET"]}}],"collection":[{"href":"https:\/\/www.ades-grenoble.org\/wordpress\/wp-json\/wp\/v2\/posts"}],"about":[{"href":"https:\/\/www.ades-grenoble.org\/wordpress\/wp-json\/wp\/v2\/types\/post"}],"author":[{"embeddable":true,"href":"https:\/\/www.ades-grenoble.org\/wordpress\/wp-json\/wp\/v2\/users\/1"}],"replies":[{"embeddable":true,"href":"https:\/\/www.ades-grenoble.org\/wordpress\/wp-json\/wp\/v2\/comments?post=17241"}],"version-history":[{"count":1,"href":"https:\/\/www.ades-grenoble.org\/wordpress\/wp-json\/wp\/v2\/posts\/17241\/revisions"}],"predecessor-version":[{"id":17243,"href":"https:\/\/www.ades-grenoble.org\/wordpress\/wp-json\/wp\/v2\/posts\/17241\/revisions\/17243"}],"wp:attachment":[{"href":"https:\/\/www.ades-grenoble.org\/wordpress\/wp-json\/wp\/v2\/media?parent=17241"}],"wp:term":[{"taxonomy":"category","embeddable":true,"href":"https:\/\/www.ades-grenoble.org\/wordpress\/wp-json\/wp\/v2\/categories?post=17241"},{"taxonomy":"post_tag","embeddable":true,"href":"https:\/\/www.ades-grenoble.org\/wordpress\/wp-json\/wp\/v2\/tags?post=17241"}],"curies":[{"name":"wp","href":"https:\/\/api.w.org\/{rel}","templated":true}]}}