{"id":17253,"date":"2020-05-08T11:46:18","date_gmt":"2020-05-08T09:46:18","guid":{"rendered":"https:\/\/www.ades-grenoble.org\/wordpress\/?p=17253"},"modified":"2020-05-08T13:16:47","modified_gmt":"2020-05-08T11:16:47","slug":"trop-faibles-revalorisations-pour-le-rsa-la-prime-dactivite-et-laah","status":"publish","type":"post","link":"https:\/\/www.ades-grenoble.org\/wordpress\/2020\/05\/08\/trop-faibles-revalorisations-pour-le-rsa-la-prime-dactivite-et-laah\/","title":{"rendered":"Trop faibles revalorisations pour le RSA, la prime d&rsquo;activit\u00e9 et l&rsquo;AAH"},"content":{"rendered":"\n<div class=\"wp-block-image\"><figure class=\"alignleft\"><img loading=\"lazy\" decoding=\"async\" width=\"400\" height=\"189\" src=\"https:\/\/www.ades-grenoble.org\/wordpress\/wp-content\/uploads\/2014\/09\/JO1.jpg\" alt=\"\" class=\"wp-image-9002\" srcset=\"https:\/\/www.ades-grenoble.org\/wordpress\/wp-content\/uploads\/2014\/09\/JO1.jpg 400w, https:\/\/www.ades-grenoble.org\/wordpress\/wp-content\/uploads\/2014\/09\/JO1-150x70.jpg 150w, https:\/\/www.ades-grenoble.org\/wordpress\/wp-content\/uploads\/2014\/09\/JO1-300x141.jpg 300w\" sizes=\"auto, (max-width: 400px) 100vw, 400px\" \/><\/figure><\/div>\n\n\n\n<p>Trois d\u00e9crets du 29 avril 2020 pr\u00e9cisent la\nrevalorisation des deux principaux minima sociaux \u2013 le revenu de solidarit\u00e9\nactive (RSA) et l&rsquo;allocation aux adultes handicap\u00e9s (AAH) \u2013 et de la prime\nd&rsquo;activit\u00e9. Cette revalorisation est diff\u00e9renci\u00e9e selon les prestations.<\/p>\n\n\n\n<p>Rappel, fin d\u00e9cembre 2019, le RSA b\u00e9n\u00e9ficiait \u00e0\n1,88 million de foyers, la prime d&rsquo;activit\u00e9 \u00e0 4,39 millions de foyers et l&rsquo;AAH\n\u00e0 environ 1,2 million de personnes.<\/p>\n\n\n\n<p>Alors que la crise sociale est en train d\u2019exploser,\nces revalorisations sont tr\u00e8s faibles, bien trop faibles&nbsp;:<\/p>\n\n\n\n<!--more-->\n\n\n\n<p>Pour le RSA, elle est de 0,9%, ce qui porte le\nmontant mensuel de l&rsquo;allocation pour une personne seule \u00e0 564,78 euros. <\/p>\n\n\n\n<p>Pour la prime d&rsquo;activit\u00e9 et l&rsquo;AAH, cette\nprogression n&rsquo;est que de 0,3%&nbsp;! Pour un foyer compos\u00e9 d&rsquo;une seule personne\nla prime d\u2019activit\u00e9 est \u00e9gale \u00e0 553,16 euros et le montant mensuel de l&rsquo;AAH est\nde 902,70 euros. &nbsp;<\/p>\n\n\n\n<p><a href=\"https:\/\/www.legifrance.gouv.fr\/eli\/decret\/2020\/4\/29\/SSAA2006839D\/jo\/texte\" target=\"_blank\" rel=\"noreferrer noopener\" aria-label=\"Le d\u00e9cret du 29 avril 2020 sur la revalorisation du RSA (s\u2019ouvre dans un nouvel onglet)\">Le d\u00e9cret du 29 avril 2020 sur la revalorisation du RSA<\/a>.<\/p>\n\n\n\n<p><a href=\"https:\/\/www.legifrance.gouv.fr\/eli\/decret\/2020\/4\/29\/SSAA2006880D\/jo\/texte\" target=\"_blank\" rel=\"noreferrer noopener\" aria-label=\"Le d\u00e9cret du 29 avril 2020 sur la revalorisation de la prime d'activit\u00e9 (s\u2019ouvre dans un nouvel onglet)\">Le d\u00e9cret du 29 avril 2020 sur la revalorisation de la prime d&rsquo;activit\u00e9<\/a>.<\/p>\n\n\n\n<p><a href=\"https:\/\/www.legifrance.gouv.fr\/eli\/decret\/2020\/4\/29\/SSAA2006887D\/jo\/texte\" target=\"_blank\" rel=\"noreferrer noopener\" aria-label=\"Le d\u00e9cret du 29 avril 2020 sur la revalorisation de l'AAH (s\u2019ouvre dans un nouvel onglet)\">Le d\u00e9cret du 29 avril 2020 sur la revalorisation de l&rsquo;AAH<\/a>.<\/p>\n","protected":false},"excerpt":{"rendered":"<p>Trois d\u00e9crets du 29 avril 2020 pr\u00e9cisent la revalorisation des deux principaux minima sociaux \u2013 le revenu de solidarit\u00e9 active (RSA) et l&rsquo;allocation aux adultes handicap\u00e9s (AAH) \u2013 et de la prime d&rsquo;activit\u00e9. Cette revalorisation est diff\u00e9renci\u00e9e selon les prestations. Rappel, fin d\u00e9cembre 2019, le RSA b\u00e9n\u00e9ficiait \u00e0 1,88 million de foyers, la prime d&rsquo;activit\u00e9 [&hellip;]<\/p>\n","protected":false},"author":1,"featured_media":0,"comment_status":"closed","ping_status":"open","sticky":false,"template":"","format":"standard","meta":{"twitterCardType":"","cardImageID":0,"cardImage":"","cardTitle":"","cardDesc":"","cardImageAlt":"","cardPlayer":"","cardPlayerWidth":0,"cardPlayerHeight":0,"cardPlayerStream":"","cardPlayerCodec":"","footnotes":""},"categories":[62,11],"tags":[198,196,138,225,338,33],"class_list":["post-17253","post","type-post","status-publish","format-standard","hentry","category-le-rouge-le-vert-hebdo","category-politique-locale","tag-chomage","tag-etat","tag-finances","tag-handicap","tag-menages","tag-social"],"_links":{"self":[{"href":"https:\/\/www.ades-grenoble.org\/wordpress\/wp-json\/wp\/v2\/posts\/17253","targetHints":{"allow":["GET"]}}],"collection":[{"href":"https:\/\/www.ades-grenoble.org\/wordpress\/wp-json\/wp\/v2\/posts"}],"about":[{"href":"https:\/\/www.ades-grenoble.org\/wordpress\/wp-json\/wp\/v2\/types\/post"}],"author":[{"embeddable":true,"href":"https:\/\/www.ades-grenoble.org\/wordpress\/wp-json\/wp\/v2\/users\/1"}],"replies":[{"embeddable":true,"href":"https:\/\/www.ades-grenoble.org\/wordpress\/wp-json\/wp\/v2\/comments?post=17253"}],"version-history":[{"count":1,"href":"https:\/\/www.ades-grenoble.org\/wordpress\/wp-json\/wp\/v2\/posts\/17253\/revisions"}],"predecessor-version":[{"id":17254,"href":"https:\/\/www.ades-grenoble.org\/wordpress\/wp-json\/wp\/v2\/posts\/17253\/revisions\/17254"}],"wp:attachment":[{"href":"https:\/\/www.ades-grenoble.org\/wordpress\/wp-json\/wp\/v2\/media?parent=17253"}],"wp:term":[{"taxonomy":"category","embeddable":true,"href":"https:\/\/www.ades-grenoble.org\/wordpress\/wp-json\/wp\/v2\/categories?post=17253"},{"taxonomy":"post_tag","embeddable":true,"href":"https:\/\/www.ades-grenoble.org\/wordpress\/wp-json\/wp\/v2\/tags?post=17253"}],"curies":[{"name":"wp","href":"https:\/\/api.w.org\/{rel}","templated":true}]}}