{"id":17289,"date":"2020-05-15T14:35:59","date_gmt":"2020-05-15T12:35:59","guid":{"rendered":"https:\/\/www.ades-grenoble.org\/wordpress\/?p=17289"},"modified":"2020-05-15T16:08:46","modified_gmt":"2020-05-15T14:08:46","slug":"une-nouvelle-loi-qui-attente-a-la-liberte-dexpression","status":"publish","type":"post","link":"https:\/\/www.ades-grenoble.org\/wordpress\/2020\/05\/15\/une-nouvelle-loi-qui-attente-a-la-liberte-dexpression\/","title":{"rendered":"Une nouvelle loi qui attente \u00e0 la libert\u00e9 d\u2019expression"},"content":{"rendered":"\n<div class=\"wp-block-image\"><figure class=\"alignleft\"><img loading=\"lazy\" decoding=\"async\" width=\"380\" height=\"259\" src=\"https:\/\/www.ades-grenoble.org\/wordpress\/wp-content\/uploads\/2020\/05\/loi-avia.jpg\" alt=\"\" class=\"wp-image-17290\" srcset=\"https:\/\/www.ades-grenoble.org\/wordpress\/wp-content\/uploads\/2020\/05\/loi-avia.jpg 380w, https:\/\/www.ades-grenoble.org\/wordpress\/wp-content\/uploads\/2020\/05\/loi-avia-150x102.jpg 150w, https:\/\/www.ades-grenoble.org\/wordpress\/wp-content\/uploads\/2020\/05\/loi-avia-300x204.jpg 300w\" sizes=\"auto, (max-width: 380px) 100vw, 380px\" \/><\/figure><\/div>\n\n\n\n<p>La loi dite \u00ab&nbsp;<em>Avia&nbsp;<\/em>\u00bb\nqui entend lutter contre les contenus haineux sur Internet, a \u00e9t\u00e9 tr\u00e8s\ncritiqu\u00e9e par de nombreuses organisations telles que la Commission nationale\nconsultative des droits de l\u2019Homme (CNCDH), la Ligue des Droits de l\u2019Homme\n(LDH), le Conseil national du num\u00e9rique et m\u00eame la Commission europ\u00e9enne, a \u00e9t\u00e9\nadopt\u00e9e d\u00e9finitivement par l\u2019Assembl\u00e9e Nationale le 13 mai.<\/p>\n\n\n\n<p>Elle exige notamment que tous\nles sites Web (pas uniquement les plateformes g\u00e9antes) censurent en 1h les\ncontenus signal\u00e9s par la police comme relevant du \u00ab&nbsp;<em>terrorisme&nbsp;<\/em>\u00bb (sans que cette qualification ne soit donn\u00e9e par\nun juge, mais par la police seule)&nbsp;; et en 24 h pour les autres crimes ou\nd\u00e9lits. Si le site ne censure par le contenu (par exemple car le signalement\nest envoy\u00e9 un week-end ou pendant la nuit)&nbsp;la police peut exiger son\nblocage partout en France&nbsp;par les fournisseurs d\u2019acc\u00e8s \u00e0 Internet (Orange,\nSFR, Free\u2026).<\/p>\n\n\n\n<!--more-->\n\n\n\n<p>La s\u00e9paration des pouvoirs\nest enti\u00e8rement \u00e9cart\u00e9e&nbsp;: c\u2019est la police qui d\u00e9cide des crit\u00e8res pour\ncensurer un site (en droit, la notion de \u00ab&nbsp;<em>terrorisme&nbsp;<\/em>\u00bb est suffisamment large pour lui donner un pouvoir\ndiscr\u00e9tionnaire demesur\u00e9, par exemple contre des manifestants)&nbsp;; c\u2019est la\npolice qui juge si un site doit \u00eatre censur\u00e9&nbsp;; c\u2019est la police qui ex\u00e9cute\nla sanction contre le site. Le juge est enti\u00e8rement absent de toute la cha\u00eene\nqui m\u00e8ne \u00e0 la censure du site.<\/p>\n\n\n\n<p>Le 26 f\u00e9vrier, le S\u00e9nat avait\nsupprim\u00e9 la disposition sur le d\u00e9lai d\u2019une heure, mais la majorit\u00e9 des d\u00e9put\u00e9s\nl\u2019a r\u00e9introduite.<strong><\/strong><\/p>\n\n\n\n<p>Esp\u00e9rons que des d\u00e9put\u00e9s ou des s\u00e9nateurs iront au Conseil Constitutionnel pour faire v\u00e9rifier la conformit\u00e9 de cette loi avec la Constitution.<\/p>\n\n\n\n<p>Pour lire le texte de loi, cliquer <a href=\"http:\/\/www.assemblee-nationale.fr\/dyn\/15\/textes\/l15t0388_texte-adopte-seance\" target=\"_blank\" rel=\"noreferrer noopener\" aria-label=\"ici (s\u2019ouvre dans un nouvel onglet)\">ici<\/a>.<\/p>\n","protected":false},"excerpt":{"rendered":"<p>La loi dite \u00ab&nbsp;Avia&nbsp;\u00bb qui entend lutter contre les contenus haineux sur Internet, a \u00e9t\u00e9 tr\u00e8s critiqu\u00e9e par de nombreuses organisations telles que la Commission nationale consultative des droits de l\u2019Homme (CNCDH), la Ligue des Droits de l\u2019Homme (LDH), le Conseil national du num\u00e9rique et m\u00eame la Commission europ\u00e9enne, a \u00e9t\u00e9 adopt\u00e9e d\u00e9finitivement par l\u2019Assembl\u00e9e [&hellip;]<\/p>\n","protected":false},"author":1,"featured_media":0,"comment_status":"closed","ping_status":"open","sticky":false,"template":"","format":"standard","meta":{"twitterCardType":"","cardImageID":0,"cardImage":"","cardTitle":"","cardDesc":"","cardImageAlt":"","cardPlayer":"","cardPlayerWidth":0,"cardPlayerHeight":0,"cardPlayerStream":"","cardPlayerCodec":"","footnotes":""},"categories":[62,11],"tags":[205,295,279,166,305],"class_list":["post-17289","post","type-post","status-publish","format-standard","hentry","category-le-rouge-le-vert-hebdo","category-politique-locale","tag-communication","tag-droits","tag-libertes","tag-loi","tag-technos"],"_links":{"self":[{"href":"https:\/\/www.ades-grenoble.org\/wordpress\/wp-json\/wp\/v2\/posts\/17289","targetHints":{"allow":["GET"]}}],"collection":[{"href":"https:\/\/www.ades-grenoble.org\/wordpress\/wp-json\/wp\/v2\/posts"}],"about":[{"href":"https:\/\/www.ades-grenoble.org\/wordpress\/wp-json\/wp\/v2\/types\/post"}],"author":[{"embeddable":true,"href":"https:\/\/www.ades-grenoble.org\/wordpress\/wp-json\/wp\/v2\/users\/1"}],"replies":[{"embeddable":true,"href":"https:\/\/www.ades-grenoble.org\/wordpress\/wp-json\/wp\/v2\/comments?post=17289"}],"version-history":[{"count":1,"href":"https:\/\/www.ades-grenoble.org\/wordpress\/wp-json\/wp\/v2\/posts\/17289\/revisions"}],"predecessor-version":[{"id":17291,"href":"https:\/\/www.ades-grenoble.org\/wordpress\/wp-json\/wp\/v2\/posts\/17289\/revisions\/17291"}],"wp:attachment":[{"href":"https:\/\/www.ades-grenoble.org\/wordpress\/wp-json\/wp\/v2\/media?parent=17289"}],"wp:term":[{"taxonomy":"category","embeddable":true,"href":"https:\/\/www.ades-grenoble.org\/wordpress\/wp-json\/wp\/v2\/categories?post=17289"},{"taxonomy":"post_tag","embeddable":true,"href":"https:\/\/www.ades-grenoble.org\/wordpress\/wp-json\/wp\/v2\/tags?post=17289"}],"curies":[{"name":"wp","href":"https:\/\/api.w.org\/{rel}","templated":true}]}}