{"id":17307,"date":"2020-05-15T15:46:08","date_gmt":"2020-05-15T13:46:08","guid":{"rendered":"https:\/\/www.ades-grenoble.org\/wordpress\/?p=17307"},"modified":"2020-05-15T16:09:20","modified_gmt":"2020-05-15T14:09:20","slug":"chamrousse-la-course-a-lenneigement-artificiel-une-politique-retrograde","status":"publish","type":"post","link":"https:\/\/www.ades-grenoble.org\/wordpress\/2020\/05\/15\/chamrousse-la-course-a-lenneigement-artificiel-une-politique-retrograde\/","title":{"rendered":"Chamrousse : la course \u00e0 l\u2019enneigement artificiel = une politique r\u00e9trograde"},"content":{"rendered":"\n<div class=\"wp-block-image\"><figure class=\"alignleft\"><img loading=\"lazy\" decoding=\"async\" width=\"380\" height=\"285\" src=\"https:\/\/www.ades-grenoble.org\/wordpress\/wp-content\/uploads\/2020\/05\/RocheBeranger.jpg\" alt=\"\" class=\"wp-image-17308\" srcset=\"https:\/\/www.ades-grenoble.org\/wordpress\/wp-content\/uploads\/2020\/05\/RocheBeranger.jpg 380w, https:\/\/www.ades-grenoble.org\/wordpress\/wp-content\/uploads\/2020\/05\/RocheBeranger-150x113.jpg 150w, https:\/\/www.ades-grenoble.org\/wordpress\/wp-content\/uploads\/2020\/05\/RocheBeranger-300x225.jpg 300w\" sizes=\"auto, (max-width: 380px) 100vw, 380px\" \/><\/figure><\/div>\n\n\n\n<p>Alors\nque l\u2019augmentation de temp\u00e9rature dans les Alpes est deux fois plus rapide\nqu\u2019ailleurs, certaines mairies de moyenne montagne font le choix d\u2019\u00e9quiper\nmassivement leur domaine skiable de canons \u00e0 neige pour esp\u00e9rer prolonger les\np\u00e9riodes d\u2019ouverture des stations. Elles sont fortement aid\u00e9es par le Pr\u00e9sident\nde la R\u00e9gion Auvergne Rh\u00f4ne-Alpes qui a d\u00e9cid\u00e9 de d\u00e9bloquer des dizaines de\nmillions d\u2019euros pour aider les stations de la R\u00e9gion \u00e0 s\u2019\u00e9quiper de syst\u00e8me d\u2019enneigement\nartificiel <strong>alors qu&rsquo;il ne finance quasiment pas l&rsquo;avenir, c\u2019est \u00e0 dire la\ntransition du tourisme vers un mod\u00e8le local plus sobre, plus \u00e9conome en\nressources mais aussi plus dense en emplois<\/strong>. Cette vue \u00e0 tr\u00e8s court terme\nmontre que la majorit\u00e9 politique \u00e0 la R\u00e9gion n\u2019a rien compris aux enjeux du\nchangement climatique.<strong><\/strong><\/p>\n\n\n\n<p>La\ncommune de Chamrousse a d\u00e9cid\u00e9 de construire une nouvelle retenue d\u2019eau\n(d\u2019environ 92&nbsp;000 m3) \u00e0 Roche B\u00e9ranger pour esp\u00e9rer sauver le mode de\nd\u00e9veloppement de la station.<\/p>\n\n\n\n<!--more-->\n\n\n\n<p>C\u2019est vraiment\nune politique \u00e0 courte vue, de gaspillage financier et qui met en p\u00e9ril\ncertaines ressources d\u2019eau potable. <\/p>\n\n\n\n<p>Cette\npolitique est d\u00e9nonc\u00e9e par les \u00e9cologistes depuis des ann\u00e9es et m\u00eame la Cour\ndes Comptes dans son rapport annuel de 2018, s\u2019interrogeait sur le mode de\nd\u00e9veloppement des stations de basse et moyenne altitude&nbsp;qui ne prenaient\npas assez en compte le changement climatique. <em>\u00ab&nbsp;Qu\u2019il\ns\u2019agisse de dispositifs d\u2019enneigement ou de retenues collinaires n\u00e9cessaires \u00e0\nleur fonctionnement, ces investissements impliquent des financements importants\nengageant les collectivit\u00e9s sur le long terme alors que l\u2019al\u00e9a climatique\ns\u2019accro\u00eet\u2026&nbsp;les cons\u00e9quences du r\u00e9chauffement climatique ne peuvent \u00eatre\nignor\u00e9es. La concomitance de ces enjeux doit donc conduire les collectivit\u00e9s \u00e0\nfaire \u00e9voluer rapidement la gouvernance et le fonctionnement des domaines\nskiables pour s\u2019adapter suffisamment t\u00f4t \u00e0 un futur o\u00f9 le ski et les sports de\nneige ne seront plus leur unique ressource. Pour les stations de basse\nmontagne, pr\u00e9parer la reconversion est d\u00e8s \u00e0 pr\u00e9sent n\u00e9cessaire. Face \u00e0 des\nd\u00e9fis croissants les stations nord-alpines doivent s\u2019engager dans un\nd\u00e9veloppement plus \u00e9quilibr\u00e9.\u00bb<\/em><\/p>\n\n\n\n<p>Le projet\ngigantesque de Chamrousse qui d\u00e9nature le site et met en p\u00e9ril certains\ncaptages d\u2019eau potable a donn\u00e9 lieu \u00e0 une enqu\u00eate publique en mai et juin 2019,\no\u00f9 l\u2019autorit\u00e9 environnementale r\u00e9gionale n\u2019a pas daign\u00e9 donner un avis.<\/p>\n\n\n\n<p>Sans\nsurprise, le conseil municipal de Chamrousse a donn\u00e9 \u00e0 l\u2019unanimit\u00e9 un avis\nfavorable. Par contre, le Conseil municipal de Vaulnaveys-le-Bas a donn\u00e9 un\navis d\u00e9favorable en s\u2019inqui\u00e9tant de l\u2019impact d\u2019un tel projet sur les sources\nd\u2019eau potable et sur la submersion possible d\u2019habitations en cas de coul\u00e9e de\nboue suite \u00e0 une crue ou un rel\u00e2chement de la retenue.<\/p>\n\n\n\n<p>Le Conseil municipal de Vaulnaveys-le-Haut a donn\u00e9 un avis favorable mais assorti de tr\u00e8s nombreuses r\u00e9serves. La M\u00e9tropole grenobloise, par le Directeur de la R\u00e9gie des eaux a fait remarquer qu\u2019il n\u2019y avait pas d\u2019\u00e9tude concernant l\u2019impact quantitatif et qualitatif sur un de captages d\u2019eau potable de la M\u00e9tropole situ\u00e9 \u00e0 Vaulnaveys-le-Bas (Passe-Rivi\u00e8re). La cr\u00e9ation de cette nouvelle retenue et son interaction avec les autres retenues pourrait avoir de graves cons\u00e9quences sur les sources de Fontfroide \u00e0 Casserousse qui a d\u00e9j\u00e0 \u00e9t\u00e9 gravement pollu\u00e9e en 2016 pour installer les canons \u00e0 neige sur la piste de Casserousse \u00e0 Chamrousse. Toutes ces plaies laiss\u00e9es par les travaux dans le paysage \u00e0 proximit\u00e9 d\u2019une zone class\u00e9e <em>Natura 2000<\/em> ne sont pas acceptables comme on peut en juger sur les photos <a href=\"https:\/\/www.ades-grenoble.org\/images\/TravauxRocheBe-1.jpg\">ici<\/a> et <a href=\"https:\/\/www.ades-grenoble.org\/images\/TravauxRocheBe-2.jpg\">l\u00e0<\/a>.<\/p>\n\n\n\n<p>Fin\njuillet 2019, le commissaire enqu\u00eateur a donn\u00e9 un avis favorable avec des\nr\u00e9serves et des recommandations qui n\u2019ont pas emp\u00each\u00e9 la r\u00e9alisation de ce\nprojet. Il a insist\u00e9 pour que soit assur\u00e9 \u00e0 tout moment la p\u00e9rennit\u00e9 de la zone\nhumide (tourbi\u00e8re) de l\u2019Arselle et qu\u2019en aucun cas le pompage pour alimenter\nles canons \u00e0 neige ne mette en p\u00e9ril cette r\u00e9serve naturelle exceptionnelle. <\/p>\n\n\n\n<p>Ce sujet\ncrucial de l\u2019avenir des stations de ski devra revenir dans l\u2019agenda politique\nlors des prochaines \u00e9lections r\u00e9gionales qui devraient avoir lieu en 2021.<\/p>\n\n\n\n<p>Lire des\narticles qui tirent la sonnette d\u2019alarme concernant ces projets qui mettent en\np\u00e9ril l\u2019approvisionnement en eau potable&nbsp;:<\/p>\n\n\n\n<ul class=\"wp-block-list\"><li>Dans Bastamag par R. Binctin\u00a0<em>: \u00ab\u00a0<a rel=\"noreferrer noopener\" aria-label=\"Boire de l\u2019eau ou skier, faudra-t-il bient\u00f4t choisir\u00a0? (s\u2019ouvre dans un nouvel onglet)\" href=\"https:\/\/www.bastamag.net\/Boire-de-l-eau-ou-skier-faudra-t-il-bientot-choisir\" target=\"_blank\">Boire de l\u2019eau ou skier, faudra-t-il bient\u00f4t choisir\u00a0?<\/a>\u00a0\u00bb<\/em> <\/li><li>Par M. Laim\u00e9 dans le Mode Diplomatique qui vise directement le projet de Chamrousse : \u00ab <em><a href=\"https:\/\/blog.mondediplo.net\/dans-les-alpes-la-neige-artificielle-menace-l-eau\" target=\"_blank\" rel=\"noreferrer noopener\" aria-label=\"Dans les Alpes, la neige artificielle menace l\u2019eau potable (s\u2019ouvre dans un nouvel onglet)\">Dans les Alpes, la neige artificielle menace l\u2019eau potable<\/a>\u00a0\u00bb\u00a0: <\/em><a href=\"https:\/\/blog.mondediplo.net\/dans-les-alpes-la-neige-artificielle-menace-l-eau\"><\/a><\/li><\/ul>\n","protected":false},"excerpt":{"rendered":"<p>Alors que l\u2019augmentation de temp\u00e9rature dans les Alpes est deux fois plus rapide qu\u2019ailleurs, certaines mairies de moyenne montagne font le choix d\u2019\u00e9quiper massivement leur domaine skiable de canons \u00e0 neige pour esp\u00e9rer prolonger les p\u00e9riodes d\u2019ouverture des stations. Elles sont fortement aid\u00e9es par le Pr\u00e9sident de la R\u00e9gion Auvergne Rh\u00f4ne-Alpes qui a d\u00e9cid\u00e9 de [&hellip;]<\/p>\n","protected":false},"author":1,"featured_media":0,"comment_status":"closed","ping_status":"open","sticky":false,"template":"","format":"standard","meta":{"twitterCardType":"","cardImageID":0,"cardImage":"","cardTitle":"","cardDesc":"","cardImageAlt":"","cardPlayer":"","cardPlayerWidth":0,"cardPlayerHeight":0,"cardPlayerStream":"","cardPlayerCodec":"","footnotes":""},"categories":[62,11],"tags":[145,232,185,152],"class_list":["post-17307","post","type-post","status-publish","format-standard","hentry","category-le-rouge-le-vert-hebdo","category-politique-locale","tag-biodiversite","tag-eau","tag-montagne","tag-pollution-2"],"_links":{"self":[{"href":"https:\/\/www.ades-grenoble.org\/wordpress\/wp-json\/wp\/v2\/posts\/17307","targetHints":{"allow":["GET"]}}],"collection":[{"href":"https:\/\/www.ades-grenoble.org\/wordpress\/wp-json\/wp\/v2\/posts"}],"about":[{"href":"https:\/\/www.ades-grenoble.org\/wordpress\/wp-json\/wp\/v2\/types\/post"}],"author":[{"embeddable":true,"href":"https:\/\/www.ades-grenoble.org\/wordpress\/wp-json\/wp\/v2\/users\/1"}],"replies":[{"embeddable":true,"href":"https:\/\/www.ades-grenoble.org\/wordpress\/wp-json\/wp\/v2\/comments?post=17307"}],"version-history":[{"count":2,"href":"https:\/\/www.ades-grenoble.org\/wordpress\/wp-json\/wp\/v2\/posts\/17307\/revisions"}],"predecessor-version":[{"id":17310,"href":"https:\/\/www.ades-grenoble.org\/wordpress\/wp-json\/wp\/v2\/posts\/17307\/revisions\/17310"}],"wp:attachment":[{"href":"https:\/\/www.ades-grenoble.org\/wordpress\/wp-json\/wp\/v2\/media?parent=17307"}],"wp:term":[{"taxonomy":"category","embeddable":true,"href":"https:\/\/www.ades-grenoble.org\/wordpress\/wp-json\/wp\/v2\/categories?post=17307"},{"taxonomy":"post_tag","embeddable":true,"href":"https:\/\/www.ades-grenoble.org\/wordpress\/wp-json\/wp\/v2\/tags?post=17307"}],"curies":[{"name":"wp","href":"https:\/\/api.w.org\/{rel}","templated":true}]}}