{"id":17365,"date":"2020-05-29T12:00:15","date_gmt":"2020-05-29T10:00:15","guid":{"rendered":"https:\/\/www.ades-grenoble.org\/wordpress\/?p=17365"},"modified":"2020-05-29T13:28:10","modified_gmt":"2020-05-29T11:28:10","slug":"lusage-du-velo-explose-en-ville-et-a-la-campagne","status":"publish","type":"post","link":"https:\/\/www.ades-grenoble.org\/wordpress\/2020\/05\/29\/lusage-du-velo-explose-en-ville-et-a-la-campagne\/","title":{"rendered":"L\u2019usage du v\u00e9lo explose en ville et \u00e0 la campagne"},"content":{"rendered":"\n<div class=\"wp-block-image\"><figure class=\"alignleft\"><img loading=\"lazy\" decoding=\"async\" width=\"386\" height=\"289\" src=\"https:\/\/www.ades-grenoble.org\/wordpress\/wp-content\/uploads\/2020\/05\/VillesTerritoires.jpg\" alt=\"\" class=\"wp-image-17366\" srcset=\"https:\/\/www.ades-grenoble.org\/wordpress\/wp-content\/uploads\/2020\/05\/VillesTerritoires.jpg 386w, https:\/\/www.ades-grenoble.org\/wordpress\/wp-content\/uploads\/2020\/05\/VillesTerritoires-150x112.jpg 150w, https:\/\/www.ades-grenoble.org\/wordpress\/wp-content\/uploads\/2020\/05\/VillesTerritoires-300x225.jpg 300w\" sizes=\"auto, (max-width: 386px) 100vw, 386px\" \/><\/figure><\/div>\n\n\n\n<p>Dans <a rel=\"noreferrer noopener\" aria-label=\"son premier\u00a0bulletin bimensuel de suivi de la fr\u00e9quentation cyclable du 20 mai 2020 (s\u2019ouvre dans un nouvel onglet)\" href=\"https:\/\/www.velo-territoires.org\/wp-content\/uploads\/2020\/05\/2020-05-20-Bulletin_Velo_Deconfinement_1.pdf\" target=\"_blank\">son premier\u00a0bulletin bimensuel de suivi de la fr\u00e9quentation cyclable du 20 mai 2020<\/a> l\u2019association \u00ab\u00a0<em>V\u00e9lo &amp; territoires<\/em>\u00a0\u00bb constate que l\u2019usage du v\u00e9lo a bondi de 44 % lors de la premi\u00e8re semaine de d\u00e9confinement.<\/p>\n\n\n\n<p>Ce bulletin s&rsquo;appuie sur 182\ncompteurs \u00e0 travers la France pour suivre l\u2019\u00e9volution de la pratique du v\u00e9lo comme\noutil de distanciation et l\u2019impact des am\u00e9nagements cyclables de transition\nr\u00e9alis\u00e9s un peu partout pour pr\u00e9parer la sortie du confinement.<\/p>\n\n\n\n<!--more-->\n\n\n\n<p>Dans l\u2019agglom\u00e9ration grenobloise le m\u00eame ph\u00e9nom\u00e8ne existe et le Syndicat mixte des mobilit\u00e9s de l&rsquo;aire grenobloise (SMMAG ex-SMTC) <a href=\"http:\/\/data.eco-counter.com\/ParcPublic\/?id=120\" target=\"_blank\" rel=\"noreferrer noopener\" aria-label=\"met en ligne les donn\u00e9es issues des compteurs (s\u2019ouvre dans un nouvel onglet)\">met en ligne les donn\u00e9es issues des compteurs<\/a> mesurant les trafics pi\u00e9tons et cyclistes sur le site de l\u2019observatoire des mobilit\u00e9s<\/p>\n\n\n\n<p><em>\u00ab&nbsp;V\u00e9lo &amp;\nTerritoires&nbsp;est un r\u00e9seau de collectivit\u00e9s (r\u00e9gions, d\u00e9partements,\nintercommunalit\u00e9s) mobilis\u00e9es dans une dynamique coll\u00e9giale pour construire la\nFrance \u00e0 v\u00e9lo en 2030. Au c\u0153ur de&nbsp;ce cap strat\u00e9gique : achever les sch\u00e9mas\nv\u00e9lo au profit de l\u2019\u00e9quilibre des territoires ; faire du v\u00e9lo un outil de mobilit\u00e9\n\u00e0 part enti\u00e8re ; porter la France au premier rang des destinations mondiales du\ntourisme \u00e0 v\u00e9lo ; faire de la France une grande nation cyclable.&nbsp;\u00bb<\/em><\/p>\n\n\n\n<p><em>\u00ab&nbsp;La fr\u00e9quentation\ncyclable durant la premi\u00e8re semaine de d\u00e9confinement d\u00e9passe le niveau moyen\nobserv\u00e9 avant le confinement. Le rattrapage est confirm\u00e9 quel que soit le\nmilieu, en semaine comme le week-end. En France, le nombre de passages\nprogresse de 44 % par rapport \u00e0 la p\u00e9riode pr\u00e9c\u00e9dant le confinement. En milieu\nurbain la progression est de 27 %. Les grands gagnants de cette premi\u00e8re\nsemaine de d\u00e9confinement se trouvent en milieux p\u00e9riurbains (+138 %) et ruraux\n(+197 %). Bien s\u00fbr ces pourcentages sont \u00e0 relativiser car les volumes ne sont\npas les m\u00eames. Dans les villes, 1 188 v\u00e9los sont compt\u00e9s en moyenne par jour et\npar compteur (contre 936 avant le confinement). Le chiffre atteint les 211 en\np\u00e9riph\u00e9rie et 102 en milieu rural.&nbsp;\u00bb<\/em><\/p>\n\n\n\n<p>Le gouvernement vient d\u2019annoncer que le budget du plan v\u00e9lo initialement dot\u00e9 de 20\u00a0millions d\u2019euros va \u00eatre port\u00e9 \u00e0\u00a060\u00a0millions d\u2019euros pour inciter \u00e0 la pratique du v\u00e9lo dans le cadre du d\u00e9confinement et \u00e9viter un report massif des transports en communs sur la voiture.<a href=\"https:\/\/www.velo-territoires.org\/wp-content\/uploads\/2020\/05\/2020-05-20-Bulletin_Velo_Deconfinement_1.pdf\"><\/a><\/p>\n","protected":false},"excerpt":{"rendered":"<p>Dans son premier\u00a0bulletin bimensuel de suivi de la fr\u00e9quentation cyclable du 20 mai 2020 l\u2019association \u00ab\u00a0V\u00e9lo &amp; territoires\u00a0\u00bb constate que l\u2019usage du v\u00e9lo a bondi de 44 % lors de la premi\u00e8re semaine de d\u00e9confinement. Ce bulletin s&rsquo;appuie sur 182 compteurs \u00e0 travers la France pour suivre l\u2019\u00e9volution de la pratique du v\u00e9lo comme outil [&hellip;]<\/p>\n","protected":false},"author":1,"featured_media":0,"comment_status":"closed","ping_status":"open","sticky":false,"template":"","format":"standard","meta":{"twitterCardType":"","cardImageID":0,"cardImage":"","cardTitle":"","cardDesc":"","cardImageAlt":"","cardPlayer":"","cardPlayerWidth":0,"cardPlayerHeight":0,"cardPlayerStream":"","cardPlayerCodec":"","footnotes":""},"categories":[62,11],"tags":[268,5,211,99],"class_list":["post-17365","post","type-post","status-publish","format-standard","hentry","category-le-rouge-le-vert-hebdo","category-politique-locale","tag-cycles","tag-deplacements","tag-modes-actifs","tag-sante"],"_links":{"self":[{"href":"https:\/\/www.ades-grenoble.org\/wordpress\/wp-json\/wp\/v2\/posts\/17365","targetHints":{"allow":["GET"]}}],"collection":[{"href":"https:\/\/www.ades-grenoble.org\/wordpress\/wp-json\/wp\/v2\/posts"}],"about":[{"href":"https:\/\/www.ades-grenoble.org\/wordpress\/wp-json\/wp\/v2\/types\/post"}],"author":[{"embeddable":true,"href":"https:\/\/www.ades-grenoble.org\/wordpress\/wp-json\/wp\/v2\/users\/1"}],"replies":[{"embeddable":true,"href":"https:\/\/www.ades-grenoble.org\/wordpress\/wp-json\/wp\/v2\/comments?post=17365"}],"version-history":[{"count":1,"href":"https:\/\/www.ades-grenoble.org\/wordpress\/wp-json\/wp\/v2\/posts\/17365\/revisions"}],"predecessor-version":[{"id":17367,"href":"https:\/\/www.ades-grenoble.org\/wordpress\/wp-json\/wp\/v2\/posts\/17365\/revisions\/17367"}],"wp:attachment":[{"href":"https:\/\/www.ades-grenoble.org\/wordpress\/wp-json\/wp\/v2\/media?parent=17365"}],"wp:term":[{"taxonomy":"category","embeddable":true,"href":"https:\/\/www.ades-grenoble.org\/wordpress\/wp-json\/wp\/v2\/categories?post=17365"},{"taxonomy":"post_tag","embeddable":true,"href":"https:\/\/www.ades-grenoble.org\/wordpress\/wp-json\/wp\/v2\/tags?post=17365"}],"curies":[{"name":"wp","href":"https:\/\/api.w.org\/{rel}","templated":true}]}}