{"id":17382,"date":"2020-05-29T12:23:07","date_gmt":"2020-05-29T10:23:07","guid":{"rendered":"https:\/\/www.ades-grenoble.org\/wordpress\/?p=17382"},"modified":"2020-05-29T13:28:46","modified_gmt":"2020-05-29T11:28:46","slug":"un-gouvernement-vraiment-a-droite-droite","status":"publish","type":"post","link":"https:\/\/www.ades-grenoble.org\/wordpress\/2020\/05\/29\/un-gouvernement-vraiment-a-droite-droite\/","title":{"rendered":"Un gouvernement vraiment \u00e0 droite, droite"},"content":{"rendered":"\n<div class=\"wp-block-image\"><figure class=\"alignleft\"><img loading=\"lazy\" decoding=\"async\" width=\"150\" height=\"138\" src=\"https:\/\/www.ades-grenoble.org\/wordpress\/wp-content\/uploads\/2017\/06\/solidarite.jpg\" alt=\"\" class=\"wp-image-13137\"\/><\/figure><\/div>\n\n\n\n<p>L\u2019agriculteur militant C\u00e9dric Herrou vivant pr\u00e8s de la\nfronti\u00e8re franco-italienne avait \u00e9t\u00e9 relax\u00e9 le 13 mai 2020 par la Cour d\u2019appel\nde Lyon, compos\u00e9e de magistrats.<\/p>\n\n\n\n<p><strong>Mais cela n\u2019a pas plu au\ngouvernement et le parquet g\u00e9n\u00e9ral de Lyon, qui n\u2019est pas un magistrat mais un\norgane d\u00e9pendant du gouvernement par la ministre de la justice, se pourvoit en\ncassation contre la relaxe de C\u00e9dric Herrou pour aide humaniste aux migrants.<\/strong><\/p>\n\n\n\n<p><em>\u00ab&nbsp;Ce pourvoi rel\u00e8ve d\u2019un acharnement ridicule et\nconsternant&nbsp;\u00bb<\/em>, a comment\u00e9\nl\u2019avocate de M.&nbsp;Herrou, Sabrina Goldman, d\u00e9plorant <em>\u00ab&nbsp;tout ce\ntemps et tous ces moyens mis au service des poursuites contre C\u00e9dric Herrou par\nla justice&nbsp;\u00bb<\/em>.<\/p>\n\n\n\n<!--more-->\n\n\n\n<p>Le Conseil constitutionnel, avec deux questions\nprioritaires de constitutionnalit\u00e9 sur le <em>\u00ab&nbsp;d\u00e9lit de solidarit\u00e9&nbsp;\u00bb<\/em>,\npos\u00e9es par C\u00e9dric Herrou, avait consacr\u00e9 le \u00ab <em>Principe de fraternit\u00e9<\/em>\n\u00bb&nbsp;:<\/p>\n\n\n\n<p><em>\u00ab&nbsp;Une aide d\u00e9sint\u00e9ress\u00e9e aux migrants, qu\u2019elle\nsoit individuelle ou \u201cmilitante\u201d et organis\u00e9e, ne doit pas \u00eatre\npoursuivie&nbsp;\u00bb<\/em>, a d\u00e9cid\u00e9\nen&nbsp;2018 le Conseil Constitutionnel, en consid\u00e9rant <em>\u00ab&nbsp;la libert\u00e9\nd\u2019aider autrui, dans un but humanitaire, sans consid\u00e9ration de la r\u00e9gularit\u00e9 de\nson s\u00e9jour sur le territoire national&nbsp;\u00bb<\/em>.<\/p>\n\n\n\n<p>A la fin 2018, <a href=\"https:\/\/www.lemonde.fr\/police-justice\/article\/2018\/12\/12\/aide-aux-migrants-la-cour-de-cassation-annule-en-partie-la-condamnation-de-cedric-herrou_5396529_1653578.html\">la\nCour de cassation a retenu le <em>\u00ab&nbsp;principe\nde fraternit\u00e9&nbsp;\u00bb<\/em><\/a> pour annuler la condamnation de\nM.&nbsp;Herrou et ordonner un nouveau proc\u00e8s devant la cour d\u2019appel de Lyon.<\/p>\n\n\n\n<p>Mais la position adopt\u00e9e par les juges constitutionnels\net la plus haute instance judiciaire n\u2019a pas emp\u00each\u00e9 le gouvernement, par son\nparquet g\u00e9n\u00e9ral de Lyon, lors de l\u2019audience du 11&nbsp;mars, de r\u00e9clamer <em>\u00ab&nbsp;huit\n\u00e0 dix mois&nbsp;\u00bb<\/em> de prison avec sursis, soit la peine la plus lourde\njamais requise \u00e0 l\u2019encontre du pr\u00e9venu \u2013 huit seulement l\u2019avaient \u00e9t\u00e9\njusque-l\u00e0.\n\nLe 13&nbsp;mai 2020, M.&nbsp;Herrou avait finalement \u00e9t\u00e9 <em>\u00ab&nbsp;renvoy\u00e9\nde toutes les poursuites&nbsp;\u00bb<\/em> par la cour d\u2019appel de Lyon. Selon M<sup>e<\/sup>&nbsp;Goldman,\nil est <em>\u00ab&nbsp;tr\u00e8s rare&nbsp;\u00bb<\/em> que le parquet g\u00e9n\u00e9ral forme un pourvoi\ndevant la Cour de cassation, surtout dans une affaire o\u00f9 elle s\u2019est d\u00e9j\u00e0\nprononc\u00e9e apr\u00e8s saisine du Conseil constitutionnel.\n\n\n\n<\/p>\n","protected":false},"excerpt":{"rendered":"<p>L\u2019agriculteur militant C\u00e9dric Herrou vivant pr\u00e8s de la fronti\u00e8re franco-italienne avait \u00e9t\u00e9 relax\u00e9 le 13 mai 2020 par la Cour d\u2019appel de Lyon, compos\u00e9e de magistrats. Mais cela n\u2019a pas plu au gouvernement et le parquet g\u00e9n\u00e9ral de Lyon, qui n\u2019est pas un magistrat mais un organe d\u00e9pendant du gouvernement par la ministre de la [&hellip;]<\/p>\n","protected":false},"author":1,"featured_media":0,"comment_status":"closed","ping_status":"open","sticky":false,"template":"","format":"standard","meta":{"twitterCardType":"","cardImageID":0,"cardImage":"","cardTitle":"","cardDesc":"","cardImageAlt":"","cardPlayer":"","cardPlayerWidth":0,"cardPlayerHeight":0,"cardPlayerStream":"","cardPlayerCodec":"","footnotes":""},"categories":[62,11],"tags":[259,192,243,12,182],"class_list":["post-17382","post","type-post","status-publish","format-standard","hentry","category-le-rouge-le-vert-hebdo","category-politique-locale","tag-constitution","tag-immigration","tag-justice","tag-mobilisations","tag-solidarite"],"_links":{"self":[{"href":"https:\/\/www.ades-grenoble.org\/wordpress\/wp-json\/wp\/v2\/posts\/17382","targetHints":{"allow":["GET"]}}],"collection":[{"href":"https:\/\/www.ades-grenoble.org\/wordpress\/wp-json\/wp\/v2\/posts"}],"about":[{"href":"https:\/\/www.ades-grenoble.org\/wordpress\/wp-json\/wp\/v2\/types\/post"}],"author":[{"embeddable":true,"href":"https:\/\/www.ades-grenoble.org\/wordpress\/wp-json\/wp\/v2\/users\/1"}],"replies":[{"embeddable":true,"href":"https:\/\/www.ades-grenoble.org\/wordpress\/wp-json\/wp\/v2\/comments?post=17382"}],"version-history":[{"count":1,"href":"https:\/\/www.ades-grenoble.org\/wordpress\/wp-json\/wp\/v2\/posts\/17382\/revisions"}],"predecessor-version":[{"id":17383,"href":"https:\/\/www.ades-grenoble.org\/wordpress\/wp-json\/wp\/v2\/posts\/17382\/revisions\/17383"}],"wp:attachment":[{"href":"https:\/\/www.ades-grenoble.org\/wordpress\/wp-json\/wp\/v2\/media?parent=17382"}],"wp:term":[{"taxonomy":"category","embeddable":true,"href":"https:\/\/www.ades-grenoble.org\/wordpress\/wp-json\/wp\/v2\/categories?post=17382"},{"taxonomy":"post_tag","embeddable":true,"href":"https:\/\/www.ades-grenoble.org\/wordpress\/wp-json\/wp\/v2\/tags?post=17382"}],"curies":[{"name":"wp","href":"https:\/\/api.w.org\/{rel}","templated":true}]}}