{"id":17417,"date":"2020-06-05T14:20:58","date_gmt":"2020-06-05T12:20:58","guid":{"rendered":"https:\/\/www.ades-grenoble.org\/wordpress\/?p=17417"},"modified":"2020-06-05T17:17:44","modified_gmt":"2020-06-05T15:17:44","slug":"lexploitation-des-centrales-nucleaires-manque-de-rigueur","status":"publish","type":"post","link":"https:\/\/www.ades-grenoble.org\/wordpress\/2020\/06\/05\/lexploitation-des-centrales-nucleaires-manque-de-rigueur\/","title":{"rendered":"L\u2019exploitation des centrales nucl\u00e9aires manque de rigueur"},"content":{"rendered":"\n<div class=\"wp-block-image\"><figure class=\"alignleft\"><img loading=\"lazy\" decoding=\"async\" width=\"196\" height=\"104\" src=\"https:\/\/www.ades-grenoble.org\/wordpress\/wp-content\/uploads\/2015\/02\/ASN.jpg\" alt=\"\" class=\"wp-image-9782\" srcset=\"https:\/\/www.ades-grenoble.org\/wordpress\/wp-content\/uploads\/2015\/02\/ASN.jpg 196w, https:\/\/www.ades-grenoble.org\/wordpress\/wp-content\/uploads\/2015\/02\/ASN-150x80.jpg 150w\" sizes=\"auto, (max-width: 196px) 100vw, 196px\" \/><\/figure><\/div>\n\n\n\n<p>Le pr\u00e9sident de l\u2019Autorit\u00e9 de\ns\u00fbret\u00e9 nucl\u00e9aire s\u2019inqui\u00e8te d\u2019un \u00ab&nbsp;<em>recul de la rigueur dans\nl\u2019exploitation des centrales&nbsp;<\/em>\u00bb.<\/p>\n\n\n\n<p>Nous sommes particuli\u00e8rement\nconcern\u00e9s \u00e0 Grenoble par les dangers li\u00e9s aux centrales nucl\u00e9aires de\nSaint-Alban-Saint-Maurice-l\u2019Exil (double saintet\u00e9&nbsp;!), Bugey (cobayes),\nstockage de d\u00e9chets de plutonium \u00e0 Creys-Malville (INB APEC), et le centre de\nrecherche ILL h\u00e9las situ\u00e9 en plein Grenoble. Heureusement le CEA du Polygone a\n\u00e9t\u00e9 d\u00e9nucl\u00e9aris\u00e9, et fort heureusement nous avons \u00e9vit\u00e9, non sans mal \u00e0\nl\u2019\u00e9poque, le projet Dubedout &#8211; Destot &#8211; CEA d\u2019une centrale nucl\u00e9aire Thermos en\npleine agglom\u00e9ration dans les ann\u00e9es soixante.<\/p>\n\n\n\n<p>Pour s\u2019informer sur les dysfonctionnements des installations nucl\u00e9aires de notre r\u00e9gion voir <a href=\"https:\/\/www.asn.fr\/Informer\/Actualites\/Rapport-de-l-ASN-sur-l-etat-de-la-surete-nucleaire-et-de-la-radioprotection-en-France-en-2019\" target=\"_blank\" rel=\"noreferrer noopener\" aria-label=\"ici (s\u2019ouvre dans un nouvel onglet)\">ici<\/a>.<\/p>\n","protected":false},"excerpt":{"rendered":"<p>Le pr\u00e9sident de l\u2019Autorit\u00e9 de s\u00fbret\u00e9 nucl\u00e9aire s\u2019inqui\u00e8te d\u2019un \u00ab&nbsp;recul de la rigueur dans l\u2019exploitation des centrales&nbsp;\u00bb. Nous sommes particuli\u00e8rement concern\u00e9s \u00e0 Grenoble par les dangers li\u00e9s aux centrales nucl\u00e9aires de Saint-Alban-Saint-Maurice-l\u2019Exil (double saintet\u00e9&nbsp;!), Bugey (cobayes), stockage de d\u00e9chets de plutonium \u00e0 Creys-Malville (INB APEC), et le centre de recherche ILL h\u00e9las situ\u00e9 en plein [&hellip;]<\/p>\n","protected":false},"author":1,"featured_media":0,"comment_status":"closed","ping_status":"open","sticky":false,"template":"","format":"standard","meta":{"twitterCardType":"","cardImageID":0,"cardImage":"","cardTitle":"","cardDesc":"","cardImageAlt":"","cardPlayer":"","cardPlayerWidth":0,"cardPlayerHeight":0,"cardPlayerStream":"","cardPlayerCodec":"","footnotes":""},"categories":[62,11],"tags":[64,118,76],"class_list":["post-17417","post","type-post","status-publish","format-standard","hentry","category-le-rouge-le-vert-hebdo","category-politique-locale","tag-nucleaire","tag-risques-majeurs","tag-securite"],"_links":{"self":[{"href":"https:\/\/www.ades-grenoble.org\/wordpress\/wp-json\/wp\/v2\/posts\/17417","targetHints":{"allow":["GET"]}}],"collection":[{"href":"https:\/\/www.ades-grenoble.org\/wordpress\/wp-json\/wp\/v2\/posts"}],"about":[{"href":"https:\/\/www.ades-grenoble.org\/wordpress\/wp-json\/wp\/v2\/types\/post"}],"author":[{"embeddable":true,"href":"https:\/\/www.ades-grenoble.org\/wordpress\/wp-json\/wp\/v2\/users\/1"}],"replies":[{"embeddable":true,"href":"https:\/\/www.ades-grenoble.org\/wordpress\/wp-json\/wp\/v2\/comments?post=17417"}],"version-history":[{"count":1,"href":"https:\/\/www.ades-grenoble.org\/wordpress\/wp-json\/wp\/v2\/posts\/17417\/revisions"}],"predecessor-version":[{"id":17418,"href":"https:\/\/www.ades-grenoble.org\/wordpress\/wp-json\/wp\/v2\/posts\/17417\/revisions\/17418"}],"wp:attachment":[{"href":"https:\/\/www.ades-grenoble.org\/wordpress\/wp-json\/wp\/v2\/media?parent=17417"}],"wp:term":[{"taxonomy":"category","embeddable":true,"href":"https:\/\/www.ades-grenoble.org\/wordpress\/wp-json\/wp\/v2\/categories?post=17417"},{"taxonomy":"post_tag","embeddable":true,"href":"https:\/\/www.ades-grenoble.org\/wordpress\/wp-json\/wp\/v2\/tags?post=17417"}],"curies":[{"name":"wp","href":"https:\/\/api.w.org\/{rel}","templated":true}]}}