{"id":17461,"date":"2020-06-12T14:19:45","date_gmt":"2020-06-12T12:19:45","guid":{"rendered":"https:\/\/www.ades-grenoble.org\/wordpress\/?p=17461"},"modified":"2020-06-12T14:50:23","modified_gmt":"2020-06-12T12:50:23","slug":"elections-municipales-avis-du-conseil-scientifique-du-8-juin-2020","status":"publish","type":"post","link":"https:\/\/www.ades-grenoble.org\/wordpress\/2020\/06\/12\/elections-municipales-avis-du-conseil-scientifique-du-8-juin-2020\/","title":{"rendered":"Elections municipales : avis du Conseil scientifique du 8 juin 2020"},"content":{"rendered":"\n<div class=\"wp-block-image\"><figure class=\"alignleft\"><img loading=\"lazy\" decoding=\"async\" width=\"350\" height=\"189\" src=\"https:\/\/www.ades-grenoble.org\/wordpress\/wp-content\/uploads\/2019\/02\/cartes-electorales.jpg\" alt=\"\" class=\"wp-image-15305\" srcset=\"https:\/\/www.ades-grenoble.org\/wordpress\/wp-content\/uploads\/2019\/02\/cartes-electorales.jpg 350w, https:\/\/www.ades-grenoble.org\/wordpress\/wp-content\/uploads\/2019\/02\/cartes-electorales-150x81.jpg 150w, https:\/\/www.ades-grenoble.org\/wordpress\/wp-content\/uploads\/2019\/02\/cartes-electorales-300x162.jpg 300w\" sizes=\"auto, (max-width: 350px) 100vw, 350px\" \/><\/figure><\/div>\n\n\n\n<p>L\u2019am\u00e9lioration de la situation en France se poursuit et tout se pr\u00e9pare pour que le 2<sup>\u00e8me<\/sup> tour des \u00e9lections municipales se passe le 28 juin dans de bonnes conditions et que les communes et les intercommunalit\u00e9s puissent trouver un fonctionnement politique plus normal. Le gouvernement pr\u00e9pare une fin de l\u2019\u00e9tat d\u2019urgence sanitaire autour du 10 juillet, mais il est probable que certaines restrictions aux libert\u00e9s soient maintenues comme cela se passe \u00e0 chaque fin d\u2019\u00e9tat d\u2019urgence et les libert\u00e9s publiques et individuelles restent toujours plus ou moins impact\u00e9es. Le gouvernement a annonc\u00e9 une organisation possible du second tour des \u00e9lections municipales le 28 juin 2020 et a demand\u00e9 au Conseil scientifique une analyse de la situation \u00e9pid\u00e9miologique avant le scrutin. <\/p>\n\n\n\n<p>Le gouvernement a saisi le\nConseil scientifique pour qu\u2019il se prononce \u00e0 deux reprises, les 8 juin et 14\njuin, sur l\u2019\u00e9tat de l&rsquo;\u00e9pid\u00e9mie et sur les risques sanitaires attach\u00e9s \u00e0 la\ntenue du second tour, \u00e0 cette date.<\/p>\n\n\n\n<!--more-->\n\n\n\n<p>Conclusions de <a href=\"https:\/\/solidarites-sante.gouv.fr\/IMG\/pdf\/avis_conseil_scientifique_8_juin_2020.pdf\" target=\"_blank\" rel=\"noreferrer noopener\" aria-label=\"l\u2019avis du 8 juin (s\u2019ouvre dans un nouvel onglet)\">l\u2019avis du 8 juin<\/a>\u00a0:<\/p>\n\n\n\n<p><em>1. En France\nm\u00e9tropolitaine, consid\u00e9rant les \u00e9l\u00e9ments relatifs \u00e0 la situation\n\u00e9pid\u00e9miologique ainsi que les risques associ\u00e9s \u00e0 la tenue du second tour des\n\u00e9lections municipales, le Conseil scientifique estime ne pas avoir \u00e0 apporter\nd\u2019\u00e9l\u00e9ments de nature \u00e0 modifier substantiellement l\u2019avis qu\u2019il a rendu le 18\nmai 2020. Il appartient aux autorit\u00e9s publiques de choisir les dispositions\nqu\u2019elles d\u00e9cident de mettre en \u0153uvre dans ce contexte. <\/em><\/p>\n\n\n\n<p><em>2. Concernant plus\nsp\u00e9cifiquement la situation \u00e0 Mayotte et en Guyane, le Conseil scientifique\nattire l\u2019attention des autorit\u00e9s publique sur l\u2019importance des risques\nparticuli\u00e8rement \u00e9lev\u00e9s associ\u00e9s \u00e0 la campagne \u00e9lectorale qui pr\u00e9c\u00e9derait le\nscrutin. Il appartient de m\u00eame aux autorit\u00e9s publiques de choisir les\ndispositions qu\u2019elles d\u00e9cident de mettre en \u0153uvre dans ces territoires. <\/em><\/p>\n\n\n\n<p><em>3. Le Conseil scientifique produira une nouvelle analyse le 14 juin 2020, soit 15 jours avant la date pr\u00e9vue du scrutin<\/em><a href=\"https:\/\/solidarites-sante.gouv.fr\/IMG\/pdf\/avis_conseil_scientifique_8_juin_2020.pdf\"><\/a><\/p>\n","protected":false},"excerpt":{"rendered":"<p>L\u2019am\u00e9lioration de la situation en France se poursuit et tout se pr\u00e9pare pour que le 2\u00e8me tour des \u00e9lections municipales se passe le 28 juin dans de bonnes conditions et que les communes et les intercommunalit\u00e9s puissent trouver un fonctionnement politique plus normal. Le gouvernement pr\u00e9pare une fin de l\u2019\u00e9tat d\u2019urgence sanitaire autour du 10 [&hellip;]<\/p>\n","protected":false},"author":1,"featured_media":0,"comment_status":"closed","ping_status":"open","sticky":false,"template":"","format":"standard","meta":{"twitterCardType":"","cardImageID":0,"cardImage":"","cardTitle":"","cardDesc":"","cardImageAlt":"","cardPlayer":"","cardPlayerWidth":0,"cardPlayerHeight":0,"cardPlayerStream":"","cardPlayerCodec":"","footnotes":""},"categories":[62,11],"tags":[140,327,99],"class_list":["post-17461","post","type-post","status-publish","format-standard","hentry","category-le-rouge-le-vert-hebdo","category-politique-locale","tag-elections","tag-municipales-2020","tag-sante"],"_links":{"self":[{"href":"https:\/\/www.ades-grenoble.org\/wordpress\/wp-json\/wp\/v2\/posts\/17461","targetHints":{"allow":["GET"]}}],"collection":[{"href":"https:\/\/www.ades-grenoble.org\/wordpress\/wp-json\/wp\/v2\/posts"}],"about":[{"href":"https:\/\/www.ades-grenoble.org\/wordpress\/wp-json\/wp\/v2\/types\/post"}],"author":[{"embeddable":true,"href":"https:\/\/www.ades-grenoble.org\/wordpress\/wp-json\/wp\/v2\/users\/1"}],"replies":[{"embeddable":true,"href":"https:\/\/www.ades-grenoble.org\/wordpress\/wp-json\/wp\/v2\/comments?post=17461"}],"version-history":[{"count":2,"href":"https:\/\/www.ades-grenoble.org\/wordpress\/wp-json\/wp\/v2\/posts\/17461\/revisions"}],"predecessor-version":[{"id":17463,"href":"https:\/\/www.ades-grenoble.org\/wordpress\/wp-json\/wp\/v2\/posts\/17461\/revisions\/17463"}],"wp:attachment":[{"href":"https:\/\/www.ades-grenoble.org\/wordpress\/wp-json\/wp\/v2\/media?parent=17461"}],"wp:term":[{"taxonomy":"category","embeddable":true,"href":"https:\/\/www.ades-grenoble.org\/wordpress\/wp-json\/wp\/v2\/categories?post=17461"},{"taxonomy":"post_tag","embeddable":true,"href":"https:\/\/www.ades-grenoble.org\/wordpress\/wp-json\/wp\/v2\/tags?post=17461"}],"curies":[{"name":"wp","href":"https:\/\/api.w.org\/{rel}","templated":true}]}}