{"id":17475,"date":"2020-06-12T14:44:25","date_gmt":"2020-06-12T12:44:25","guid":{"rendered":"https:\/\/www.ades-grenoble.org\/wordpress\/?p=17475"},"modified":"2020-06-12T14:50:54","modified_gmt":"2020-06-12T12:50:54","slug":"election-municipale-a-grenoble-le-28-juin-2020","status":"publish","type":"post","link":"https:\/\/www.ades-grenoble.org\/wordpress\/2020\/06\/12\/election-municipale-a-grenoble-le-28-juin-2020\/","title":{"rendered":"\u00c9lection municipale \u00e0 Grenoble le 28 juin 2020"},"content":{"rendered":"\n<div class=\"wp-block-image\"><figure class=\"alignleft\"><img loading=\"lazy\" decoding=\"async\" width=\"400\" height=\"173\" src=\"https:\/\/www.ades-grenoble.org\/wordpress\/wp-content\/uploads\/2019\/12\/grenoble-en-commun.jpg\" alt=\"\" class=\"wp-image-16604\" srcset=\"https:\/\/www.ades-grenoble.org\/wordpress\/wp-content\/uploads\/2019\/12\/grenoble-en-commun.jpg 400w, https:\/\/www.ades-grenoble.org\/wordpress\/wp-content\/uploads\/2019\/12\/grenoble-en-commun-150x65.jpg 150w, https:\/\/www.ades-grenoble.org\/wordpress\/wp-content\/uploads\/2019\/12\/grenoble-en-commun-300x130.jpg 300w\" sizes=\"auto, (max-width: 400px) 100vw, 400px\" \/><\/figure><\/div>\n\n\n\n<p>Grenoble en commun, la liste\nmen\u00e9e par Eric Piolle, qui a fait presque 47% des votants le 15 mars lors du\npremier tour, lance un appel \u00e0 participer \u00e0 l\u2019enrichissement de ses propositions\npour tenir compte de la nouvelle situation sanitaire et sociale. Rappelons que\ncette liste est soutenue par les organisations et mouvements politiques suivants&nbsp;:\nEELV, La France Insoumise, Place publique, ADES, G\u00e9n\u00e9ration\u2019s, PCF, R\u00e9seau\ncitoyen de Grenoble, Parti de Gauche, Nouvelle Donne, Parti animaliste,\nEnsemble !, G\u00e9n\u00e9ration \u00e9cologie, Alliance \u00e9cologiste ind\u00e9pendante et des\nmilitants socialistes.<\/p>\n\n\n\n<!--more-->\n\n\n\n<p><em>\u00ab&nbsp;Les villes sont en\npremi\u00e8re ligne des&nbsp;transitions&nbsp;: l\u2019\u00e9pid\u00e9mie de COVID19 en cours\nconfirme cette v\u00e9rit\u00e9 formul\u00e9e par la COP21, d\u00e8s 2015.&nbsp;Crise\nsanitaire, climatique, sociale, \u00e9conomique, d\u00e9mocratique&nbsp;: \u00e0 chaque\nfois, les plus vuln\u00e9rables d\u2019entre nous sont touch\u00e9-es en premier. Au contact\ndes habitant-es et de la vie au quotidien, les villes sont une bonne \u00e9chelle\npour&nbsp;porter de nouvelles protections et amplifier les transitions, dans\ntous les domaines.<\/em><\/p>\n\n\n\n<p><em>Au-del\u00e0 de l\u2019inertie\nclimatique et sociale du gouvernement, ici, ensemble, nous avons la volont\u00e9\nde&nbsp;faire vivre une ville et une m\u00e9tropole&nbsp;robustes, solidaires,\naccueillantes. Une ville qui anticipe et qui n\u2019attend pas les drames pour se\ntransformer. L\u2019\u00e9pisode douloureux du confinement a rappel\u00e9 que, oui, les\nservices publics sont des outils indispensables au bien vivre, \u00e0 la justice sociale\net environnementale :&nbsp;merci \u00e0 celles et ceux qui les font vivre toute\nl\u2019ann\u00e9e !<\/em><\/p>\n\n\n\n<p><em>Alors que l\u2019urgence\nsanitaire vient s\u2019ajouter \u00e0 la crise climatique en cours, d\u00e9j\u00e0 une crise\nsociale de grande ampleur se profile : augmentation violente du ch\u00f4mage,\nbaisse des revenus pour de nombreux m\u00e9nages qui ne peuvent plus subvenir \u00e0\nleurs besoins essentiels (sant\u00e9, logement, alimentation, \u00e9ducation\u2026 ), baisse\ndes ressources des collectivit\u00e9s\u2026<\/em><\/p>\n\n\n\n<p><em>\u00ab Grenoble en Commun \u00bb,\nlarge rassemblement&nbsp;des citoyen-nes, de gauche, \u00e9cologistes, f\u00e9ministes,\nanimalistes, en un mot&nbsp;humanistes, r\u00e9ouvre \u00e0 votre disposition\nl\u2019\u00e9criture du projet pour Grenoble. Ecrit \u00e0 mille mains pendant des mois,\nvous avez la libert\u00e9 de l\u2019enrichir pendant plusieurs semaines. R\u00e9pondre aux\nurgences et pr\u00e9parer l\u2019avenir : deux d\u00e9fis \u00e0 mener en commun !<\/em><\/p>\n\n\n\n<p><em>Le&nbsp;15 mars dernier,\nlors du 1er tour de l\u2019\u00e9lection municipale,&nbsp;46,6%&nbsp;d\u2019entre vous ont\nsoutenu le projet de transitions autour d\u2019Eric Piolle, pour l\u2019avenir de\nGrenoble, pour l\u2019\u00e9galit\u00e9 et les services publics, pour tourner le dos au\nretour de la corruption qui a sali notre ville par le pass\u00e9 et refuser les\nsoutiens \u00e0 la politique gouvernementale qui a affaibli nos biens communs\nessentiels et augment\u00e9 les in\u00e9galit\u00e9s.<\/em><\/p>\n\n\n\n<p><em>Grenobloises, Grenoblois,\nnous sommes \u00e0 un tournant de notre histoire : ensemble, restons fid\u00e8les \u00e0 ce\nqui est essentiel pour nous et pour nos proches. Nous avons un&nbsp;monde\nnouveau \u00e0 inventer. Aujourd\u2019hui amplifions la mobilisation autour des belles\nvaleurs de Grenoble : elles sont une chance pour garantir toutes nos\ns\u00e9curit\u00e9s face aux crises, pour&nbsp;prot\u00e9ger nos biens communs et cultiver\nnotre \u00e9mancipation.&nbsp;Ici, c\u2019est Grenoble !&nbsp;\u00bb<\/em><\/p>\n\n\n\n<p> Pour participer \u00e0 la Fabrique en ligne, aux universit\u00e9s populaires ou au caf\u00e9 philo, c&rsquo;est <a rel=\"noreferrer noopener\" aria-label=\"ici (s\u2019ouvre dans un nouvel onglet)\" href=\"https:\/\/www.grenobleencommun.fr\/\" target=\"_blank\">ici<\/a>.  Et pour faire un don pour aider au financement de la campagne \u00e9lectorale (avec une d\u00e9duction fiscale de 66%) aller <a href=\"https:\/\/www.grenobleencommun.fr\/wp-content\/uploads\/2020\/01\/AppelDOnV3.pdf\" target=\"_blank\" rel=\"noreferrer noopener\" aria-label=\"l\u00e0 (s\u2019ouvre dans un nouvel onglet)\">l\u00e0<\/a>. <\/p>\n","protected":false},"excerpt":{"rendered":"<p>Grenoble en commun, la liste men\u00e9e par Eric Piolle, qui a fait presque 47% des votants le 15 mars lors du premier tour, lance un appel \u00e0 participer \u00e0 l\u2019enrichissement de ses propositions pour tenir compte de la nouvelle situation sanitaire et sociale. Rappelons que cette liste est soutenue par les organisations et mouvements politiques [&hellip;]<\/p>\n","protected":false},"author":1,"featured_media":0,"comment_status":"closed","ping_status":"open","sticky":false,"template":"","format":"standard","meta":{"twitterCardType":"","cardImageID":0,"cardImage":"","cardTitle":"","cardDesc":"","cardImageAlt":"","cardPlayer":"","cardPlayerWidth":0,"cardPlayerHeight":0,"cardPlayerStream":"","cardPlayerCodec":"","footnotes":""},"categories":[62,11],"tags":[140,333,327],"class_list":["post-17475","post","type-post","status-publish","format-standard","hentry","category-le-rouge-le-vert-hebdo","category-politique-locale","tag-elections","tag-grenoble-en-commun","tag-municipales-2020"],"_links":{"self":[{"href":"https:\/\/www.ades-grenoble.org\/wordpress\/wp-json\/wp\/v2\/posts\/17475","targetHints":{"allow":["GET"]}}],"collection":[{"href":"https:\/\/www.ades-grenoble.org\/wordpress\/wp-json\/wp\/v2\/posts"}],"about":[{"href":"https:\/\/www.ades-grenoble.org\/wordpress\/wp-json\/wp\/v2\/types\/post"}],"author":[{"embeddable":true,"href":"https:\/\/www.ades-grenoble.org\/wordpress\/wp-json\/wp\/v2\/users\/1"}],"replies":[{"embeddable":true,"href":"https:\/\/www.ades-grenoble.org\/wordpress\/wp-json\/wp\/v2\/comments?post=17475"}],"version-history":[{"count":1,"href":"https:\/\/www.ades-grenoble.org\/wordpress\/wp-json\/wp\/v2\/posts\/17475\/revisions"}],"predecessor-version":[{"id":17476,"href":"https:\/\/www.ades-grenoble.org\/wordpress\/wp-json\/wp\/v2\/posts\/17475\/revisions\/17476"}],"wp:attachment":[{"href":"https:\/\/www.ades-grenoble.org\/wordpress\/wp-json\/wp\/v2\/media?parent=17475"}],"wp:term":[{"taxonomy":"category","embeddable":true,"href":"https:\/\/www.ades-grenoble.org\/wordpress\/wp-json\/wp\/v2\/categories?post=17475"},{"taxonomy":"post_tag","embeddable":true,"href":"https:\/\/www.ades-grenoble.org\/wordpress\/wp-json\/wp\/v2\/tags?post=17475"}],"curies":[{"name":"wp","href":"https:\/\/api.w.org\/{rel}","templated":true}]}}