{"id":17501,"date":"2020-06-19T14:43:56","date_gmt":"2020-06-19T12:43:56","guid":{"rendered":"https:\/\/www.ades-grenoble.org\/wordpress\/?p=17501"},"modified":"2020-06-19T15:10:13","modified_gmt":"2020-06-19T13:10:13","slug":"letat-refuse-de-communiquer-ses-commandes-de-masques","status":"publish","type":"post","link":"https:\/\/www.ades-grenoble.org\/wordpress\/2020\/06\/19\/letat-refuse-de-communiquer-ses-commandes-de-masques\/","title":{"rendered":"L\u2019Etat refuse de communiquer ses commandes de masques !"},"content":{"rendered":"\n<div class=\"wp-block-image\"><figure class=\"alignleft\"><img loading=\"lazy\" decoding=\"async\" width=\"291\" height=\"173\" src=\"https:\/\/www.ades-grenoble.org\/wordpress\/wp-content\/uploads\/2015\/04\/logo-mediapart.jpg\" alt=\"\" class=\"wp-image-10028\" srcset=\"https:\/\/www.ades-grenoble.org\/wordpress\/wp-content\/uploads\/2015\/04\/logo-mediapart.jpg 291w, https:\/\/www.ades-grenoble.org\/wordpress\/wp-content\/uploads\/2015\/04\/logo-mediapart-150x89.jpg 150w\" sizes=\"auto, (max-width: 291px) 100vw, 291px\" \/><\/figure><\/div>\n\n\n\n<p>Le 9 avril 2020, des journalistes de <em>M\u00e9diapart<\/em> demandent \u00e0 Sant\u00e9 publique France (SPF) la communication de tous les contrats pass\u00e9s par SPF depuis le 1<sup>er<\/sup>\u00a0mars 2020\u00a0avec ses fournisseurs officiels, \u00e0 savoir les entreprises Segetex-EIF, Aden Services, Fosun et BYD. <\/p>\n\n\n\n<p>Sant\u00e9 publique France a r\u00e9pondu par courriel,\nlundi 5&nbsp;juin, en rejetant leur demande&nbsp;:&nbsp;<em>\u00ab&nbsp;Les contrats\nd\u2019achats de masques sont confidentiels car ils rel\u00e8vent du secret des affaires,\nnous ne sommes pas en mesure de transmettre de tels documents&nbsp;\u00bb<\/em>.<\/p>\n\n\n\n<p>Ces \u00e9l\u00e9ments permettraient de savoir quand SPF\na pass\u00e9 commande et pour quelles quantit\u00e9s&nbsp;? M\u00eame ces informations ne\nfigurent pas dans les \u00e9l\u00e9ments publi\u00e9s pour l\u2019instant par la mission\nd\u2019information de l\u2019Assembl\u00e9e nationale sur la gestion de la crise sanitaire.<\/p>\n\n\n\n<!--more-->\n\n\n\n<p>Devant ce refus, le 12 juin, M\u00e9diapart a\nsollicit\u00e9 un avis de la Commission d\u2019acc\u00e8s aux documents administratifs (Cada)\nconform\u00e9ment au Code des relations ente le public et l\u2019administration. <\/p>\n\n\n\n<p><em>\u00ab&nbsp;L\u2019opacit\u00e9\nqui entoure la gestion de la crise sanitaire reste intacte. L\u2019agence Sant\u00e9\npublique France (SPF), sous la tutelle du minist\u00e8re de la sant\u00e9, a refus\u00e9,\nvendredi 5&nbsp;juin, de communiquer \u00e0 Mediapart une copie des contrats de\nmasques chirurgicaux et FFP2 pass\u00e9s aupr\u00e8s de ses fournisseurs chinois. Pour\nmotiver son refus, SPF estime que ces documents doivent\nrester&nbsp;\u00ab&nbsp;confidentiels&nbsp;\u00bb&nbsp;car ils rel\u00e8vent, selon elle, du&nbsp;\u00ab&nbsp;secret\ndes affaires&nbsp;\u00bb. Une d\u00e9cision que nous contestons&nbsp;:&nbsp;nous avons\nsaisi, le 12&nbsp;juin, la Commission d\u2019acc\u00e8s aux documents administratifs\n(Cada), au nom de la n\u00e9cessaire transparence sur la politique de sant\u00e9\npublique.<\/em><\/p>\n\n\n\n<p><em>Introduite\ndans le droit fran\u00e7ais en 2018, la loi sur le secret des affaires n\u2019avait pour\nautre objectif, selon la ministre de la justice Nicole Belloubet, que\nde&nbsp;\u00ab&nbsp;prot\u00e9ger les entreprises contre le pillage d\u2019innovations, lutter\ncontre la concurrence d\u00e9loyale&nbsp;\u00bb. Mais, comme le d\u00e9non\u00e7aient \u00e0 l\u2019\u00e9poque\nassociations, syndicats et soci\u00e9t\u00e9s de journalistes&nbsp;(lire&nbsp;<a href=\"https:\/\/www.mediapart.fr\/journal\/france\/240518\/secret-des-affaires-un-peril-democratique-imminent?onglet=full\">ici<\/a>&nbsp;le\nparti pris de Mediapart), son application met aujourd\u2019hui directement en cause\nle droit de savoir des citoyens.<\/em><\/p>\n\n\n\n<p><em>En l\u2019occurrence, notre demande concerne les contrats pass\u00e9s\u00a0avec les entreprises Segetex-EIF, Fosun, BYD et Aden Services, fournisseurs de l\u2019\u00c9tat dans le cadre de la crise sanitaire. Cette demande remplit un objectif simple\u00a0: savoir, de mani\u00e8re pr\u00e9cise et factuelle, comment les autorit\u00e9s se sont organis\u00e9es pour r\u00e9pondre \u00e0 la p\u00e9nurie de masques qui a touch\u00e9 la France, \u00e0 commencer par le personnel soignant, lequel a pay\u00e9 cher les cons\u00e9quences de cette incurie\u2026\u00a0\u00bb.<\/em><\/p>\n\n\n\n<p>Pour lire l&rsquo;article de M\u00e9diapart cliquer <a rel=\"noreferrer noopener\" aria-label=\"ici (s\u2019ouvre dans un nouvel onglet)\" href=\"https:\/\/www.mediapart.fr\/journal\/france\/150620\/secret-des-affaires-l-etat-refuse-de-communiquer-ses-commandes-de-masques\" target=\"_blank\">ici<\/a>.<a href=\"https:\/\/www.mediapart.fr\/journal\/france\/150620\/secret-des-affaires-l-etat-refuse-de-communiquer-ses-commandes-de-masques\"><\/a><\/p>\n","protected":false},"excerpt":{"rendered":"<p>Le 9 avril 2020, des journalistes de M\u00e9diapart demandent \u00e0 Sant\u00e9 publique France (SPF) la communication de tous les contrats pass\u00e9s par SPF depuis le 1er\u00a0mars 2020\u00a0avec ses fournisseurs officiels, \u00e0 savoir les entreprises Segetex-EIF, Aden Services, Fosun et BYD. Sant\u00e9 publique France a r\u00e9pondu par courriel, lundi 5&nbsp;juin, en rejetant leur demande&nbsp;:&nbsp;\u00ab&nbsp;Les contrats d\u2019achats [&hellip;]<\/p>\n","protected":false},"author":1,"featured_media":0,"comment_status":"closed","ping_status":"open","sticky":false,"template":"","format":"standard","meta":{"twitterCardType":"","cardImageID":0,"cardImage":"","cardTitle":"","cardDesc":"","cardImageAlt":"","cardPlayer":"","cardPlayerWidth":0,"cardPlayerHeight":0,"cardPlayerStream":"","cardPlayerCodec":"","footnotes":""},"categories":[62,11],"tags":[206,196,179,99],"class_list":["post-17501","post","type-post","status-publish","format-standard","hentry","category-le-rouge-le-vert-hebdo","category-politique-locale","tag-droit","tag-etat","tag-presse","tag-sante"],"_links":{"self":[{"href":"https:\/\/www.ades-grenoble.org\/wordpress\/wp-json\/wp\/v2\/posts\/17501","targetHints":{"allow":["GET"]}}],"collection":[{"href":"https:\/\/www.ades-grenoble.org\/wordpress\/wp-json\/wp\/v2\/posts"}],"about":[{"href":"https:\/\/www.ades-grenoble.org\/wordpress\/wp-json\/wp\/v2\/types\/post"}],"author":[{"embeddable":true,"href":"https:\/\/www.ades-grenoble.org\/wordpress\/wp-json\/wp\/v2\/users\/1"}],"replies":[{"embeddable":true,"href":"https:\/\/www.ades-grenoble.org\/wordpress\/wp-json\/wp\/v2\/comments?post=17501"}],"version-history":[{"count":1,"href":"https:\/\/www.ades-grenoble.org\/wordpress\/wp-json\/wp\/v2\/posts\/17501\/revisions"}],"predecessor-version":[{"id":17502,"href":"https:\/\/www.ades-grenoble.org\/wordpress\/wp-json\/wp\/v2\/posts\/17501\/revisions\/17502"}],"wp:attachment":[{"href":"https:\/\/www.ades-grenoble.org\/wordpress\/wp-json\/wp\/v2\/media?parent=17501"}],"wp:term":[{"taxonomy":"category","embeddable":true,"href":"https:\/\/www.ades-grenoble.org\/wordpress\/wp-json\/wp\/v2\/categories?post=17501"},{"taxonomy":"post_tag","embeddable":true,"href":"https:\/\/www.ades-grenoble.org\/wordpress\/wp-json\/wp\/v2\/tags?post=17501"}],"curies":[{"name":"wp","href":"https:\/\/api.w.org\/{rel}","templated":true}]}}